{"id":45734,"date":"2023-07-03T07:33:10","date_gmt":"2023-07-03T13:33:10","guid":{"rendered":"https:\/\/diarioavanzada.com.mx\/?p=45734"},"modified":"2023-07-03T07:33:15","modified_gmt":"2023-07-03T13:33:15","slug":"espinas-presidenciales-ii","status":"publish","type":"post","link":"https:\/\/diarioavanzada.com.mx\/?p=45734","title":{"rendered":"Espinas presidenciales II"},"content":{"rendered":"\n<p class=\"wp-block-paragraph\">Columna<\/p>\n\n\n\n<p class=\"wp-block-paragraph\">El puercoesp\u00edn&nbsp;<\/p>\n\n\n\n<p class=\"wp-block-paragraph\">Segunda semana de las corcholatas:<\/p>\n\n\n\n<p class=\"wp-block-paragraph\"><strong>Espina Claudia<\/strong>.- Sigui\u00f3 fiel a su papel de la corcholata favorita y plenamente apoyada por todo el aparato gubernamental en Colima, y yo presumo, que as\u00ed ocurri\u00f3 en todo el pa\u00eds, algunos funcionarios p\u00fablicos renunciaron a sus puestos para dedicarse plenamente a la campa\u00f1a de la corcholata m\u00e1s querida en Palacio.&nbsp;<\/p>\n\n\n\n<p class=\"wp-block-paragraph\">El presidente de Morena, Julio Le\u00f3n, pidi\u00f3 licencia temporal al partido para integrarse de lleno, obvio, no sin haber dejado antes todo planchado en el partido al poner al frente a Dulce Huerta, otro miembro de la <em>Mafia de las amiguis<\/em>, que antes ocup\u00f3 la Secretar\u00eda del Bienestar, Inclusi\u00f3n Social y Mujeres, adem\u00e1s Vladimir Parra renunci\u00f3 a la Ciapacov y con ello cierran la pinza para apoyar plenamente a su corcholata. No olvidemos que la delegada de la Secretar\u00eda del Bienestar, Viri Valencia, ya convirti\u00f3 la delegaci\u00f3n en promotor\u00eda de la campa\u00f1a de Claudia y en la caja chica de la primera familia colimense y, con ello, est\u00e1n asegurando el financiamiento de todos sus operadores pol\u00edticos.<\/p>\n\n\n\n<p class=\"wp-block-paragraph\"><strong>Espina Carnal<\/strong>.- El canciller sigue fiel a su estilo de campa\u00f1a y contin\u00faa produciendo videos para posicionarse en las redes y llegar al electorado m\u00e1s universal en la amplia gama del obradorismo. Tambi\u00e9n se subi\u00f3 al carro de la propuesta de Ad\u00e1n A. Hern\u00e1ndez L\u00f3pez de transparentar los gastos.<\/p>\n\n\n\n<p class=\"wp-block-paragraph\">\u00c9l report\u00f3 que a lo largo de sus primeros d\u00edas, los gastos son estos: <strong>280 mil 989 pesos.<\/strong>&nbsp;Evento de arranque del 19 de junio: 192 mil 212 pesos. Comida en Nikos: 2 mil 500 pesos. Traslado terrestre en camioneta h\u00edbrida: mil 100 pesos.<\/p>\n\n\n\n<p class=\"wp-block-paragraph\"><strong>Espina Monreal.- <\/strong>Fiel a su coraz\u00f3n priista<strong>, <\/strong>y todo su ser, ya dio la clave de los porqu\u00e9s de su candidatura.<\/p>\n\n\n\n<p class=\"wp-block-paragraph\">En Zacatecas Jos\u00e9 Narro C\u00e9spedes declar\u00f3 que va por la reelecci\u00f3n en la senadur\u00eda, pero el m\u00e1s chico de los Monreal, Sa\u00fal Monreal \u00c1vila, levant\u00f3 la mano y dijo \u201cyo quiero ser senador, pues en las pasadas elecciones yo fui ganador de las encuestas, pero le ced\u00ed el lugar a Narro C\u00e9spedes\u201d. En pocas palabras est\u00e1 diciendo que ya le toca.<\/p>\n\n\n\n<p class=\"wp-block-paragraph\">Todo indica que Ricardo negoci\u00f3 la candidatura para su hermano y no hacerla de tos y mantener la unidad.&nbsp; &nbsp;<\/p>\n\n\n\n<p class=\"wp-block-paragraph\">Fiel a su espejo priista Ricardo Monreal demostr\u00f3 que, ante todo, el hueso es primero.&nbsp;<\/p>\n\n\n\n<p class=\"wp-block-paragraph\"><strong>Espina Noro\u00f1a<\/strong>.- Gerardo Fern\u00e1ndez Noro\u00f1a est\u00e1 metido en una campa\u00f1a por tierra y fiel a su estilo present\u00f3 el <strong><em>Noro\u00f1a Bus,<\/em><\/strong> una combi convertida en una librer\u00eda rodante, que el mismo report\u00f3 que la librer\u00eda m\u00f3vil tuvo un costo de 656 mil pesos. Con dicho veh\u00edculo pretende comercializar diversos art\u00edculos como playeras, gorras y peluches.&nbsp;<\/p>\n\n\n\n<p class=\"wp-block-paragraph\">Y en el tema de transparencia de los costos de las campa\u00f1as declar\u00f3 que los dem\u00e1s candidatos deber\u00edan de presentar el&nbsp; costos total de los espectaculares y bardas.<\/p>\n\n\n\n<p class=\"wp-block-paragraph\">Desde mi punto de vista Noro\u00f1a deber\u00eda hacer m\u00e1s campa\u00f1a por aire, pues a \u00e9l le convendr\u00eda ser conocido primero y luego poner \u00e9nfasis en sus propuestas y su muy particular estilo de hacer pol\u00edtica. Noro\u00f1a est\u00e1 perdiendo un tiempo valioso.<\/p>\n\n\n\n<p class=\"wp-block-paragraph\"><strong>Espina Verde<\/strong>.- El Partido Verde Ecologista de M\u00e9xico, todos sabemos que ni es partido ni es verde ni es ecologista. Pues, ni campa\u00f1a hace. Punto. Su tirada es emular a Monreal.<\/p>\n\n\n\n<p class=\"wp-block-paragraph\"><strong>Espina Ad\u00e1n<\/strong>.- En la pasada edici\u00f3n de <em>Espinas presidenciales<\/em> no inclu\u00ed a Ad\u00e1n porque no ten\u00eda confirmado un dato que me revela el verdadero esp\u00edritu de Ad\u00e1n y sus proyectos, as\u00ed como el grado de compromiso con la 4T. Y s\u00ed, Ad\u00e1n se reuni\u00f3 el 15 de abril, todav\u00eda como secretario de Gobernaci\u00f3n, con Ricardo Aldana: \u201cCon porras, vivas, sonar de matracas y aplausos, trabajadores petroleros del Sur de Veracruz reunidos en Centro de Convenciones de esta ciudad, recibieron a su invitado especial: el secretario de Gobernaci\u00f3n Ad\u00e1n Augusto L\u00f3pez Hern\u00e1ndez, quien estuvo acompa\u00f1ado por&nbsp;<strong>Ricardo Aldana<\/strong>, l\u00edder Nacional del STPRM en Minatitl\u00e1n.\u201d As\u00ed lo consigna el peri\u00f3dico veracruzano Imagen.<\/p>\n\n\n\n<p class=\"wp-block-paragraph\">&nbsp;No olvidemos que Carlos Romero Deschamps y Ricardo Aldana fueron los art\u00edfices del Pemexgate donde miles de pesos de la naci\u00f3n fueron a parar a la campa\u00f1a de Francisco Labastida Ochoa y a los bolsillos de ellos. Ad\u00e1n en un franco acto electoral, desde entonces, se dej\u00f3 apapachar por estos corruptos. Este evento dice todo sobre Ad\u00e1n.<\/p>\n\n\n\n<p class=\"wp-block-paragraph\">Observaciones<\/p>\n\n\n\n<p class=\"wp-block-paragraph\">Lo relevante de la semana es el haber sacado el tema de los gastos de campa\u00f1a que parece ser m\u00e1s un acto de humor involuntario que un reclamo y exigencia, a la vez, pues Ad\u00e1n Augusto present\u00f3 sus gastos de campa\u00f1a -en un papel todo arrugado- que contabilizan la cantidad, verificable y p\u00fablica, de 395 mil 683 pesos y reiter\u00f3 que no se trata de recursos p\u00fablicos sino de sus ahorros personales. Ebrard y Noro\u00f1a respondieron en el mismo tono. Este tema se mantendr\u00e1 constante y ser\u00e1 un debate longitudinal.<\/p>\n\n\n\n<p class=\"wp-block-paragraph\">La oposici\u00f3n tambi\u00e9n lanz\u00f3 a X\u00f3chitl G\u00e1lvez, la ind\u00edgena por excelencia -seg\u00fan los medios de derecha-, o la ind\u00edgena m\u00e1s fif\u00ed, como precandidata de <em>Va por M\u00e9xico<\/em>. Su lanzamiento no fue muy afortunado, aunque pretendieron crear una narrativa los medios para imponerla, aun cuando todo mundo sabe que el favorito de <em>Va por M\u00e9xico<\/em> es Creel, adem\u00e1s involuntariamente terminaron haciendo propaganda a Claudia por ver en ella a la favorita de Palacio. La oposici\u00f3n sigue dando palos de ciego.&nbsp;<\/p>\n\n\n\n<p class=\"wp-block-paragraph\">Morena sigue imponiendo agenda y <em>Va por M\u00e9xico<\/em> est\u00e1 en un plan contestatario y mostrando que no tiene cuadros presidenciables.<\/p>\n\n\n\n<p class=\"wp-block-paragraph\">Movimiento ciudadano se convirti\u00f3 en el abogado del diablo y ser\u00e1 el procurador de los partidos ante las instancias oficiales. Tal vez m\u00e1s adelante asuma, nuevamente, su modo partido y se posesione bien, cosa muy factible, pues el PRI se est\u00e1 cayendo a pedazos. &nbsp;<\/p>\n\n\n\n<div class=\"wp-block-columns is-layout-flex wp-container-core-columns-is-layout-8aa3364d wp-block-columns-is-layout-flex\" style=\"padding-top:2.5rem;padding-right:2.5rem;padding-bottom:2.5rem;padding-left:2.5rem\">\n<div class=\"wp-block-column is-layout-flow wp-block-column-is-layout-flow\" style=\"flex-basis:25%\">\n<figure class=\"wp-block-image size-full\"><img loading=\"lazy\" decoding=\"async\" width=\"1024\" height=\"1024\" src=\"https:\/\/diarioavanzada.com.mx\/wp-content\/uploads\/2023\/06\/Federico-Lopez-Ramirez.jpeg\" alt=\"\" class=\"wp-image-43776\" srcset=\"https:\/\/diarioavanzada.com.mx\/wp-content\/uploads\/2023\/06\/Federico-Lopez-Ramirez.jpeg 1024w, https:\/\/diarioavanzada.com.mx\/wp-content\/uploads\/2023\/06\/Federico-Lopez-Ramirez-300x300.jpeg 300w, https:\/\/diarioavanzada.com.mx\/wp-content\/uploads\/2023\/06\/Federico-Lopez-Ramirez-150x150.jpeg?crop=1 150w, https:\/\/diarioavanzada.com.mx\/wp-content\/uploads\/2023\/06\/Federico-Lopez-Ramirez-768x768.jpeg 768w, https:\/\/diarioavanzada.com.mx\/wp-content\/uploads\/2023\/06\/Federico-Lopez-Ramirez-80x80.jpeg?crop=1 80w, https:\/\/diarioavanzada.com.mx\/wp-content\/uploads\/2023\/06\/Federico-Lopez-Ramirez-800x800.jpeg?crop=1 800w, https:\/\/diarioavanzada.com.mx\/wp-content\/uploads\/2023\/06\/Federico-Lopez-Ramirez-400x400.jpeg?crop=1 400w, https:\/\/diarioavanzada.com.mx\/wp-content\/uploads\/2023\/06\/Federico-Lopez-Ramirez-200x200.jpeg?crop=1 200w\" sizes=\"auto, (max-width: 1024px) 100vw, 1024px\" \/><\/figure>\n<\/div>\n\n\n\n<div class=\"wp-block-column is-layout-flow wp-block-column-is-layout-flow\" style=\"flex-basis:75%\">\n<h2 class=\"wp-block-heading\">Federico L\u00f3pez Ram\u00edrez<\/h2>\n\n\n\n<p class=\"wp-block-paragraph\">Naci\u00f3 en Los Tepames, Colima, el mismo d\u00eda que sor Juana In\u00e9s de la Cruz, pero de 1960. Milit\u00f3 en el Psum. Gusta de autores literarios dialectales. Odia a los caciques de rancho y ama a su nieta Victoria Amelia.<\/p>\n\n\n\n<div class=\"wp-block-buttons is-layout-flex wp-block-buttons-is-layout-flex\">\n<div class=\"wp-block-button\"><a class=\"wp-block-button__link wp-element-button\">https:\/\/twitter.com\/FedericoLpezRa1<\/a><\/div>\n<\/div>\n<\/div>\n<\/div>\n<div class=\"fb-background-color\">\n\t\t\t  <div \n\t\t\t  \tclass = \"fb-comments\" \n\t\t\t  \tdata-href = \"https:\/\/diarioavanzada.com.mx\/?p=45734\"\n\t\t\t  \tdata-numposts = \"10\"\n\t\t\t  \tdata-lazy = \"true\"\n\t\t\t\tdata-colorscheme = \"light\"\n\t\t\t\tdata-order-by = \"social\"\n\t\t\t\tdata-mobile=true>\n\t\t\t  <\/div><\/div>\n\t\t  <style>\n\t\t    .fb-background-color {\n\t\t\t\tbackground:  !important;\n\t\t\t}\n\t\t\t.fb_iframe_widget_fluid_desktop iframe {\n\t\t\t    width: 100% !important;\n\t\t\t}\n\t\t  <\/style>\n\t\t  ","protected":false},"excerpt":{"rendered":"<p>Columna El puercoesp\u00edn&nbsp; Segunda semana de las corcholatas: Espina Claudia.- Sigui\u00f3 fiel a su papel de la corcholata favorita y plenamente apoyada por todo el aparato gubernamental en Colima, y yo presumo, que as\u00ed ocurri\u00f3 en todo el pa\u00eds, algunos funcionarios p\u00fablicos renunciaron a sus puestos para dedicarse plenamente a la campa\u00f1a de la corcholata [&hellip;]<\/p>\n","protected":false},"author":9,"featured_media":45735,"comment_status":"closed","ping_status":"closed","sticky":false,"template":"","format":"standard","meta":{"_coblocks_attr":"","_coblocks_dimensions":"","_coblocks_responsive_height":"","_coblocks_accordion_ie_support":"","advanced_seo_description":"","jetpack_seo_html_title":"","jetpack_seo_noindex":false,"jetpack_seo_schema_type":"","_jetpack_newsletter_access":"","_jetpack_dont_email_post_to_subs":false,"_jetpack_newsletter_tier_id":0,"_jetpack_memberships_contains_paywalled_content":false,"_wpcom_ai_launchpad_first_post":false,"_jetpack_feature_clip_id":0,"_jetpack_memberships_contains_paid_content":false,"footnotes":"","jetpack_post_was_ever_published":false},"categories":[19,209,24],"tags":[220,210],"class_list":["post-45734","post","type-post","status-publish","format-standard","has-post-thumbnail","hentry","category-colima","category-importantes","category-opinion","tag-opinion","tag-portada"],"jetpack-related-posts":[],"jetpack_sharing_enabled":true,"amp_enabled":true,"jetpack_featured_media_url":"https:\/\/diarioavanzada.com.mx\/wp-content\/uploads\/2023\/07\/image-15.png","_links":{"self":[{"href":"https:\/\/diarioavanzada.com.mx\/index.php?rest_route=\/wp\/v2\/posts\/45734","targetHints":{"allow":["GET"]}}],"collection":[{"href":"https:\/\/diarioavanzada.com.mx\/index.php?rest_route=\/wp\/v2\/posts"}],"about":[{"href":"https:\/\/diarioavanzada.com.mx\/index.php?rest_route=\/wp\/v2\/types\/post"}],"author":[{"embeddable":true,"href":"https:\/\/diarioavanzada.com.mx\/index.php?rest_route=\/wp\/v2\/users\/9"}],"replies":[{"embeddable":true,"href":"https:\/\/diarioavanzada.com.mx\/index.php?rest_route=%2Fwp%2Fv2%2Fcomments&post=45734"}],"version-history":[{"count":1,"href":"https:\/\/diarioavanzada.com.mx\/index.php?rest_route=\/wp\/v2\/posts\/45734\/revisions"}],"predecessor-version":[{"id":45736,"href":"https:\/\/diarioavanzada.com.mx\/index.php?rest_route=\/wp\/v2\/posts\/45734\/revisions\/45736"}],"wp:featuredmedia":[{"embeddable":true,"href":"https:\/\/diarioavanzada.com.mx\/index.php?rest_route=\/wp\/v2\/media\/45735"}],"wp:attachment":[{"href":"https:\/\/diarioavanzada.com.mx\/index.php?rest_route=%2Fwp%2Fv2%2Fmedia&parent=45734"}],"wp:term":[{"taxonomy":"category","embeddable":true,"href":"https:\/\/diarioavanzada.com.mx\/index.php?rest_route=%2Fwp%2Fv2%2Fcategories&post=45734"},{"taxonomy":"post_tag","embeddable":true,"href":"https:\/\/diarioavanzada.com.mx\/index.php?rest_route=%2Fwp%2Fv2%2Ftags&post=45734"}],"curies":[{"name":"wp","href":"https:\/\/api.w.org\/{rel}","templated":true}]}}