{"id":45613,"date":"2023-06-30T08:18:47","date_gmt":"2023-06-30T14:18:47","guid":{"rendered":"https:\/\/diarioavanzada.com.mx\/?p=45613"},"modified":"2023-06-30T08:18:50","modified_gmt":"2023-06-30T14:18:50","slug":"los-partidos-y-la-violencia","status":"publish","type":"post","link":"https:\/\/diarioavanzada.com.mx\/?p=45613","title":{"rendered":"Los partidos y la violencia"},"content":{"rendered":"\n<p class=\"wp-block-paragraph\">Columna<\/p>\n\n\n\n<p class=\"wp-block-paragraph\">El puercoesp\u00edn&nbsp;<\/p>\n\n\n\n<p class=\"wp-block-paragraph\">Tanto el partido Morena y sus aliados, as\u00ed\u00a0 como la coalici\u00f3n Va por M\u00e9xico est\u00e1n metidos al 100 % en la sucesi\u00f3n presidencial y la violencia en el pa\u00eds, producto de su incapacidad de ver por el bienestar de la naci\u00f3n, no dan tregua a los ciudadanos; luego entonces, los habitantes somos rehenes de sus irresponsabilidades pol\u00edticas.<\/p>\n\n\n\n<p class=\"wp-block-paragraph\">Va por M\u00e9xico decidi\u00f3 politizar el tema porque, seg\u00fan sus c\u00e1lculos pol\u00edticos,&nbsp; esto le redituar\u00e1 votos en la pr\u00f3xima elecci\u00f3n. La politizaci\u00f3n del tema no tiene marcha atr\u00e1s.&nbsp;<\/p>\n\n\n\n<p class=\"wp-block-paragraph\">Cuando menos desde hoy hasta el primer domingo de junio de 2024 el tema continuar\u00e1 politizado, por tanto, esas son malas noticias para el pa\u00eds.<\/p>\n\n\n\n<p class=\"wp-block-paragraph\">Ni las corcholatas de Morena ni los precandidatos de Va por M\u00e9xico en este periodo especial que se ubica en algo que podemos llamar pre pre campa\u00f1as abordar\u00e1n el tema de la seguridad con serenidad y seriedad pol\u00edtica. Los militantes de Va por M\u00e9xico&nbsp; aplaudir\u00e1n todos los giros publicitarios que propagandicen los pre candidatos de su coalici\u00f3n y, a su vez, los partidarios de Morena defender\u00e1n las estrategias implementadas por el Gobierno de M\u00e9xico. Ambos, en ning\u00fan momento, propondr\u00e1n ning\u00fan proyecto alternativo o estrategia alternativa, solo usar\u00e1n el problema con fines pol\u00edticos-propagand\u00edsticos.<\/p>\n\n\n\n<p class=\"wp-block-paragraph\">No les importa hacia donde se enfila el pa\u00eds, ellos, \u2013Va por M\u00e9xico- est\u00e1n desacreditando al gobierno a partir de la nota roja y la estad\u00edstica producidas por el crimen organizado. Lamentablemente a Va por M\u00e9xico no le interesa proponer pol\u00edticas de Estado para enfrentar el problema solo est\u00e1&nbsp; focalizada en obtener la mayor rentabilidad pol\u00edtica del problema que lastima d\u00eda a d\u00eda a millones de mexicanos.<\/p>\n\n\n\n<p class=\"wp-block-paragraph\">Los candidatos de Morena tampoco han abordado el tema. No est\u00e1 en su estrategia pol\u00edtica utilizar la elecci\u00f3n primaria como una oportunidad para corregir lo que no funcion\u00f3 y relanzar una estrategia m\u00e1s efectiva y de resultados tangibles.<\/p>\n\n\n\n<p class=\"wp-block-paragraph\">El d\u00eda de ayer asesinaron a Hip\u00f3lito Mora en La Ruana, municipio de Buenavista, en Michoac\u00e1n. Su asesinato provoc\u00f3 infinidad de comentarios en las redes a favor y en contra de las pol\u00edticas de seguridad del Gobierno de M\u00e9xico.<\/p>\n\n\n\n<p class=\"wp-block-paragraph\">Uno de esos comentarios vino del narcotraficante Felipe Calder\u00f3n que dice textualmente: \u201c\u00daltimo mensaje de Hip\u00f3lito Mora. Reclama el abandono de las autoridades, que han dejado a las poblaciones en manos de los criminales. Hoy lo asesinaron. Cobardes!&nbsp;<\/p>\n\n\n\n<p class=\"wp-block-paragraph\">Una navegantes de las redes le contest\u00f3 en forma contundente: \u201cDesvergonzado, t\u00fa fuiste el que inici\u00f3 la guerra fratricida en Michoac\u00e1n, \u00bfse te olvida que qued\u00f3 documentado tus nexos y de tu hermana con la TUTA?<\/p>\n\n\n\n<p class=\"wp-block-paragraph\">Se te olvida que en tu sexenio se multiplicaron los grupos delincuenciales? \u00bfSe te olvida que tu secretario de Seguridad Genaro Garc\u00eda Luna es un narco?\u201d<\/p>\n\n\n\n<p class=\"wp-block-paragraph\">Una ciudadana puso en paz a un ex presidente con un solo tuit.<\/p>\n\n\n\n<p class=\"wp-block-paragraph\">Pero lo grave es que la sociedad pol\u00edtica, tanto la que est\u00e1 en el gobierno, como de la oposici\u00f3n, olvidan que tienen una responsabilidad con un pa\u00eds mucho m\u00e1s all\u00e1 de los colores partidaristas.<\/p>\n\n\n\n<p class=\"wp-block-paragraph\">Lo cierto es que todos descompusieron al pa\u00eds y les resulta muy c\u00f3moda y ben\u00e9fica esta descomposici\u00f3n porque al parecer la oposici\u00f3n se sientes beneficiada con el desorden e inseguridad que priva en el pa\u00eds. La oposici\u00f3n celebra y aplaude la nota roja, los morenistas \u2013sus gobiernos locales- act\u00faan con frivolidad e indolencia.&nbsp;<\/p>\n\n\n\n<p class=\"wp-block-paragraph\">La oposici\u00f3n del Prian olvida que cuando fueron gobierno propiciaron el crecimiento del crimen organizado y elevaron los grados de penetraci\u00f3n del Estado por los criminales.<\/p>\n\n\n\n<p class=\"wp-block-paragraph\">Morena y sus gobiernos locales ha continuado con esta inercia dejando la mayor carga en el Gobierno de M\u00e9xico.<\/p>\n\n\n\n<p class=\"wp-block-paragraph\">Cada d\u00eda se va imponiendo la necesidad de la colaboraci\u00f3n de toda la sociedad pol\u00edtica para enfrentar al crimen organizado. La defensa pol\u00edtica de oposici\u00f3n del crimen organizado y de la corrupci\u00f3n debe cesar. Personajes como Francisco Garc\u00eda Cabeza de Vaca deben de ser expulsados de la participaci\u00f3n pol\u00edtica. La oposici\u00f3n debe dejar de abanderar todas las causas de los criminales y dejar de apoyar al Poder Judicial para poder aplicar pol\u00edticas de seguridad efectivas y abatir la impunidad.<\/p>\n\n\n\n<p class=\"wp-block-paragraph\">Un pacto nacional es la soluci\u00f3n y, en este pacto nacional, deben de concurrir todas las fuerzas pol\u00edticas porque en esta disputa politizada de la seguridad p\u00fablica ser\u00e1 imposible combatir a los criminales, porque mientras tengan \u00e9stos apoyo pol\u00edtico pervivir\u00e1n amparados por la impunidad que les brindan los pol\u00edticos.&nbsp;<\/p>\n\n\n\n<p class=\"wp-block-paragraph\">Mientras los pol\u00edticos apoyen a los criminales no habr\u00e1 paz en el pa\u00eds. La oposici\u00f3n tiene la palabra.<\/p>\n\n\n\n<p class=\"wp-block-paragraph\">De hoy hasta el primer domingo de junio de 2024 es pr\u00e1cticamente impensable un pacto nacional de paz, ser\u00e1 hasta despu\u00e9s de esa fecha que se podr\u00e1 pensar en la verdadera paz del pa\u00eds.&nbsp;<\/p>\n\n\n\n<p class=\"wp-block-paragraph\">Mientras tanto la guerra en las calles continuar\u00e1 porque los pol\u00edticos son los principales alentadores, ellos y nosotros los ciudadanos, lo sabemos.&nbsp;<\/p>\n\n\n\n<p class=\"wp-block-paragraph\">Los ciudadanos tenemos la palabra, mientras m\u00e1s presi\u00f3n impongamos los ciudadanos obligaremos a pactar un gran acuerdo nacional para la paz. Los criminales deben de ser aislados. Sin el apoyo de los pol\u00edticos los criminales no son nada.&nbsp;<\/p>\n<div class=\"fb-background-color\">\n\t\t\t  <div \n\t\t\t  \tclass = \"fb-comments\" \n\t\t\t  \tdata-href = \"https:\/\/diarioavanzada.com.mx\/?p=45613\"\n\t\t\t  \tdata-numposts = \"10\"\n\t\t\t  \tdata-lazy = \"true\"\n\t\t\t\tdata-colorscheme = \"light\"\n\t\t\t\tdata-order-by = \"social\"\n\t\t\t\tdata-mobile=true>\n\t\t\t  <\/div><\/div>\n\t\t  <style>\n\t\t    .fb-background-color {\n\t\t\t\tbackground:  !important;\n\t\t\t}\n\t\t\t.fb_iframe_widget_fluid_desktop iframe {\n\t\t\t    width: 100% !important;\n\t\t\t}\n\t\t  <\/style>\n\t\t  ","protected":false},"excerpt":{"rendered":"<p>Columna El puercoesp\u00edn&nbsp; Tanto el partido Morena y sus aliados, as\u00ed\u00a0 como la coalici\u00f3n Va por M\u00e9xico est\u00e1n metidos al 100 % en la sucesi\u00f3n presidencial y la violencia en el pa\u00eds, producto de su incapacidad de ver por el bienestar de la naci\u00f3n, no dan tregua a los ciudadanos; luego entonces, los habitantes somos [&hellip;]<\/p>\n","protected":false},"author":9,"featured_media":45615,"comment_status":"closed","ping_status":"closed","sticky":false,"template":"","format":"standard","meta":{"_coblocks_attr":"","_coblocks_dimensions":"","_coblocks_responsive_height":"","_coblocks_accordion_ie_support":"","advanced_seo_description":"","jetpack_seo_html_title":"","jetpack_seo_noindex":false,"jetpack_seo_schema_type":"","_jetpack_newsletter_access":"","_jetpack_dont_email_post_to_subs":false,"_jetpack_newsletter_tier_id":0,"_jetpack_memberships_contains_paywalled_content":false,"_wpcom_ai_launchpad_first_post":false,"_jetpack_feature_clip_id":0,"_jetpack_memberships_contains_paid_content":false,"footnotes":"","jetpack_post_was_ever_published":false},"categories":[19,209,24],"tags":[220,210],"class_list":["post-45613","post","type-post","status-publish","format-standard","has-post-thumbnail","hentry","category-colima","category-importantes","category-opinion","tag-opinion","tag-portada"],"jetpack-related-posts":[],"jetpack_sharing_enabled":true,"amp_enabled":true,"jetpack_featured_media_url":"https:\/\/diarioavanzada.com.mx\/wp-content\/uploads\/2023\/06\/image-454.png","_links":{"self":[{"href":"https:\/\/diarioavanzada.com.mx\/index.php?rest_route=\/wp\/v2\/posts\/45613","targetHints":{"allow":["GET"]}}],"collection":[{"href":"https:\/\/diarioavanzada.com.mx\/index.php?rest_route=\/wp\/v2\/posts"}],"about":[{"href":"https:\/\/diarioavanzada.com.mx\/index.php?rest_route=\/wp\/v2\/types\/post"}],"author":[{"embeddable":true,"href":"https:\/\/diarioavanzada.com.mx\/index.php?rest_route=\/wp\/v2\/users\/9"}],"replies":[{"embeddable":true,"href":"https:\/\/diarioavanzada.com.mx\/index.php?rest_route=%2Fwp%2Fv2%2Fcomments&post=45613"}],"version-history":[{"count":2,"href":"https:\/\/diarioavanzada.com.mx\/index.php?rest_route=\/wp\/v2\/posts\/45613\/revisions"}],"predecessor-version":[{"id":45617,"href":"https:\/\/diarioavanzada.com.mx\/index.php?rest_route=\/wp\/v2\/posts\/45613\/revisions\/45617"}],"wp:featuredmedia":[{"embeddable":true,"href":"https:\/\/diarioavanzada.com.mx\/index.php?rest_route=\/wp\/v2\/media\/45615"}],"wp:attachment":[{"href":"https:\/\/diarioavanzada.com.mx\/index.php?rest_route=%2Fwp%2Fv2%2Fmedia&parent=45613"}],"wp:term":[{"taxonomy":"category","embeddable":true,"href":"https:\/\/diarioavanzada.com.mx\/index.php?rest_route=%2Fwp%2Fv2%2Fcategories&post=45613"},{"taxonomy":"post_tag","embeddable":true,"href":"https:\/\/diarioavanzada.com.mx\/index.php?rest_route=%2Fwp%2Fv2%2Ftags&post=45613"}],"curies":[{"name":"wp","href":"https:\/\/api.w.org\/{rel}","templated":true}]}}