{"id":45452,"date":"2023-06-28T08:04:04","date_gmt":"2023-06-28T14:04:04","guid":{"rendered":"https:\/\/diarioavanzada.com.mx\/?p=45452"},"modified":"2023-06-28T08:04:08","modified_gmt":"2023-06-28T14:04:08","slug":"hacer-como-que-trabaja","status":"publish","type":"post","link":"https:\/\/diarioavanzada.com.mx\/?p=45452","title":{"rendered":"Hacer como que trabaja"},"content":{"rendered":"\n<p class=\"wp-block-paragraph\">Columna<\/p>\n\n\n\n<p class=\"wp-block-paragraph\">El puercoesp\u00edn&nbsp;<\/p>\n\n\n\n<p class=\"wp-block-paragraph\">El Tribunal Electoral del Poder Judicial de la Federaci\u00f3n dej\u00f3 insubsistente el Decreto 215 relativo a la aprobaci\u00f3n del Presupuesto de Egresos del Estado de Colima, correspondiente al Ejercicio Fiscal 2023, por lo que respecta a la partida destinada al presupuesto del Instituto Electoral del Estado de Colima, por tanto, se ordena al Congreso del Estado de Colima realice lo conducente para el cumplimiento de los efectos de esta sentencia. Y finalmente se notifica a la Secretar\u00eda de Finanzas para que se garantice el cumplimiento de la resoluci\u00f3n del TEPJF.<\/p>\n\n\n\n<p class=\"wp-block-paragraph\">Todo lo anterior significa que el Congreso del Estado en contubernio \u2013no le podemos llamar de otra manera- con el Poder Ejecutivo disminuy\u00f3 ilegalmente el presupuesto del Instituto Electoral del Estado de Colima, lo que demuestra que la gobernadora y sus compinches solo act\u00faan con base en la ocurrencia e irresponsablemente, pues han perdido todas las controversias ante la SCJN, de todas todas.<\/p>\n\n\n\n<p class=\"wp-block-paragraph\">Ni legal ni pol\u00edticamente ni por error han podido ganarle una a la corrupci\u00f3n \u2013que dicen combatir-&nbsp; seg\u00fan lo podemos observar.<\/p>\n\n\n\n<p class=\"wp-block-paragraph\">En campa\u00f1a detectaron millones de pesos faltantes y desviados por la administraci\u00f3n de Jos\u00e9 Ignacio Peralta S\u00e1nchez y ni un solo peso ha podido ser recuperado. Tampoco se ha podido judicializar correctamente una carpe de investigaci\u00f3n, mucho menos consignar a alguien.&nbsp;<\/p>\n\n\n\n<p class=\"wp-block-paragraph\">Tan solo han judicializado la carpeta contra Carlos Noriega y pr\u00e1cticamente ellos mismos, los morenistas, lo han exonerado y tan solo le est\u00e1n imputando una simple falta administrativa cuyo castigo es muy leve. Al final de cuenta terminar\u00e1n purific\u00e1ndole y hasta \u2013no lo dudemos- terminen pag\u00e1ndole una indemnizaci\u00f3n por los da\u00f1os y perjuicios causados.&nbsp;<\/p>\n\n\n\n<p class=\"wp-block-paragraph\">Le negaron el presupuesto al Instituto Electoral de Colima y le recortaron los recursos en forma por dem\u00e1s desaseada. Lo operaron m\u00e1s como un capricho que como una pol\u00edtica de austeridad leg\u00edtima que pretend\u00eda recuperar fondos para aplicarlo en actividades prioritarias; sin embargo, terminar\u00e1n gast\u00e1ndose los recursos en sueldazos de bur\u00f3cratas pertenecientes a la clase dorada y todo ello por frivolidad, faltos de oficio, indolentes e irresponsables.&nbsp;<\/p>\n\n\n\n<p class=\"wp-block-paragraph\">El de Indira es un gobierno \u2013y la verdad es dif\u00edcil nominarlo como gobierno aunque parezca un lugar com\u00fan- que acusa un infantilismo muy agudo que ya empieza a mostrar los da\u00f1os a la administraci\u00f3n p\u00fablica y a la econom\u00eda del estado. &nbsp;<\/p>\n\n\n\n<p class=\"wp-block-paragraph\">El gobierno es una fiesta<\/p>\n\n\n\n<p class=\"wp-block-paragraph\">El gobierno de Indira cada d\u00eda se parece m\u00e1s a una fiesta de adolescentes traviesos que juegan a ser gobierno. No atienden nada, no asumen sus responsabilidades, por ejemplo, en el caso de emergencia sucedido en Manzanillo por el derrame de las sustancias toxicas en los terrenos de la ASIPONA. Antes, en la crisis de abastecimiento de agua en Zacualpan, la secretaria General de Gobierno y todo un equipo de funcionarios ya hab\u00edan dado muestras de su ineptitud e incapacidad de resolver una crisis coyuntural de ingobernabilidad.&nbsp;<\/p>\n\n\n\n<p class=\"wp-block-paragraph\">Instituciones como el Congreso ha recibido rev\u00e9s tras rev\u00e9s por no atender, t\u00e9cnicamente, los procesos legislativos y por legislar en forma irresponsable m\u00e1s cercano a los caprichos y ocurrencias que como parte de una agenda pol\u00edtica desprendida de un plan de gobierno elaborado con base en las necesidades del estado.<\/p>\n\n\n\n<p class=\"wp-block-paragraph\">Todos siguen en una campa\u00f1a perpetua que solo Dios sabe cu\u00e1ndo finalizar\u00e1n. Un adulto mayor se les muri\u00f3 en el estacionamiento de la Delegaci\u00f3n del Bienestar y, por un tiempo, contuvieron sus excesos descarados de proselitismo porque, como buenos infantes, creen que la gente ya olvid\u00f3 sus \u201ctravesuras\u201d y pueden volver a sus pr\u00e1cticas pol\u00edticas que consideran pertinentes.<\/p>\n\n\n\n<p class=\"wp-block-paragraph\">Felicitaciones desde el DIF<\/p>\n\n\n\n<p class=\"wp-block-paragraph\">La fiesta contin\u00faa desde el DIF. All\u00ed donde manda la misma persona que dijo disparates may\u00fasculos sobre la econom\u00eda de Colima, la misma que saca sus perros a mear, la misma que frivoliz\u00f3 la crisis de las sustancias toxicas en Manzanillo. &nbsp;<\/p>\n\n\n\n<p class=\"wp-block-paragraph\">&nbsp;La \u00faltima haza\u00f1a de la directora del DIF fue haber puesto a todo el personal a grabar un video donde todos los empleados fueron obligados a felicitar al hermano de la gobernadora. Todos los empleados departamento por departamento, le dicen \u00a1Felicidades presidente! \u00a1Felicidades presidente!&#8230; con confeti y luces de bengala y carteles alusivos. Al final la directora del DIF lo felicita muy c\u00e1lida y fraternalmente.&nbsp;<\/p>\n\n\n\n<p class=\"wp-block-paragraph\">La directora del DIF, por lo que vemos en el video del Facebook, encontr\u00f3 una nueva forma de perder el tiempo \u2013un tiempo muy bien pagado por los contribuyentes-.<\/p>\n\n\n\n<p class=\"wp-block-paragraph\">La gober y sus itinerarios<\/p>\n\n\n\n<p class=\"wp-block-paragraph\">Las educadoras de una X zona escolar organizaron una despedida por jubilaci\u00f3n de una jefa de sector e invitaron por esta raz\u00f3n al secretario de Educaci\u00f3n. El secretario de Educaci\u00f3n al observar que por all\u00ed cerca andar\u00eda la gobernadora les propuso a las organizadoras que la invitaran y, por cortes\u00eda, las educadoras accedieron. La gobernadora asisti\u00f3 y se adue\u00f1\u00f3&nbsp; de su evento a la que fue invitada por obligaci\u00f3n.<\/p>\n\n\n\n<p class=\"wp-block-paragraph\">Lo trascendente de la an\u00e9cdota es que la gobernadora dispone de tanto tiempo que su itinerario del d\u00eda lo sujeta a los eventos aleatorios que puedan surgirle porque lo importante es ocupar su tiempo, que al parecer le sobra.<\/p>\n\n\n\n<p class=\"wp-block-paragraph\">Lo que podemos observar es que&nbsp; la gobernadora -en un estado agobiado por el crimen organizado, transitando por una crisis econ\u00f3mica y administrativa in\u00e9dita- hace su itinerario del d\u00eda con lo que va saliendo y los asuntos importantes los hace a un lado, no los enfrenta como buena infanta.<\/p>\n\n\n\n<p class=\"wp-block-paragraph\">Alguien est\u00e1 gobernando Colima a la distancia, alguien da las ordenes importantes y la gobernadora no se siente obligada a asumir sus responsabilidades. Evadir es su soluci\u00f3n ante su inminente \u201cejercicio del poder\u201d prestado. La gobernadora es un florero y ella lo sabe.<\/p>\n\n\n\n<p class=\"wp-block-paragraph\">La gobernadora tiene el trabajo de hacer como que trabaja y que el mundo ruede. Lo dem\u00e1s es lo de menos.&nbsp;<\/p>\n\n\n\n<p class=\"wp-block-paragraph\">Asesinatos y secuestros seguir\u00e1n ocurriendo, como los dos \u00faltimos secuestros de un restaurantero y un m\u00e9dico veterinario. Estos eventos nos seguir\u00e1n agobiando como sociedad, pero la gobernadora en su evasi\u00f3n continuar\u00e1 porque ese es su rol pol\u00edtico, evadir responsabilidades. Otros mandan a distancia y ella lo sabe y lo acepta porque se sabe sujeta a un poder prestado.&nbsp;<\/p>\n<div class=\"fb-background-color\">\n\t\t\t  <div \n\t\t\t  \tclass = \"fb-comments\" \n\t\t\t  \tdata-href = \"https:\/\/diarioavanzada.com.mx\/?p=45452\"\n\t\t\t  \tdata-numposts = \"10\"\n\t\t\t  \tdata-lazy = \"true\"\n\t\t\t\tdata-colorscheme = \"light\"\n\t\t\t\tdata-order-by = \"social\"\n\t\t\t\tdata-mobile=true>\n\t\t\t  <\/div><\/div>\n\t\t  <style>\n\t\t    .fb-background-color {\n\t\t\t\tbackground:  !important;\n\t\t\t}\n\t\t\t.fb_iframe_widget_fluid_desktop iframe {\n\t\t\t    width: 100% !important;\n\t\t\t}\n\t\t  <\/style>\n\t\t  ","protected":false},"excerpt":{"rendered":"<p>Columna El puercoesp\u00edn&nbsp; El Tribunal Electoral del Poder Judicial de la Federaci\u00f3n dej\u00f3 insubsistente el Decreto 215 relativo a la aprobaci\u00f3n del Presupuesto de Egresos del Estado de Colima, correspondiente al Ejercicio Fiscal 2023, por lo que respecta a la partida destinada al presupuesto del Instituto Electoral del Estado de Colima, por tanto, se ordena [&hellip;]<\/p>\n","protected":false},"author":9,"featured_media":45454,"comment_status":"closed","ping_status":"closed","sticky":false,"template":"","format":"standard","meta":{"_coblocks_attr":"","_coblocks_dimensions":"","_coblocks_responsive_height":"","_coblocks_accordion_ie_support":"","advanced_seo_description":"","jetpack_seo_html_title":"","jetpack_seo_noindex":false,"jetpack_seo_schema_type":"","_jetpack_newsletter_access":"","_jetpack_dont_email_post_to_subs":false,"_jetpack_newsletter_tier_id":0,"_jetpack_memberships_contains_paywalled_content":false,"_wpcom_ai_launchpad_first_post":false,"_jetpack_feature_clip_id":0,"_jetpack_memberships_contains_paid_content":false,"footnotes":"","jetpack_post_was_ever_published":false},"categories":[19,209],"tags":[220,210],"class_list":["post-45452","post","type-post","status-publish","format-standard","has-post-thumbnail","hentry","category-colima","category-importantes","tag-opinion","tag-portada"],"jetpack-related-posts":[],"jetpack_sharing_enabled":true,"amp_enabled":true,"jetpack_featured_media_url":"https:\/\/diarioavanzada.com.mx\/wp-content\/uploads\/2023\/06\/image-421.png","_links":{"self":[{"href":"https:\/\/diarioavanzada.com.mx\/index.php?rest_route=\/wp\/v2\/posts\/45452","targetHints":{"allow":["GET"]}}],"collection":[{"href":"https:\/\/diarioavanzada.com.mx\/index.php?rest_route=\/wp\/v2\/posts"}],"about":[{"href":"https:\/\/diarioavanzada.com.mx\/index.php?rest_route=\/wp\/v2\/types\/post"}],"author":[{"embeddable":true,"href":"https:\/\/diarioavanzada.com.mx\/index.php?rest_route=\/wp\/v2\/users\/9"}],"replies":[{"embeddable":true,"href":"https:\/\/diarioavanzada.com.mx\/index.php?rest_route=%2Fwp%2Fv2%2Fcomments&post=45452"}],"version-history":[{"count":2,"href":"https:\/\/diarioavanzada.com.mx\/index.php?rest_route=\/wp\/v2\/posts\/45452\/revisions"}],"predecessor-version":[{"id":45455,"href":"https:\/\/diarioavanzada.com.mx\/index.php?rest_route=\/wp\/v2\/posts\/45452\/revisions\/45455"}],"wp:featuredmedia":[{"embeddable":true,"href":"https:\/\/diarioavanzada.com.mx\/index.php?rest_route=\/wp\/v2\/media\/45454"}],"wp:attachment":[{"href":"https:\/\/diarioavanzada.com.mx\/index.php?rest_route=%2Fwp%2Fv2%2Fmedia&parent=45452"}],"wp:term":[{"taxonomy":"category","embeddable":true,"href":"https:\/\/diarioavanzada.com.mx\/index.php?rest_route=%2Fwp%2Fv2%2Fcategories&post=45452"},{"taxonomy":"post_tag","embeddable":true,"href":"https:\/\/diarioavanzada.com.mx\/index.php?rest_route=%2Fwp%2Fv2%2Ftags&post=45452"}],"curies":[{"name":"wp","href":"https:\/\/api.w.org\/{rel}","templated":true}]}}