{"id":45307,"date":"2023-06-26T08:28:17","date_gmt":"2023-06-26T14:28:17","guid":{"rendered":"https:\/\/diarioavanzada.com.mx\/?p=45307"},"modified":"2023-06-26T08:32:46","modified_gmt":"2023-06-26T14:32:46","slug":"espinas-presidenciales","status":"publish","type":"post","link":"https:\/\/diarioavanzada.com.mx\/?p=45307","title":{"rendered":"Espinas presidenciales"},"content":{"rendered":"\n<p class=\"wp-block-paragraph\">Columna<\/p>\n\n\n\n<p class=\"wp-block-paragraph\">El puercoesp\u00edn&nbsp;<\/p>\n\n\n\n<p class=\"wp-block-paragraph\">As\u00ed arrancaron las corcholatas:<\/p>\n\n\n\n<p class=\"wp-block-paragraph\"><strong>Espina Carnal<\/strong>.- Marcelo Ebrard inici\u00f3 su campa\u00f1a en un&nbsp; vocho. Todo indica que su estrategia es ir por el electorado clasemediero y urbano que se siente de izquierda, pero no se ubica entre los radicales. Entendiendo que la encuesta es abierta a toda la poblaci\u00f3n.<\/p>\n\n\n\n<p class=\"wp-block-paragraph\">Ya tuvo su primer dislate al plantear la creaci\u00f3n de la Secretar\u00eda de la 4T y proponer a Andr\u00e9s L\u00f3pez Beltr\u00e1n como su titular lo que provoc\u00f3 m\u00faltiples reacciones. La propuesta pudo ser una provocaci\u00f3n para atraer los reflectores y publicidad que es de lo que se trata la contienda. Nada serio ni error. Dicho de otra manera una estrategia publicitaria.<\/p>\n\n\n\n<p class=\"wp-block-paragraph\">Su mayor acierto en el arranque es haber demandado la renuncia a los cargos de los dem\u00e1s competidores y haberlo logrado.<\/p>\n\n\n\n<p class=\"wp-block-paragraph\">Su estrategia es ir por el electorado no militante ni radical de izquierda. Va sobre el universo de ciudadanos que se ubican en el centro-izquierda. &nbsp;<\/p>\n\n\n\n<p class=\"wp-block-paragraph\">Marcelo, el Carnal, usar\u00e1 el Facebook, el Twitter y Tik Tok para posicionar su nombre esa es su estrategia principal, llegar a los sectores de la 4T m\u00e1s socialdem\u00f3cratas. \u00c9l sabe que entre los duros tiene muy poco margen, pues \u00e9stos est\u00e1n con la favorita de Palacio.<\/p>\n\n\n\n<p class=\"wp-block-paragraph\"><strong>Espina Claudia.- <\/strong>Claudia Sheinbaum se proyect\u00f3 como la corcholata del presidente. Se despidi\u00f3 de gobierno de la CDMX d\u00e1ndole un tono de presidenciable. La idea fue proyectarse como presidenta y parecer presidenta, por tanto, si parce presidenta ser\u00e1 presidenta, seg\u00fan los c\u00e1lculos de sus estrategas.&nbsp;<\/p>\n\n\n\n<p class=\"wp-block-paragraph\">Su propaganda, sin ning\u00fan pudor, usa la figura del presidente a su favor, a pesar de que las reglas no escritas lo proh\u00edben; sin embargo, los gobernadores y todos sus operadores -intrapartido- a nivel nacional tratan de publicitar que es la favorita del presidente. Bardas, carteles y funcionarios de la Secretar\u00eda del Bienestar trabajan duro en ello.<\/p>\n\n\n\n<p class=\"wp-block-paragraph\">El cumplea\u00f1os de esta corcholata fue usado como pretexto, por todos los funcionarios de mayor y menor rango, para manifestar su apoyo a la favorita. Las felicitaciones a su personas ya podemos etiquetarla como una de las formas actualizadas de la cargada.&nbsp;<\/p>\n\n\n\n<p class=\"wp-block-paragraph\">Con la campa\u00f1a de Claudia se pueden ver todos los vicios del viejo PRI: adhesiones \u201cespont\u00e1neas\u201d &nbsp; (como las de 10 mil investigadores), cargada de los las gobernadoras, renuncias de dirigentes de partido estatales para integrarse a la campa\u00f1a, funcionarios de primero, segundo y tercer niveles e instancias de gobierno, todos se concentran por el im\u00e1n de Claudia, la favorita. La nueva cargada en acci\u00f3n.&nbsp;<\/p>\n\n\n\n<p class=\"wp-block-paragraph\">Con ello qued\u00f3 claro que Claudia es la corcholata oficial, bendecida por el mero mero de Palacio. &nbsp;<\/p>\n\n\n\n<p class=\"wp-block-paragraph\"><strong>Espina Noro\u00f1a.-<\/strong> Gerardo Fern\u00e1ndez Noro\u00f1a inici\u00f3 su campa\u00f1a en Oaxaca y por su discurso se desprende que \u00e9l busca ubicarse como un&nbsp; candidato radical, militante de izquierda de lejos y firme impulsor del proyecto de la 4T.&nbsp;<\/p>\n\n\n\n<p class=\"wp-block-paragraph\">Su discurso va dirigido al cuerpo militante de la Cuarta Transformaci\u00f3n y apunta a proyectarse para que se conozca su persona, pues de los cuatro principales candidatos, \u00e9l es el menos conocido entre la poblaci\u00f3n abierta. Seg\u00fan su apuesta, si \u00e9l logra aumentar el ser reconocido entre los futuros encuestados, sus preferencias y competitividad aumentar\u00e1n autom\u00e1ticamente.<\/p>\n\n\n\n<p class=\"wp-block-paragraph\">Su apuesta principal es ser reconocido como el \u00fanico capaz de radicalizar y aplicar una Cuarta Transformaci\u00f3n m\u00e1s fiel al proyecto original ligado a los m\u00e1s pobres del pa\u00eds.<\/p>\n\n\n\n<p class=\"wp-block-paragraph\">Su discurso tan radical podr\u00eda limitar su aprobaci\u00f3n, pues no olvidemos que la encuesta ser\u00e1 a poblaci\u00f3n abierta o por el contrario podr\u00eda darnos la sorpresa y descubrir que existe una poblaci\u00f3n mexicana m\u00e1s \u00e1vida de acentuar la lucha contra la corrupci\u00f3n y beneficiar a los pobres en forma m\u00e1s institucional.<\/p>\n\n\n\n<p class=\"wp-block-paragraph\"><strong>Espina Monreal.-<\/strong> Es el t\u00edpico priista que arranc\u00f3 con m\u00edtines en Zacates y en la delegaci\u00f3n Cuauht\u00e9moc de la CDMX con asistentes b\u00e1sicamente acarreados.&nbsp;<\/p>\n\n\n\n<p class=\"wp-block-paragraph\">Su postura es la de proyectar al t\u00edpico sujeto cat\u00f3lico, padre de familia promedio \u2013que va a misa los domingos- fiel devoto del Santo Ni\u00f1o de Atocha. Su postura es un priismo sin PRI o morenismo priista, desde cualquier perspectiva, su objetivo no es ganar sino competir. El premio de consolaci\u00f3n no es menor, podr\u00eda llegar a ser secretario de Gobernaci\u00f3n si llega a quedar en cuarto lugar, pues el quinto concursante no es ninguna amenaza. Monreal va por el cuarto lugar y garantizarse un&nbsp; hueso para los pr\u00f3ximos seis a\u00f1os.<\/p>\n\n\n\n<p class=\"wp-block-paragraph\"><strong>Espina Verde.-<\/strong> Manuel Velasco Coello inici\u00f3 su campa\u00f1a y su primer acto fue suspenderla. As\u00ed de seria su participaci\u00f3n.<\/p>\n\n\n\n<p class=\"wp-block-paragraph\">El sinverg\u00fcenza verde mayor solo est\u00e1 cumpliendo con el ritual de concursa para negociar en forma m\u00e1s cara las candidaturas al Congreso de la Uni\u00f3n. Morena proyecta a este sinverg\u00fcenza con el solo objetivo de integrar su fracci\u00f3n parlamentaria en forma m\u00e1s amplia, cuantitativamente hablando, es decir, lograr las tres cuartas partes que busca Morena.<\/p>\n\n\n\n<p class=\"wp-block-paragraph\"><strong>Espina de semanal.-<\/strong> El juego de las corcholatas ser\u00e1 monitoreada por <strong>Avanzada<\/strong> diario y en particular por este columnista para observar lo m\u00e1s trascendente de cada semana.<\/p>\n\n\n\n<p class=\"wp-block-paragraph\">La semana inicial mostr\u00f3 el juego de las corcholatas como una versi\u00f3n que pretende ser modernizadora del dedazo, es decir, corregida y aumentada del juego de las apariencias.&nbsp;<\/p>\n\n\n\n<p class=\"wp-block-paragraph\">Ning\u00fan mandatario posrevolucionario ha sabido operar una sucesi\u00f3n presidencia democr\u00e1ticamente.<\/p>\n\n\n\n<p class=\"wp-block-paragraph\">Desde 1917 la sucesi\u00f3n ha sido por voluntad primero del caudillo y despu\u00e9s por el jefe del Estado y precisaban de la absoluta disciplina de las fuerzas vivas.<\/p>\n\n\n\n<p class=\"wp-block-paragraph\">Carranza en la transici\u00f3n fue asesinado quedando Adolfo Huerta como presidente interino y, en 1920, \u00c1lvaro Obreg\u00f3n asumi\u00f3 la presidencia; Obreg\u00f3n, el caudillo en turno impuso a&nbsp; Plutarco El\u00edas Calles; El\u00edas Calles impuso su maximato y coloc\u00f3 en la presidencia a sus personeros \u2013Portes Gil, Ortiz Rubio y Abelardo L. Rodr\u00edguez- con la legitimaci\u00f3n del Partido Nacional Revolucionario; con L\u00e1zaro C\u00e1rdenas y el Partido de la Revoluci\u00f3n Mexicana y los sectores campesino y obrero design\u00f3 a su sucesor; a partir de 1946 el partido cambio de nombre a PRI \u2013ya con su nuevo sector, el popular- el poder presidencial operan la sucesi\u00f3n corporativa y autoritariamente perfecta, misma que funcionar\u00eda bien hasta 1968 cuando se fractura el poder. Desde entonces y hasta nuestros d\u00edas con la llegada de los neoliberales al PRI en 1982 la sucesi\u00f3n es una sucesi\u00f3n de farsas donde el actor principal es el presidente&nbsp; concretizada en el dedazo avalada por PRI y sus tres sectores. La sucesi\u00f3n tuvo matices, pero no democr\u00e1ticos. De la Madrid hizo pasarelas grotescas que nadie crey\u00f3. Salinas no fue capaz de controlar la sucesi\u00f3n y termin\u00f3 con el asesinato de Luis Donaldo Colosio y la imposici\u00f3n de Zedillo; y en a\u00f1o 2000 el PRI no aguant\u00f3 m\u00e1s y comparti\u00f3 el poder con el PAN, surgi\u00f3 el Prian.<\/p>\n\n\n\n<p class=\"wp-block-paragraph\">A la fecha ning\u00fan presidente ha sabido organizar la sucesi\u00f3n ordenadamente, mucho menos en forma democr\u00e1tica.<\/p>\n\n\n\n<p class=\"wp-block-paragraph\">O lo han hecho autoritariamente directa o simulada. Con comparsa del partido, pero fielmente autoritaria. Su objetivo ha sido invariablemente imponer al sucesor. Para continuar el proyecto o para que la pandilla o el c\u00e1rtel siga en el poder.&nbsp;<\/p>\n\n\n\n<p class=\"wp-block-paragraph\">El juego de las corcholatas en su nombre lleva su alcance: es un simple juego aleatorio donde el presidente est\u00e1 jugando con sus aspirantes. Por lo pronto ya les adelant\u00f3 hueso. Los gobernadores son los depositarios de la responsabilidad de funcionar como partido y gobierno para simular una transici\u00f3n democr\u00e1tica donde todos sabemos que el presidente y los gobernadores ser\u00e1n los actores principal\u00edsimos. Para m\u00ed eso no es nada democr\u00e1tico.&nbsp;<\/p>\n\n\n\n<p class=\"wp-block-paragraph\">Solo falta que un&nbsp; actor hable, la sociedad. All\u00ed radicar\u00e1 la forma en que terminar\u00e1 este juego de apariencias de las llamadas corcholatas.<\/p>\n\n\n\n<p class=\"wp-block-paragraph\">Lo \u00fanico cierto, hasta ahora, es que ni la derecha ni la izquierda han sabido organizar la sucesi\u00f3n en forma democr\u00e1tica. \u00bfNo saben? \u00bfNo quieren? \u00bfNo pueden?<\/p>\n\n\n\n<p class=\"wp-block-paragraph\">Lo visible es que ni la derecha ni la izquierda quieren una sucesi\u00f3n democr\u00e1tica, eso es lo \u00fanico certero.<\/p>\n\n\n\n<p class=\"wp-block-paragraph\"><em>*Im\u00e1genes tomadas de la red social de Facebook.<\/em><\/p>\n<div class=\"fb-background-color\">\n\t\t\t  <div \n\t\t\t  \tclass = \"fb-comments\" \n\t\t\t  \tdata-href = \"https:\/\/diarioavanzada.com.mx\/?p=45307\"\n\t\t\t  \tdata-numposts = \"10\"\n\t\t\t  \tdata-lazy = \"true\"\n\t\t\t\tdata-colorscheme = \"light\"\n\t\t\t\tdata-order-by = \"social\"\n\t\t\t\tdata-mobile=true>\n\t\t\t  <\/div><\/div>\n\t\t  <style>\n\t\t    .fb-background-color {\n\t\t\t\tbackground:  !important;\n\t\t\t}\n\t\t\t.fb_iframe_widget_fluid_desktop iframe {\n\t\t\t    width: 100% !important;\n\t\t\t}\n\t\t  <\/style>\n\t\t  ","protected":false},"excerpt":{"rendered":"<p>Columna El puercoesp\u00edn&nbsp; As\u00ed arrancaron las corcholatas: Espina Carnal.- Marcelo Ebrard inici\u00f3 su campa\u00f1a en un&nbsp; vocho. Todo indica que su estrategia es ir por el electorado clasemediero y urbano que se siente de izquierda, pero no se ubica entre los radicales. Entendiendo que la encuesta es abierta a toda la poblaci\u00f3n. Ya tuvo su [&hellip;]<\/p>\n","protected":false},"author":9,"featured_media":45309,"comment_status":"closed","ping_status":"closed","sticky":false,"template":"","format":"standard","meta":{"_coblocks_attr":"","_coblocks_dimensions":"","_coblocks_responsive_height":"","_coblocks_accordion_ie_support":"","advanced_seo_description":"","jetpack_seo_html_title":"","jetpack_seo_noindex":false,"jetpack_seo_schema_type":"","_jetpack_newsletter_access":"","_jetpack_dont_email_post_to_subs":false,"_jetpack_newsletter_tier_id":0,"_jetpack_memberships_contains_paywalled_content":false,"_wpcom_ai_launchpad_first_post":false,"_jetpack_feature_clip_id":0,"_jetpack_memberships_contains_paid_content":false,"footnotes":"","jetpack_post_was_ever_published":false},"categories":[19,209,24],"tags":[220,210],"class_list":["post-45307","post","type-post","status-publish","format-standard","has-post-thumbnail","hentry","category-colima","category-importantes","category-opinion","tag-opinion","tag-portada"],"jetpack-related-posts":[],"jetpack_sharing_enabled":true,"amp_enabled":true,"jetpack_featured_media_url":"https:\/\/diarioavanzada.com.mx\/wp-content\/uploads\/2023\/06\/image-388.png","_links":{"self":[{"href":"https:\/\/diarioavanzada.com.mx\/index.php?rest_route=\/wp\/v2\/posts\/45307","targetHints":{"allow":["GET"]}}],"collection":[{"href":"https:\/\/diarioavanzada.com.mx\/index.php?rest_route=\/wp\/v2\/posts"}],"about":[{"href":"https:\/\/diarioavanzada.com.mx\/index.php?rest_route=\/wp\/v2\/types\/post"}],"author":[{"embeddable":true,"href":"https:\/\/diarioavanzada.com.mx\/index.php?rest_route=\/wp\/v2\/users\/9"}],"replies":[{"embeddable":true,"href":"https:\/\/diarioavanzada.com.mx\/index.php?rest_route=%2Fwp%2Fv2%2Fcomments&post=45307"}],"version-history":[{"count":4,"href":"https:\/\/diarioavanzada.com.mx\/index.php?rest_route=\/wp\/v2\/posts\/45307\/revisions"}],"predecessor-version":[{"id":45312,"href":"https:\/\/diarioavanzada.com.mx\/index.php?rest_route=\/wp\/v2\/posts\/45307\/revisions\/45312"}],"wp:featuredmedia":[{"embeddable":true,"href":"https:\/\/diarioavanzada.com.mx\/index.php?rest_route=\/wp\/v2\/media\/45309"}],"wp:attachment":[{"href":"https:\/\/diarioavanzada.com.mx\/index.php?rest_route=%2Fwp%2Fv2%2Fmedia&parent=45307"}],"wp:term":[{"taxonomy":"category","embeddable":true,"href":"https:\/\/diarioavanzada.com.mx\/index.php?rest_route=%2Fwp%2Fv2%2Fcategories&post=45307"},{"taxonomy":"post_tag","embeddable":true,"href":"https:\/\/diarioavanzada.com.mx\/index.php?rest_route=%2Fwp%2Fv2%2Ftags&post=45307"}],"curies":[{"name":"wp","href":"https:\/\/api.w.org\/{rel}","templated":true}]}}