{"id":45116,"date":"2023-06-23T07:36:11","date_gmt":"2023-06-23T13:36:11","guid":{"rendered":"https:\/\/diarioavanzada.com.mx\/?p=45116"},"modified":"2023-06-23T07:41:02","modified_gmt":"2023-06-23T13:41:02","slug":"la-paz-de-papel","status":"publish","type":"post","link":"https:\/\/diarioavanzada.com.mx\/?p=45116","title":{"rendered":"La paz de papel"},"content":{"rendered":"\n<p class=\"wp-block-paragraph\">Columna<\/p>\n\n\n\n<p class=\"wp-block-paragraph\">El puercoesp\u00edn&nbsp;<\/p>\n\n\n\n<p class=\"wp-block-paragraph\">Carlos Pellicer citado por Monsiv\u00e1is en D\u00edas de guardar sostiene que: \u201cEl pueblo mexicano tiene dos obsesiones: el gusto por la muerte y el amor por las flores\u201d.<\/p>\n\n\n\n<p class=\"wp-block-paragraph\">El gusto popular por la muerte tuvo un nicho muy importante en M\u00e9xico: las peluquer\u00edas. All\u00ed en los revisteros el Alarma era la revista que los ni\u00f1os, adolescente y adultos busc\u00e1bamos para saciar nuestros gustos morbosos.<\/p>\n\n\n\n<p class=\"wp-block-paragraph\">El Alarma fue una revista de nota roja especializada en crimines y muerte, sus p\u00e1ginas estaban llenas de gran cantidad de im\u00e1genes de cad\u00e1veres; de los asesinos, aun con el arma asesina en mano. Fue tan popular que lleg\u00f3 a tener tirajes de m\u00e1s de dos millones de ejemplares por semana. Su primer n\u00famero apareci\u00f3 el 17 de abril de 1963.<\/p>\n\n\n\n<p class=\"wp-block-paragraph\">Ah\u00ed en la peluquer\u00eda pod\u00edamos verla y dar rienda suelta a ver la muerte frente a frente en los cad\u00e1veres de las planchas del servicio m\u00e9dico forense, o incluso inertes, en los autos colisionados. Ver las miradas de los asesinos y sus poses duras nos llenaba ese gusto obsesivo por la muerte de la que habla Carlos Pellicer y los documenta Carlos Monsiv\u00e1is.<\/p>\n\n\n\n<p class=\"wp-block-paragraph\">El Alarma era tan expl\u00edcita que en nuestra casa no la pod\u00edamos llevar ni leer y si, por alguna circunstancia, llegaba un Alarma a casa, la ten\u00edamos que ver furtivamente.&nbsp;<\/p>\n\n\n\n<p class=\"wp-block-paragraph\">Nuestra obsesi\u00f3n ah\u00ed estaba latiendo dentro de nuestro ser. Y solo furtivamente la pod\u00edamos enfrentar cara a cara gracias al Alarma.<\/p>\n\n\n\n<p class=\"wp-block-paragraph\">Hoy nuestro morbo es m\u00e1s f\u00e1cil de saciar. La muerte est\u00e1 las calles transitado, en un restaurante, en una tienda de conveniencia, en un bar, en un antro, la muerte nos pasa al&nbsp; lado y, a veces, a algunos de nosotros nos alcanza por equivocaci\u00f3n. &nbsp;<\/p>\n\n\n\n<p class=\"wp-block-paragraph\">La muerte tambi\u00e9n pas\u00f3 a ser una actriz primer\u00edsima de la vida en las redes: aparece en un tiroteo en las casas fif\u00eds, en los cotos privados, en las colonias populares, en los barrios clasemedieros. No tiene preferencia por ning\u00fan estrato social, no hay exclusividades. Hay zonas, hay un tri\u00e1ngulo de la muerte en la zona metropolitana, es el tri\u00e1ngulo formado por el Mezcalito, el Zalat\u00f3n de Ju\u00e1rez y la calle Manuel Gallardo Zamora, all\u00ed tiene su territorio preferente.<\/p>\n\n\n\n<p class=\"wp-block-paragraph\">La muerte en la zona metropolitana le llega principalmente a los j\u00f3venes, a los chicos bien, que nadie hubiera sospechado que andaban en esas ondas.&nbsp;<\/p>\n\n\n\n<p class=\"wp-block-paragraph\">La muerte en Colima la vivimos en carne propia, en las redes. Pasa a nuestro lado y no nos toca. La respiramos.&nbsp;<\/p>\n\n\n\n<p class=\"wp-block-paragraph\">La muerte no se pudo esconder m\u00e1s en el papel de los peri\u00f3dicos. La muerte estaba en las \u00faltimas p\u00e1ginas de los peri\u00f3dicos, la escond\u00edan, la maquillaban, la negaban. Y se le negaban no exist\u00eda y por tanto la vida estaba sobre la muerte.<\/p>\n\n\n\n<p class=\"wp-block-paragraph\">\u00c9ramos felices viviendo entre muerto, muertos que no aparec\u00edan en los medios impresos (todav\u00eda circulando, pero agonizando) ni en la televisi\u00f3n ni en el radio ni en los portales digitales.&nbsp;<\/p>\n\n\n\n<p class=\"wp-block-paragraph\">Cuando Calder\u00f3n le declar\u00f3 la guerra al narco porque, \u00e9l y su gobierno formaban parte de ese entramado, jugando un doble papel de autoridad y criminal, el mundo cambi\u00f3. Las masacres se escondieron y solo aparec\u00edan en los medios los muertos que eran autorizados a existir \u2013vaya paradoja- que solo exist\u00edan cuando los mataban.<\/p>\n\n\n\n<p class=\"wp-block-paragraph\">Con Calder\u00f3n empez\u00f3 a existir la guerra entre criminales y el gobierno.&nbsp;<\/p>\n\n\n\n<p class=\"wp-block-paragraph\">Desde entonces esta guerra tiene metidos a los partidos en esa disputa mortal que favorece a los criminales porque los pol\u00edticos les dan legitimidad.<\/p>\n\n\n\n<p class=\"wp-block-paragraph\">El Gobierno de Colima se rindi\u00f3&nbsp;<\/p>\n\n\n\n<p class=\"wp-block-paragraph\">Lo sociedad colimense est\u00e1 viviendo tiempos donde los muertos invaden las avenidas, las colonias populares, las carreteras, las tiendas de conveniencia, son ubicuos. El gobierno de Colima no puede con tanto muerto. No haya d\u00f3nde esconderles.&nbsp;<\/p>\n\n\n\n<p class=\"wp-block-paragraph\">El actual gobierno se rindi\u00f3 y dijo ya no puedo y ha optado por chayotear a los medios para inventar una narrativa de paz ficticia. Pretende, en los medios, regresar a la narrativa donde no hab\u00eda muertos no hab\u00eda masacres porque los medios los negaban y el gobierno maquillaba las cifras y los coment\u00f3cratas teorizaban, especulaban y cavilaban los porqu\u00e9s del buen \u201cfuncionamiento del gobierno\u201d los muertos se escond\u00edan bajo la alfombra de la hipocres\u00eda. No pas\u00f3 mucho tiempo y las fosas poco a poco nos cuentan otra historia. Los muertos resucitaron para todos y hablaron para reclamar que s\u00ed existen que, alguien, los sigue esperando en su casa.<\/p>\n\n\n\n<p class=\"wp-block-paragraph\">El Gobierno de Colima no puede m\u00e1s y ya hizo un pacto con los sindicatos empresariales para que digan p\u00fablicamente que la estad\u00edstica mortal va a la baja. Hay muerto, pero poquitos. Los medios le bajan al tono de los muertos para soportar el discurso de los empresarios. Hay cobro de piso, pero con descuento. Hay desaparecidos, pero cobran menos por su rescate.<\/p>\n\n\n\n<p class=\"wp-block-paragraph\">El gobierno de Indira no puede m\u00e1s&nbsp; y ha decidido vivir y vendernos una paz de papel, una paz digital, donde los muertos ir\u00e1n bajando en n\u00famero hasta llegar a la extinci\u00f3n y \u00a1Oh sorpresa! Un d\u00eda cualquiera, en los medios, estaremos viendo que el crimen ha desaparecido. Los muertos se habr\u00e1n ido.<\/p>\n\n\n\n<p class=\"wp-block-paragraph\">Pero las estad\u00edsticas tercas nos seguir\u00e1n diciendo que los muertos siguen all\u00ed.<\/p>\n\n\n\n<p class=\"wp-block-paragraph\">Hoy no es como antes el Facebook y Twitter nos seguir\u00e1n mostrando los cad\u00e1veres y las fichas de los desaparecidos porque los muertos no se han ido.<\/p>\n\n\n\n<p class=\"wp-block-paragraph\">Los medios chayoteros insistir\u00e1n que la seguridad volvi\u00f3 a la ciudad, al estado. Que vivimos en un estado m\u00e1s seguro, que quienes hablan de los muertos son sus cr\u00edticos malquerientes, mis\u00f3ginos y partidarios de la violencia de g\u00e9nero y francos apoyadores de los conservadores.<\/p>\n\n\n\n<p class=\"wp-block-paragraph\">El gobierno al pagar a los medios para desaparecer a los muertos nos quiere vender un regreso a los tiempos de la paz de papel.&nbsp;<\/p>\n\n\n\n<p class=\"wp-block-paragraph\">En los \u00faltimos cuarenta a\u00f1os nos vendieron una paz de papel.<\/p>\n\n\n\n<p class=\"wp-block-paragraph\">Lo peligroso de la paz de papel es que un d\u00eda cualquiera la verdad surge de las fosas clandestinas y el problema es mucho m\u00e1s grave por haberlo ralentizado.<\/p>\n\n\n\n<p class=\"wp-block-paragraph\">Querer vender una paz de papel es una soluci\u00f3n para un gobierno d\u00e9bil, mediocre e in\u00fatil que se dio por vencido porque nunca estuvo preparado para gobernar.<\/p>\n\n\n\n<p class=\"wp-block-paragraph\">Fernando Moreno, Mario Anguiano, Silverio Cavazos, Ignacio Peralta, los \u00faltimos gobernadores priistas nos vendieron una paz de papel. Hoy estamos viviendo sus consecuencias.<\/p>\n\n\n\n<p class=\"wp-block-paragraph\">Indira Vizca\u00edno su fiel heredera, en todos sentidos, est\u00e1 retomando los m\u00e9todos de sus compa\u00f1eros de partido \u2013aunque jura que es de Morena-, es decir, esconder el problema con billetes. Pagar a los medios para que se escondan los cad\u00e1veres y, por tanto, matar el problema escondi\u00e9ndolo con las s\u00e1banas de la tinta y el papel, o mejor dicho, borr\u00e1ndolos de los medios para luego declarar su inexistencia y declarar la paz, la paz de papel, hablando metaf\u00f3ricamente.\u00a0 \u00a0 \u00a0<\/p>\n\n\n\n<p class=\"wp-block-paragraph\"><em>*Imagen ilustrativa, tomada de la red social de la gobernadora, Indira Vizca\u00edno Silva.<\/em><\/p>\n\n\n\n<div class=\"wp-block-columns is-layout-flex wp-container-core-columns-is-layout-8aa3364d wp-block-columns-is-layout-flex\" style=\"padding-top:2.5rem;padding-right:2.5rem;padding-bottom:2.5rem;padding-left:2.5rem\">\n<div class=\"wp-block-column is-layout-flow wp-block-column-is-layout-flow\" style=\"flex-basis:25%\">\n<figure class=\"wp-block-image size-full\"><img loading=\"lazy\" decoding=\"async\" width=\"1024\" height=\"1024\" src=\"https:\/\/diarioavanzada.com.mx\/wp-content\/uploads\/2023\/06\/Federico-Lopez-Ramirez.jpeg\" alt=\"\" class=\"wp-image-43776\" srcset=\"https:\/\/diarioavanzada.com.mx\/wp-content\/uploads\/2023\/06\/Federico-Lopez-Ramirez.jpeg 1024w, https:\/\/diarioavanzada.com.mx\/wp-content\/uploads\/2023\/06\/Federico-Lopez-Ramirez-300x300.jpeg 300w, https:\/\/diarioavanzada.com.mx\/wp-content\/uploads\/2023\/06\/Federico-Lopez-Ramirez-150x150.jpeg?crop=1 150w, https:\/\/diarioavanzada.com.mx\/wp-content\/uploads\/2023\/06\/Federico-Lopez-Ramirez-768x768.jpeg 768w, https:\/\/diarioavanzada.com.mx\/wp-content\/uploads\/2023\/06\/Federico-Lopez-Ramirez-80x80.jpeg?crop=1 80w, https:\/\/diarioavanzada.com.mx\/wp-content\/uploads\/2023\/06\/Federico-Lopez-Ramirez-800x800.jpeg?crop=1 800w, https:\/\/diarioavanzada.com.mx\/wp-content\/uploads\/2023\/06\/Federico-Lopez-Ramirez-400x400.jpeg?crop=1 400w, https:\/\/diarioavanzada.com.mx\/wp-content\/uploads\/2023\/06\/Federico-Lopez-Ramirez-200x200.jpeg?crop=1 200w\" sizes=\"auto, (max-width: 1024px) 100vw, 1024px\" \/><\/figure>\n<\/div>\n\n\n\n<div class=\"wp-block-column is-layout-flow wp-block-column-is-layout-flow\" style=\"flex-basis:75%\">\n<h2 class=\"wp-block-heading\">Federico L\u00f3pez Ram\u00edrez<\/h2>\n\n\n\n<p class=\"wp-block-paragraph\">Naci\u00f3 en Los Tepames, Colima, el mismo d\u00eda que sor Juana In\u00e9s de la Cruz, pero de 1960. Milit\u00f3 en el Psum. Gusta de autores literarios dialectales. Odia a los caciques de rancho y ama a su nieta Victoria Amelia.<\/p>\n\n\n\n<div class=\"wp-block-buttons is-layout-flex wp-block-buttons-is-layout-flex\">\n<div class=\"wp-block-button\"><a class=\"wp-block-button__link wp-element-button\">https:\/\/twitter.com\/FedericoLpezRa1<\/a><\/div>\n<\/div>\n<\/div>\n<\/div>\n<div class=\"fb-background-color\">\n\t\t\t  <div \n\t\t\t  \tclass = \"fb-comments\" \n\t\t\t  \tdata-href = \"https:\/\/diarioavanzada.com.mx\/?p=45116\"\n\t\t\t  \tdata-numposts = \"10\"\n\t\t\t  \tdata-lazy = \"true\"\n\t\t\t\tdata-colorscheme = \"light\"\n\t\t\t\tdata-order-by = \"social\"\n\t\t\t\tdata-mobile=true>\n\t\t\t  <\/div><\/div>\n\t\t  <style>\n\t\t    .fb-background-color {\n\t\t\t\tbackground:  !important;\n\t\t\t}\n\t\t\t.fb_iframe_widget_fluid_desktop iframe {\n\t\t\t    width: 100% !important;\n\t\t\t}\n\t\t  <\/style>\n\t\t  ","protected":false},"excerpt":{"rendered":"<p>Columna El puercoesp\u00edn&nbsp; Carlos Pellicer citado por Monsiv\u00e1is en D\u00edas de guardar sostiene que: \u201cEl pueblo mexicano tiene dos obsesiones: el gusto por la muerte y el amor por las flores\u201d. El gusto popular por la muerte tuvo un nicho muy importante en M\u00e9xico: las peluquer\u00edas. All\u00ed en los revisteros el Alarma era la revista [&hellip;]<\/p>\n","protected":false},"author":9,"featured_media":45118,"comment_status":"closed","ping_status":"closed","sticky":false,"template":"","format":"standard","meta":{"_coblocks_attr":"","_coblocks_dimensions":"","_coblocks_responsive_height":"","_coblocks_accordion_ie_support":"","advanced_seo_description":"","jetpack_seo_html_title":"","jetpack_seo_noindex":false,"jetpack_seo_schema_type":"","_jetpack_newsletter_access":"","_jetpack_dont_email_post_to_subs":false,"_jetpack_newsletter_tier_id":0,"_jetpack_memberships_contains_paywalled_content":false,"_wpcom_ai_launchpad_first_post":false,"_jetpack_feature_clip_id":0,"_jetpack_memberships_contains_paid_content":false,"footnotes":"","jetpack_post_was_ever_published":false},"categories":[19,209,24],"tags":[220,210],"class_list":["post-45116","post","type-post","status-publish","format-standard","has-post-thumbnail","hentry","category-colima","category-importantes","category-opinion","tag-opinion","tag-portada"],"jetpack-related-posts":[],"jetpack_sharing_enabled":true,"amp_enabled":true,"jetpack_featured_media_url":"https:\/\/diarioavanzada.com.mx\/wp-content\/uploads\/2023\/06\/image-342.png","_links":{"self":[{"href":"https:\/\/diarioavanzada.com.mx\/index.php?rest_route=\/wp\/v2\/posts\/45116","targetHints":{"allow":["GET"]}}],"collection":[{"href":"https:\/\/diarioavanzada.com.mx\/index.php?rest_route=\/wp\/v2\/posts"}],"about":[{"href":"https:\/\/diarioavanzada.com.mx\/index.php?rest_route=\/wp\/v2\/types\/post"}],"author":[{"embeddable":true,"href":"https:\/\/diarioavanzada.com.mx\/index.php?rest_route=\/wp\/v2\/users\/9"}],"replies":[{"embeddable":true,"href":"https:\/\/diarioavanzada.com.mx\/index.php?rest_route=%2Fwp%2Fv2%2Fcomments&post=45116"}],"version-history":[{"count":4,"href":"https:\/\/diarioavanzada.com.mx\/index.php?rest_route=\/wp\/v2\/posts\/45116\/revisions"}],"predecessor-version":[{"id":45121,"href":"https:\/\/diarioavanzada.com.mx\/index.php?rest_route=\/wp\/v2\/posts\/45116\/revisions\/45121"}],"wp:featuredmedia":[{"embeddable":true,"href":"https:\/\/diarioavanzada.com.mx\/index.php?rest_route=\/wp\/v2\/media\/45118"}],"wp:attachment":[{"href":"https:\/\/diarioavanzada.com.mx\/index.php?rest_route=%2Fwp%2Fv2%2Fmedia&parent=45116"}],"wp:term":[{"taxonomy":"category","embeddable":true,"href":"https:\/\/diarioavanzada.com.mx\/index.php?rest_route=%2Fwp%2Fv2%2Fcategories&post=45116"},{"taxonomy":"post_tag","embeddable":true,"href":"https:\/\/diarioavanzada.com.mx\/index.php?rest_route=%2Fwp%2Fv2%2Ftags&post=45116"}],"curies":[{"name":"wp","href":"https:\/\/api.w.org\/{rel}","templated":true}]}}