{"id":45015,"date":"2023-06-22T07:56:37","date_gmt":"2023-06-22T13:56:37","guid":{"rendered":"https:\/\/diarioavanzada.com.mx\/?p=45015"},"modified":"2023-06-22T07:56:40","modified_gmt":"2023-06-22T13:56:40","slug":"no-tienen-remedio","status":"publish","type":"post","link":"https:\/\/diarioavanzada.com.mx\/?p=45015","title":{"rendered":"No tienen remedio"},"content":{"rendered":"\n<p class=\"wp-block-paragraph\">Columna<\/p>\n\n\n\n<p class=\"wp-block-paragraph\">El puercoesp\u00edn&nbsp;<\/p>\n\n\n\n<p class=\"wp-block-paragraph\">El lunes 19, en Manzanillo, hubo un accidente y se derram\u00f3 una sustancia t\u00f3xica en la ASIPONA. El mi\u00e9rcoles, aparentemente, todo estaba en calma y los riesgos se hab\u00edan disipado; sin embargo, los vecinos de varias colonias del puerto se sintieron amenazados porque una nube de gas que provoca irritaci\u00f3n en los ojos, n\u00e1useas y mareos cubre a la zona metropolitana de Manzanillo, lo anterior producto de un \u201cincidente\u201d ocurrido en la terminal Hutchison Ports TIMSA, a pesar de los testimonios, el almirante Salvador G\u00f3mez Meill\u00f3n, director de ASIPONA, no ha informado qu\u00e9 producto qu\u00edmico es. Poco tiempo despu\u00e9s en la ASIPONA se dijeron complacidos porque \u201ca partir de las 00:00 horas del martes 20 de junio, se ha restablecido por completo la normalidad en las operaciones de la terminal de Hutchison Ports TIMSA\u201d. Y ratifican: \u201cEs importante destacar que en ning\u00fan momento existi\u00f3 alg\u00fan riesgo para la poblaci\u00f3n aleda\u00f1a al puerto de Manzanillo. Los sistemas y procedimientos establecidos para atender estas eventualidades funcionario de manera efectiva, lo que permiti\u00f3 evitar cualquier lesi\u00f3n a las personas y proteger el entorno\u201d.<\/p>\n\n\n\n<p class=\"wp-block-paragraph\">\u201cNo tienen una presidenta irresponsable, no tienen una presidenta que va a salir a decir no pasa nada, sino tengo la informaci\u00f3n\u201d, dijo la presidenta municipal de Manzanillo, Griselda Mart\u00ednez, al responsabilizar a la Capitan\u00eda de Puerto por no informar a tiempo las consecuencias del derrame de un qu\u00edmico que ocasion\u00f3 efectos nocivos en&nbsp; la salud de los manzanillenses.<\/p>\n\n\n\n<p class=\"wp-block-paragraph\">La visi\u00f3n del municipio<\/p>\n\n\n\n<p class=\"wp-block-paragraph\">La alcaldesa porte\u00f1a inform\u00f3 que el qu\u00edmico no pone en riesgo la vida de las personas, pero subray\u00f3 que ignoran las repercusiones que pudieran tener, por lo que sugiri\u00f3 acudir al m\u00e9dico si notaran afectaciones en la salud.<\/p>\n\n\n\n<p class=\"wp-block-paragraph\">Visiblemente molesta, Griselda Mart\u00ednez dijo que lo que padecen hoy los ciudadanos no se puede repetir. Explic\u00f3 que esta ma\u00f1ana se reunieron de forma extraordinaria el Consejo Municipal de Protecci\u00f3n Civil, estuvieron presentes la directora del DIF municipal, Lorena del Roc\u00edo, personal de: CFE, SEP, UdeC, SEMAR, SEDENA, Protecci\u00f3n Civil Estatal y Municipal, Seguridad P\u00fablica Municipal y otras instituciones, que forman parte de este Consejo.<\/p>\n\n\n\n<p class=\"wp-block-paragraph\">Unidad Estatal de Protecci\u00f3n Civil&nbsp;<\/p>\n\n\n\n<p class=\"wp-block-paragraph\">\u201cDado que el derrame fue realizado en cielo abierto, este est\u00e1 expuesto, dando origen a un olor bastante fuerte. Nosotros estuvimos en el lugar y de alguna manera se percibe muy fuerte, sin embargo, observamos que el puerto est\u00e1 trabajando con normalidad, los tanques ya fueron extra\u00eddos del buque y ya fueron vaciados. Ya se hizo una limpieza, y bueno el olor persiste en algunos puntos, sin embargo, no representa hasta este momento un riesgo importante en el tema de salud\u201d, indic\u00f3 el titular de la UEPC.<\/p>\n\n\n\n<p class=\"wp-block-paragraph\">De acuerdo con la Ficha T\u00e9cnica de Seguridad de Thermo Fischer scientific elaborado el 20 de mayo de 210 y revisada el 14 de diciembre del mismo a\u00f1o la sustancia derramada denominada <strong>stabilized dicyclopentadiene <\/strong>es un l\u00edquido inflamable si se le aplica una fuente de ignici\u00f3n. T\u00f3xico agudo oral por inhalaci\u00f3n en grados 3 y 4; irritaci\u00f3n cut\u00e1nea y ocular en grado 2. Sus vapores son inflamables. Es considerada una sustancia no bioacumulable persistente ni t\u00f3xica, lo cual significa que es biodegradable y no tiende a acumularse en los seres vivos acu\u00e1ticos; sin embargo, la misma ficha aclara que no debe verterse en el mar porque es da\u00f1ina a largo plazo para los seres vivos.<\/p>\n\n\n\n<p class=\"wp-block-paragraph\">La alarma de los vecinos<\/p>\n\n\n\n<p class=\"wp-block-paragraph\">Tuvieron raz\u00f3n los vecinos en alarmarse y buscar medidas de protecci\u00f3n, pues ante desastres o accidentes, como el presente, se deben aplicar los protocolos correspondientes establecidos en las fichas t\u00e9cnicas de seguridad pertinentes.<\/p>\n\n\n\n<p class=\"wp-block-paragraph\">El director de la ASIPONA, Salvador G\u00f3mez Meill\u00f3n, hizo mal en no brindar la informaci\u00f3n pertinente y en forma inmediata a las autoridades municipales que son las que pueden actuar en forma r\u00e1pida y eficientemente. La no informaci\u00f3n provoca desconcierto y alarma justificados por los efectos que se observaron en algunas personas.<\/p>\n\n\n\n<p class=\"wp-block-paragraph\">El retraso para informar (lo hicieron 3 d\u00edas despu\u00e9s) ocasion\u00f3 alarma y zozobra fundadas en los habitantes. Tambi\u00e9n debi\u00f3 informar a la autoridad municipal porque la ASIPONA no es ninguna rep\u00fablica independiente o territorio libre y soberano, que se sepa, que tiene su domino sobre la propiedad y espacio de operaciones es otra cosa. El caso es que lo sucedido en ese espacio tiene repercusiones en todo el municipio y principalmente zonas habitacionales del municipio. &nbsp;<\/p>\n\n\n\n<p class=\"wp-block-paragraph\">El video que se publica el mi\u00e9rcoles a la tarde (por la ASIPONA) muestra un espacio laboral libre de sustancia o contaminaci\u00f3n aparente, adem\u00e1s se argumenta que la nube t\u00f3xica no es otra cosa que un fen\u00f3meno atmosf\u00e9rico.<\/p>\n\n\n\n<p class=\"wp-block-paragraph\">Despu\u00e9s de conocerse la sustancia derramada el video publicado por la ASIPONA no es convincente, pues los olores percibidos por los habitantes y los s\u00edntomas presentados como n\u00e1useas y v\u00f3mito, entre otros, encendieron las alarmas de los ciudadanos porque son consistentes con la ficha de seguridad de la empresa Thermo Fischer scientific<\/p>\n\n\n\n<p class=\"wp-block-paragraph\">La ficha de seguridad del dicyclopentadiene contiene los siguientes apartados: identificaci\u00f3n de la sustancia, composici\u00f3n, los primeros auxilios, lucha contra incendios y la toma de medidas en caso de vertido accidental y fuentes de ignici\u00f3n cercanas.<\/p>\n\n\n\n<p class=\"wp-block-paragraph\">Insisto, la ficha es consistente con los s\u00edntomas que tuvieron los vecinos en las colonias cercanas del municipio porte\u00f1o lo que hace suponer que el vertido de la sustancia fue cuantitativamente importante.<\/p>\n\n\n\n<p class=\"wp-block-paragraph\">La buena noticia es que todo parece estar bajo control.<\/p>\n\n\n\n<p class=\"wp-block-paragraph\">Las ense\u00f1anzas son lo siguientes: la autoridad municipal debe estar informada en forma inmediata para que act\u00fae en favor de la seguridad de los habitantes; la ASIPONA nunca m\u00e1s debe esconder la informaci\u00f3n porque m\u00e1s que causar seguridad y tranquilidad provoca lo contrario alarma y temores fundados; el gobierno del estado est\u00e1 en su papel, es decir, haciendo lo mejor que sabe hacer: nada.<\/p>\n\n\n\n<p class=\"wp-block-paragraph\">Lo sucedido en la ASIPONA, el lunes 19, es un momento de amplia solidaridad y de acci\u00f3n de protecci\u00f3n civil en el que no deben involucrarse colores pol\u00edticos porque las emergencias no tienen sentido pol\u00edtico. Hacerlo es ir contra los intereses humanos de los habitantes. La postura de indignaci\u00f3n de la presidenta municipal y de reclamo a los bur\u00f3cratas de la ASIPONA son correctos porque ella se puso del lado de los afectados, es decir, en su papel como l\u00edder social.<\/p>\n\n\n\n<p class=\"wp-block-paragraph\"><strong><em>Debe hacerse una profunda investigaci\u00f3n para que se determine si el producto qu\u00edmico fue vertido al mar y, en su caso, qu\u00e9 cantidad y deslindarse responsabilidades y procederse judicialmente si es conducente. La defensa, seguridad y salud de los porte\u00f1os es primero.<\/em><\/strong><\/p>\n\n\n\n<p class=\"wp-block-paragraph\">Despu\u00e9s de la contingencia con dicyclopentadiene el gobierno del estado act\u00fao con su frivolidad e indolencia que los caracteriza.&nbsp;<\/p>\n\n\n\n<p class=\"wp-block-paragraph\">Rosi Bayardo estuvo en el puerto en representaci\u00f3n del Gobierno del estado e hizo lo que le fascina y le divierte, turismo pol\u00edtico. Rosi Bayardo demostr\u00f3 que su incapacidad t\u00e9cnica y pol\u00edtica es palmaria. Lo demostr\u00f3 plenamente en la Secretaria de Econom\u00eda. Hoy en su cargo como directora del DIF, es decir, en un puesto de cosas sin importancia \u2013as\u00ed entienden ellos este puesto-.<\/p>\n\n\n\n<p class=\"wp-block-paragraph\">Lo anterior significa que a la gobernadora Manzanillo le importa muy poco. Al mandar a una funcionaria de bajo perfil, inepta y de una oficina sin importancia est\u00e1 proyectando sus intenciones,<\/p>\n\n\n\n<p class=\"wp-block-paragraph\">El haberse comisionado a alguien que no aporta conocimiento t\u00e9cnico, tampoco habilidades pol\u00edticas, \u00bfa qu\u00e9 va a Manzanillo? Advino usted: a tomarse una selfi en la ASIPONA.&nbsp;<\/p>\n\n\n\n<p class=\"wp-block-paragraph\">No tienen remedio.\u00a0<\/p>\n\n\n\n<p class=\"wp-block-paragraph\"><em>*Imagen tomada de un video compartido en la red social de Rosi Bayardo.<\/em><\/p>\n<div class=\"fb-background-color\">\n\t\t\t  <div \n\t\t\t  \tclass = \"fb-comments\" \n\t\t\t  \tdata-href = \"https:\/\/diarioavanzada.com.mx\/?p=45015\"\n\t\t\t  \tdata-numposts = \"10\"\n\t\t\t  \tdata-lazy = \"true\"\n\t\t\t\tdata-colorscheme = \"light\"\n\t\t\t\tdata-order-by = \"social\"\n\t\t\t\tdata-mobile=true>\n\t\t\t  <\/div><\/div>\n\t\t  <style>\n\t\t    .fb-background-color {\n\t\t\t\tbackground:  !important;\n\t\t\t}\n\t\t\t.fb_iframe_widget_fluid_desktop iframe {\n\t\t\t    width: 100% !important;\n\t\t\t}\n\t\t  <\/style>\n\t\t  ","protected":false},"excerpt":{"rendered":"<p>Columna El puercoesp\u00edn&nbsp; El lunes 19, en Manzanillo, hubo un accidente y se derram\u00f3 una sustancia t\u00f3xica en la ASIPONA. El mi\u00e9rcoles, aparentemente, todo estaba en calma y los riesgos se hab\u00edan disipado; sin embargo, los vecinos de varias colonias del puerto se sintieron amenazados porque una nube de gas que provoca irritaci\u00f3n en los [&hellip;]<\/p>\n","protected":false},"author":9,"featured_media":45016,"comment_status":"closed","ping_status":"closed","sticky":false,"template":"","format":"standard","meta":{"_coblocks_attr":"","_coblocks_dimensions":"","_coblocks_responsive_height":"","_coblocks_accordion_ie_support":"","advanced_seo_description":"","jetpack_seo_html_title":"","jetpack_seo_noindex":false,"jetpack_seo_schema_type":"","_jetpack_newsletter_access":"","_jetpack_dont_email_post_to_subs":false,"_jetpack_newsletter_tier_id":0,"_jetpack_memberships_contains_paywalled_content":false,"_wpcom_ai_launchpad_first_post":false,"_jetpack_feature_clip_id":0,"_jetpack_memberships_contains_paid_content":false,"footnotes":"","jetpack_post_was_ever_published":false},"categories":[19,209,24],"tags":[220,210],"class_list":["post-45015","post","type-post","status-publish","format-standard","has-post-thumbnail","hentry","category-colima","category-importantes","category-opinion","tag-opinion","tag-portada"],"jetpack-related-posts":[],"jetpack_sharing_enabled":true,"amp_enabled":true,"jetpack_featured_media_url":"https:\/\/diarioavanzada.com.mx\/wp-content\/uploads\/2023\/06\/image-310.png","_links":{"self":[{"href":"https:\/\/diarioavanzada.com.mx\/index.php?rest_route=\/wp\/v2\/posts\/45015","targetHints":{"allow":["GET"]}}],"collection":[{"href":"https:\/\/diarioavanzada.com.mx\/index.php?rest_route=\/wp\/v2\/posts"}],"about":[{"href":"https:\/\/diarioavanzada.com.mx\/index.php?rest_route=\/wp\/v2\/types\/post"}],"author":[{"embeddable":true,"href":"https:\/\/diarioavanzada.com.mx\/index.php?rest_route=\/wp\/v2\/users\/9"}],"replies":[{"embeddable":true,"href":"https:\/\/diarioavanzada.com.mx\/index.php?rest_route=%2Fwp%2Fv2%2Fcomments&post=45015"}],"version-history":[{"count":2,"href":"https:\/\/diarioavanzada.com.mx\/index.php?rest_route=\/wp\/v2\/posts\/45015\/revisions"}],"predecessor-version":[{"id":45018,"href":"https:\/\/diarioavanzada.com.mx\/index.php?rest_route=\/wp\/v2\/posts\/45015\/revisions\/45018"}],"wp:featuredmedia":[{"embeddable":true,"href":"https:\/\/diarioavanzada.com.mx\/index.php?rest_route=\/wp\/v2\/media\/45016"}],"wp:attachment":[{"href":"https:\/\/diarioavanzada.com.mx\/index.php?rest_route=%2Fwp%2Fv2%2Fmedia&parent=45015"}],"wp:term":[{"taxonomy":"category","embeddable":true,"href":"https:\/\/diarioavanzada.com.mx\/index.php?rest_route=%2Fwp%2Fv2%2Fcategories&post=45015"},{"taxonomy":"post_tag","embeddable":true,"href":"https:\/\/diarioavanzada.com.mx\/index.php?rest_route=%2Fwp%2Fv2%2Ftags&post=45015"}],"curies":[{"name":"wp","href":"https:\/\/api.w.org\/{rel}","templated":true}]}}