{"id":44739,"date":"2023-06-19T07:20:12","date_gmt":"2023-06-19T13:20:12","guid":{"rendered":"https:\/\/diarioavanzada.com.mx\/?p=44739"},"modified":"2023-06-19T07:26:38","modified_gmt":"2023-06-19T13:26:38","slug":"los-bichos-la-autoridad-la-policia-y-la-tira","status":"publish","type":"post","link":"https:\/\/diarioavanzada.com.mx\/?p=44739","title":{"rendered":"Los Bichos, la autoridad, la polic\u00eda y la tira"},"content":{"rendered":"\n<p class=\"wp-block-paragraph\">Columna<\/p>\n\n\n\n<p class=\"wp-block-paragraph\">El puercoesp\u00edn&nbsp;<\/p>\n\n\n\n<p class=\"wp-block-paragraph\">Rebeldes sin causa<\/p>\n\n\n\n<p class=\"wp-block-paragraph\">En 1955 se estren\u00f3 la pel\u00edcula <em>Rebelde sin causa<\/em> protagonizada por James Dean y Natalie Wood. Se trataba de una historia de adolescente ingenuos que ten\u00edan problemas en sus hogares y los proyectaban manifest\u00e1ndose en actos contra la autoridad. No ten\u00eda ning\u00fan sentido pol\u00edtico ni de protesta social alguna. El argumento de la pel\u00edcula solo proyecta el asunto de los protagonistas que todav\u00eda no hab\u00edan pasado por un proceso legas (o sea una causa o proceso judicial). La traducci\u00f3n &nbsp; literal del t\u00edtulo de la pel\u00edcula se interpret\u00f3 en M\u00e9xico como chicos que se revelaban sin ning\u00fan objetivo en particular, es decir, se decodific\u00f3 como chicos revoltosos sin ninguna causa (objetivo, ideal o motivaci\u00f3n social especifica) y nunca como chavos que no hab\u00edan pisado los tribunales. De ah\u00ed la popularizaci\u00f3n del t\u00edtulo y su aplicaci\u00f3n a los j\u00f3venes cuando hac\u00edan actos de irreverencia contra los mayores o la autoridad escolar o pol\u00edtica como un rebelde sin causa, es decir, sin sentido ni objetivo espec\u00edficos.<\/p>\n\n\n\n<p class=\"wp-block-paragraph\">Aguas con la Tira<\/p>\n\n\n\n<p class=\"wp-block-paragraph\">En M\u00e9xico en la d\u00e9cada de los 60 y 70 los chavos construyeron un lenguaje que ten\u00eda que ver todo con una rebeld\u00eda contra el gobierno y contra todo el Estado mexicano.&nbsp;<\/p>\n\n\n\n<p class=\"wp-block-paragraph\">La pel\u00edcula El Grito hace una cr\u00f3nica fotogr\u00e1fica de c\u00f3mo la protesta de los muchachos en la Universidad y el Polit\u00e9cnico Nacional hab\u00edan sido llevado por las circunstancias a encabezar toda la inconformidad que se encontraba contenida en todos y cada uno de los ciudadanos que estaban hartos de un r\u00e9gimen posrevolucionario que estaba cerrado, herm\u00e9tico a todas las manifestaciones de la sociedad. Era un r\u00e9gimen cerrado y autoritario. La sociedad primero ap\u00e1tica termin\u00f3 apoyando a los muchachos porque el hartazgo hab\u00eda tocado fondo y subyac\u00eda en todos pero faltaba alguien que lo asumiera socialmente y ese alguien fueron los estudiantes universitarios.<\/p>\n\n\n\n<p class=\"wp-block-paragraph\">Durante y despu\u00e9s del 2 de Octubre (1968) los muchachos en los barrios, las colonias, fraccionamientos, vecindades, multifamiliares, jardines, entre otros espacios, hab\u00edan incubado y desarrollado un germen de rebeld\u00eda y oposici\u00f3n al r\u00e9gimen priista. Los muchachos que tomaban cerveza, escuchaban m\u00fasica en los corros de muchachos reunidos en las esquinas hab\u00edan adoptado el lenguaje liberador que hac\u00eda suya la protesta contra un r\u00e9gimen agotado. Por eso cuando llegaba la polic\u00eda dec\u00edan \u00a1Aguas la Tira! Ya viene la Tira, la tirana. Era un grito de alerta contra un gobierno que se hab\u00eda divorciado de la sociedad. \u00a1Aguas la Tira!, la tirana. La tiran\u00eda.<\/p>\n\n\n\n<p class=\"wp-block-paragraph\">La Tira era el ap\u00f3cope de tirana, tiran\u00eda. La Tira, el gobierno, la polic\u00eda.&nbsp;<\/p>\n\n\n\n<p class=\"wp-block-paragraph\">Cada acto de reuni\u00f3n ten\u00eda un sentido de protesta y enfado con el r\u00e9gimen cerrado y autoritario.<\/p>\n\n\n\n<p class=\"wp-block-paragraph\">La gente defend\u00eda a los muchachos porque la polic\u00eda, la Tira, era la cara del odio del gobierno contra los ciudadanos y particularmente contra los j\u00f3venes.<\/p>\n\n\n\n<p class=\"wp-block-paragraph\">Los Bichos&nbsp;<\/p>\n\n\n\n<p class=\"wp-block-paragraph\">Recorren con sus motociclistas en la noche toda la zona metropolitana de Colima-Villa de \u00c1lvarez con sus escapes a todos los decibeles posibles para molestar, para intimidar, para decir que ellos mandan, para hacer gala de impunidad. \u00a0 \u00a0<\/p>\n\n\n\n<p class=\"wp-block-paragraph\">No son adolescente que quieren manifestar los problemas intrafamiliares haciendo travesuras, actos irreverentes y manifestaciones contra la autoridad, no, son sujetos m\u00e1s grandecitos y m\u00e1s perversos.<\/p>\n\n\n\n<p class=\"wp-block-paragraph\">No son muchachos que est\u00e1n hartos de tanta violencia. No son j\u00f3venes que han encontrado en las motocicletas una forma de expresar sus sentimientos de rebeld\u00eda frente a una autoridad abusiva e injusta, no.<\/p>\n\n\n\n<p class=\"wp-block-paragraph\">Son sujetos que han encontrado un vac\u00edo de autoridad. Saben que las polic\u00edas est\u00e1n muy entretenidas en su combate contra los c\u00e1rteles del crimen organizado que han fijado en la zona metropolitana su campo de batalla.<\/p>\n\n\n\n<p class=\"wp-block-paragraph\">Son sujetos que simplemente quieren intimidar a los ciudadanos, son sujetos capaces de situarse sobre la ley y la autoridad. Han sabido aprovechar el vac\u00edo entre el Gobierno del estado y los gobiernos municipales de Colima y la Villa.&nbsp;<\/p>\n\n\n\n<p class=\"wp-block-paragraph\">Ninguna autoridad ha actuado contra ellos y ninguna autoridad a dicho nada al respecto. Los millonarios regidores no han dicho nada ni han hecho nada. Solo cobran y frente a los problemas reales suelen hacer lo que mejor saben hacer: nada.<\/p>\n\n\n\n<p class=\"wp-block-paragraph\">El 8 de junio los alcanz\u00f3 el destino. Los Bichos fueron protagonistas de un tr\u00e1gico accidente donde varios miembros de esa banda perdieron la vida y nueve resultaron con heridas muy graves. Transitaban con completa impunidad sobre el Tercer Anillo con sentido Villa de \u00c1lvarez\u2013Colima a la altura del fraccionamiento Bosque Real.<\/p>\n\n\n\n<p class=\"wp-block-paragraph\">La verdad es estos sujetos tienen harta a la sociedad colimense que vive en la zona metropolitana por su descaro e impunidad.&nbsp;<\/p>\n\n\n\n<p class=\"wp-block-paragraph\">El escritor colimense, Osvaldo Mendoza public\u00f3 en su muro del Facebook un breve texto que sintetiza \u2013seg\u00fan yo- el sentimiento de los colimenses, el texto dice: \u201cNo van a entender nunca estos muchachos. Necesitamos que la autoridad aplique mano dura, porque ponen en riesgo la vida de otras personas que ni la deben ni la temen.&nbsp;<\/p>\n\n\n\n<p class=\"wp-block-paragraph\">Le sali\u00f3 cara la pirueta al Mortaliko. Andaba de lucido y 9 heridos le cobr\u00f3.<\/p>\n\n\n\n<p class=\"wp-block-paragraph\">A todo Colima nos vale madre saber a cu\u00e1nto corre tu chingadera y qu\u00e9 puedes hacer en ella.&nbsp;<\/p>\n\n\n\n<p class=\"wp-block-paragraph\">La mejor maroma que te puedes aventar es que respetes tu vida y la de tus amigos y compa\u00f1eros. Ya van cinco muertos en ocho meses.&nbsp;<\/p>\n\n\n\n<p class=\"wp-block-paragraph\">Atte.: La sociedad.\u201d<\/p>\n\n\n\n<p class=\"wp-block-paragraph\">La gobernadora y las presidentas municipales siguen sin ver ni o\u00edr este asunto. La <em>Mesa de lo in\u00fatil<\/em> no dice nada; por tanto, Los Bichos no existen. Las presidentas municipales tampoco dicen nada. Los ciudadanos solo vemos a la muerte transitando en ensordecedoras motocicletas ri\u00e9ndose de nosotros desde sus cuencas negras, de sus ojos, que nos dicen aqu\u00ed nadie manda, Colima es tierra mostrenca y estos cabalgadores con toda impunidad se apoderan de las v\u00edas urbanas y nuestros miedos. &nbsp;<\/p>\n\n\n\n<p class=\"wp-block-paragraph\">Los gobiernos estatal y municipales no ven, no oyen los problemas reales. Solo ven el presupuesto para cobrar jugosos salarios.<\/p>\n\n\n\n<p class=\"wp-block-paragraph\">Los diputados tampoco ven ni oyen. Ni siguiera han aprobado un punto de acuerdo para llamar la atenci\u00f3n sobre este asunto que ha venido creciendo y nadie hace nada.<\/p>\n\n\n\n<p class=\"wp-block-paragraph\">Gobernadora, presidentas municipales, diputados y regidores solo saben cobrar. Los verdaderos problemas no les interesan.<\/p>\n\n\n\n<p class=\"wp-block-paragraph\">Ojal\u00e1 la muerte no toque a la puerta de j\u00f3venes, ni\u00f1os, hombres o mujeres inocentes que solemos transitar en las calles de la zona metropolitana.<\/p>\n\n\n\n<p class=\"wp-block-paragraph\">\u00bfSeguir\u00e1n dejando el problema en manos de la muerte?<\/p>\n\n\n\n<p class=\"wp-block-paragraph\">La muerte es la \u00fanica que se ha ocupado del asunto.<\/p>\n\n\n\n<div class=\"wp-block-columns is-layout-flex wp-container-core-columns-is-layout-8aa3364d wp-block-columns-is-layout-flex\" style=\"padding-top:2.5rem;padding-right:2.5rem;padding-bottom:2.5rem;padding-left:2.5rem\">\n<div class=\"wp-block-column is-layout-flow wp-block-column-is-layout-flow\" style=\"flex-basis:25%\">\n<figure class=\"wp-block-image size-full\"><img loading=\"lazy\" decoding=\"async\" width=\"1024\" height=\"1024\" src=\"https:\/\/diarioavanzada.com.mx\/wp-content\/uploads\/2023\/06\/Federico-Lopez-Ramirez.jpeg\" alt=\"\" class=\"wp-image-43776\" srcset=\"https:\/\/diarioavanzada.com.mx\/wp-content\/uploads\/2023\/06\/Federico-Lopez-Ramirez.jpeg 1024w, https:\/\/diarioavanzada.com.mx\/wp-content\/uploads\/2023\/06\/Federico-Lopez-Ramirez-300x300.jpeg 300w, https:\/\/diarioavanzada.com.mx\/wp-content\/uploads\/2023\/06\/Federico-Lopez-Ramirez-150x150.jpeg?crop=1 150w, https:\/\/diarioavanzada.com.mx\/wp-content\/uploads\/2023\/06\/Federico-Lopez-Ramirez-768x768.jpeg 768w, https:\/\/diarioavanzada.com.mx\/wp-content\/uploads\/2023\/06\/Federico-Lopez-Ramirez-80x80.jpeg?crop=1 80w, https:\/\/diarioavanzada.com.mx\/wp-content\/uploads\/2023\/06\/Federico-Lopez-Ramirez-800x800.jpeg?crop=1 800w, https:\/\/diarioavanzada.com.mx\/wp-content\/uploads\/2023\/06\/Federico-Lopez-Ramirez-400x400.jpeg?crop=1 400w, https:\/\/diarioavanzada.com.mx\/wp-content\/uploads\/2023\/06\/Federico-Lopez-Ramirez-200x200.jpeg?crop=1 200w\" sizes=\"auto, (max-width: 1024px) 100vw, 1024px\" \/><\/figure>\n<\/div>\n\n\n\n<div class=\"wp-block-column is-layout-flow wp-block-column-is-layout-flow\" style=\"flex-basis:75%\">\n<h2 class=\"wp-block-heading\">Federico L\u00f3pez Ram\u00edrez<\/h2>\n\n\n\n<p class=\"wp-block-paragraph\">Naci\u00f3 en Los Tepames, Colima, el mismo d\u00eda que sor Juana In\u00e9s de la Cruz, pero de 1960. Milit\u00f3 en el Psum. Gusta de autores literarios dialectales. Odia a los caciques de rancho y ama a su nieta Victoria Amelia.<\/p>\n\n\n\n<div class=\"wp-block-buttons is-layout-flex wp-block-buttons-is-layout-flex\">\n<div class=\"wp-block-button\"><a class=\"wp-block-button__link wp-element-button\">https:\/\/twitter.com\/FedericoLpezRa1<\/a><\/div>\n<\/div>\n<\/div>\n<\/div>\n<div class=\"fb-background-color\">\n\t\t\t  <div \n\t\t\t  \tclass = \"fb-comments\" \n\t\t\t  \tdata-href = \"https:\/\/diarioavanzada.com.mx\/?p=44739\"\n\t\t\t  \tdata-numposts = \"10\"\n\t\t\t  \tdata-lazy = \"true\"\n\t\t\t\tdata-colorscheme = \"light\"\n\t\t\t\tdata-order-by = \"social\"\n\t\t\t\tdata-mobile=true>\n\t\t\t  <\/div><\/div>\n\t\t  <style>\n\t\t    .fb-background-color {\n\t\t\t\tbackground:  !important;\n\t\t\t}\n\t\t\t.fb_iframe_widget_fluid_desktop iframe {\n\t\t\t    width: 100% !important;\n\t\t\t}\n\t\t  <\/style>\n\t\t  ","protected":false},"excerpt":{"rendered":"<p>Columna El puercoesp\u00edn&nbsp; Rebeldes sin causa En 1955 se estren\u00f3 la pel\u00edcula Rebelde sin causa protagonizada por James Dean y Natalie Wood. Se trataba de una historia de adolescente ingenuos que ten\u00edan problemas en sus hogares y los proyectaban manifest\u00e1ndose en actos contra la autoridad. No ten\u00eda ning\u00fan sentido pol\u00edtico ni de protesta social alguna. [&hellip;]<\/p>\n","protected":false},"author":9,"featured_media":44741,"comment_status":"closed","ping_status":"closed","sticky":false,"template":"","format":"standard","meta":{"_coblocks_attr":"","_coblocks_dimensions":"","_coblocks_responsive_height":"","_coblocks_accordion_ie_support":"","advanced_seo_description":"","jetpack_seo_html_title":"","jetpack_seo_noindex":false,"jetpack_seo_schema_type":"","_jetpack_newsletter_access":"","_jetpack_dont_email_post_to_subs":false,"_jetpack_newsletter_tier_id":0,"_jetpack_memberships_contains_paywalled_content":false,"_wpcom_ai_launchpad_first_post":false,"_jetpack_feature_clip_id":0,"_jetpack_memberships_contains_paid_content":false,"footnotes":"","jetpack_post_was_ever_published":false},"categories":[19,209,24],"tags":[220,210],"class_list":["post-44739","post","type-post","status-publish","format-standard","has-post-thumbnail","hentry","category-colima","category-importantes","category-opinion","tag-opinion","tag-portada"],"jetpack-related-posts":[],"jetpack_sharing_enabled":true,"amp_enabled":true,"jetpack_featured_media_url":"https:\/\/diarioavanzada.com.mx\/wp-content\/uploads\/2023\/06\/image-248.png","_links":{"self":[{"href":"https:\/\/diarioavanzada.com.mx\/index.php?rest_route=\/wp\/v2\/posts\/44739","targetHints":{"allow":["GET"]}}],"collection":[{"href":"https:\/\/diarioavanzada.com.mx\/index.php?rest_route=\/wp\/v2\/posts"}],"about":[{"href":"https:\/\/diarioavanzada.com.mx\/index.php?rest_route=\/wp\/v2\/types\/post"}],"author":[{"embeddable":true,"href":"https:\/\/diarioavanzada.com.mx\/index.php?rest_route=\/wp\/v2\/users\/9"}],"replies":[{"embeddable":true,"href":"https:\/\/diarioavanzada.com.mx\/index.php?rest_route=%2Fwp%2Fv2%2Fcomments&post=44739"}],"version-history":[{"count":4,"href":"https:\/\/diarioavanzada.com.mx\/index.php?rest_route=\/wp\/v2\/posts\/44739\/revisions"}],"predecessor-version":[{"id":44744,"href":"https:\/\/diarioavanzada.com.mx\/index.php?rest_route=\/wp\/v2\/posts\/44739\/revisions\/44744"}],"wp:featuredmedia":[{"embeddable":true,"href":"https:\/\/diarioavanzada.com.mx\/index.php?rest_route=\/wp\/v2\/media\/44741"}],"wp:attachment":[{"href":"https:\/\/diarioavanzada.com.mx\/index.php?rest_route=%2Fwp%2Fv2%2Fmedia&parent=44739"}],"wp:term":[{"taxonomy":"category","embeddable":true,"href":"https:\/\/diarioavanzada.com.mx\/index.php?rest_route=%2Fwp%2Fv2%2Fcategories&post=44739"},{"taxonomy":"post_tag","embeddable":true,"href":"https:\/\/diarioavanzada.com.mx\/index.php?rest_route=%2Fwp%2Fv2%2Ftags&post=44739"}],"curies":[{"name":"wp","href":"https:\/\/api.w.org\/{rel}","templated":true}]}}