{"id":44034,"date":"2023-06-07T07:30:02","date_gmt":"2023-06-07T13:30:02","guid":{"rendered":"https:\/\/diarioavanzada.com.mx\/?p=44034"},"modified":"2023-06-07T07:32:39","modified_gmt":"2023-06-07T13:32:39","slug":"el-partido-de-estado-se-pone-en-marcha","status":"publish","type":"post","link":"https:\/\/diarioavanzada.com.mx\/?p=44034","title":{"rendered":"El partido de Estado se pone en marcha"},"content":{"rendered":"\n<p class=\"wp-block-paragraph\">Columna<\/p>\n\n\n\n<p class=\"wp-block-paragraph\">El puercoesp\u00edn&nbsp;<\/p>\n\n\n\n<p class=\"wp-block-paragraph\">Con la reuni\u00f3n de ayer (6 de junio) de los gobernadores y los aspirantes a candidatos a la Presidencia de la Rep\u00fablica se dio inicio al proceso de la sucesi\u00f3n presidencial. La reuni\u00f3n en s\u00ed misma es un mensaje muy claro para todos, el partido de Estado y su direcci\u00f3n, es decir, el colegiado de los gobernadores ya entr\u00f3 en acci\u00f3n. Ellos y solo ellos ser\u00e1n los responsables de conducir el proceso de selecci\u00f3n (no de elecci\u00f3n) del candidato, as\u00ed como de la campa\u00f1a constitucional. Morena, su Consejo Nacional, sesionar\u00e1 el pr\u00f3ximo domingo solo para ratificar y presentar las reglas del juego dictadas por el Presidente y su equipo de gobernadores a las que deben someterse los aspirantes. Alfonso Durazo gobernador de Sonora y presidente del Consejo Nacional ser\u00e1 quien dar\u00e1 fe de la cumplimentaci\u00f3n de las \u00f3rdenes del Presidente y de facto el coordinador del partido de Estado. Delgado ser\u00e1 el empleado de los machuchones.<\/p>\n\n\n\n<p class=\"wp-block-paragraph\">En lo sucesivo la reuni\u00f3n de los gobernadores ser\u00e1n discretas, pero el mensaje a todos los ciudadanos ya fue dado. El partido de Estado es el responsable de conducir a Morena a un segundo sexenio.&nbsp;<\/p>\n\n\n\n<p class=\"wp-block-paragraph\">Obviamente a la reuni\u00f3n no fue invitado Gerardo Fern\u00e1ndez Noro\u00f1a, porque en la pol\u00edtica real el no entra en los planes del Presidente y de Morena, para las simulaciones se platicar\u00e1 y se aparentar\u00e1 que existe cordialidad y que \u00e9l tambi\u00e9n cuenta, pero est\u00e1 claro que lo est\u00e1n poniendo fuera de la disputa real. De \u00e9l depende ser tomado en cuenta, en serio, o tomar decisiones pol\u00edticas fuertes.<\/p>\n\n\n\n<p class=\"wp-block-paragraph\">El verdadero partido son los empleados p\u00fablicos y sus dirigentes son los gobernadores de cada uno de los estados quienes tendr\u00e1n que rendirle cuentas al Presidente de la Rep\u00fablica. En pocas palabras, los superdelegados pasaron a ser gobernadores (regentes) y de gobernadores a operadores del partido Morena.<\/p>\n\n\n\n<p class=\"wp-block-paragraph\">El partido Morena con el militante abnegado y sacrificado a toda prueba ya no operar\u00e1 en la pr\u00f3xima elecci\u00f3n, el nuevo perfil ser\u00e1 el de un bur\u00f3crata buscando chamba o tratando de que su nombramiento sea refrendado, es decir, un operador profesional \u2013porque ser\u00e1 pagado- pero sin la pasi\u00f3n del militante original, aquel que s\u00ed cre\u00eda en la consigna aquella de que \u201cPor el bien de todos, primero los pobres\u201d. La pasi\u00f3n y el sacrificio se dej\u00f3 a un lado y entraron a su relevo los ambiciosos vulgares.<\/p>\n\n\n\n<p class=\"wp-block-paragraph\">Los gobernadores jefes de las regiones<\/p>\n\n\n\n<p class=\"wp-block-paragraph\">Se acab\u00f3 el romanticismo de Morena y empieza la historia del partido en el poder y c\u00f3mo se conserva \u00e9ste y quienes ser\u00e1n los nuevos propietarios.<\/p>\n\n\n\n<p class=\"wp-block-paragraph\">Los gobernadores ser\u00e1n los responsables regionales de llevar a cabo, en teor\u00eda, la candidatura ganadora de las encuestas, pero en la realidad su misi\u00f3n concreta es legitimar en la vida diaria el liderazgo de Claudia Sheinbaum, el dedazo pues.&nbsp;<\/p>\n\n\n\n<p class=\"wp-block-paragraph\">Ser\u00e1n los responsables de procesar las candidaturas regionales \u2013sus estados- y, por tanto, de garantizar el triunfo de las diputaciones y las senadur\u00edas para alcanzar la mayor\u00eda en el Congreso de la Uni\u00f3n. Ser\u00e1n los responsables de negociar con las diversas facciones para integrar candidaturas ganadoras. Tendr\u00e1n el poder prestado con la consigna y obligaci\u00f3n de controlar el voto en sus estados.<\/p>\n\n\n\n<p class=\"wp-block-paragraph\">Morena el partido oficial se encargar\u00e1 de \u201cemitir las reglas\u201d para movilizar a los simpatizantes y tejer la urdimbre de alianzas para lograr la mayor\u00eda pol\u00edtica; sin embargo, el contexto es muy distinto al de la elecci\u00f3n de 2018.<\/p>\n\n\n\n<p class=\"wp-block-paragraph\">Geogr\u00e1ficamente Morena se encuentra dominado territorialmente pues el 71 % de la poblaci\u00f3n est\u00e1 gobernado por Morena. Su presencia territorial ha crecido impresionante, pues en tan solo cuatro a\u00f1os gan\u00f3 la Presidencia y pas\u00f3 a ocupar el Ejecutivo en 23 entidades federativas -90 millones de mexicanos viven en regiones dominadas por Morena-.<\/p>\n\n\n\n<p class=\"wp-block-paragraph\">En grande medida el \u00e9xito y crecimiento pol\u00edtico de Morena se debe al buen desempe\u00f1o del Gobierno de M\u00e9xico. El presidente tiene una aprobaci\u00f3n que ronda el 68 %, gracias a sus pol\u00edticas p\u00fablicas de bienestar social, adem\u00e1s los indicadores de la macro econom\u00eda como la cotizaci\u00f3n del peso, ingresos de remesas, disminuci\u00f3n de los \u00edndices de pobreza laboral y pr\u00f3ximamente la puesta en marcha de las macro obras de infraestructura como Dos Bocas, el Tren Trans\u00edstmico y el Tren Maya auguran bienestar y crecimiento econ\u00f3mico del sureste del pa\u00eds que repercutir\u00e1 en todo el pa\u00eds. Hay optimismo en el desempe\u00f1o de la econom\u00eda en el presente y en el futuro inmediato.&nbsp; &nbsp;<\/p>\n\n\n\n<p class=\"wp-block-paragraph\">&nbsp;Lo anterior combinado con un p\u00e9simo desempe\u00f1o pol\u00edtico de la derecha que ha optado por reivindicar la corrupci\u00f3n como programa y defender a los narcotraficantes y las instituciones corruptas y de peor desempe\u00f1o como son el INAI y la SCJN, han provocado un \u00e9xito impresionante de Morena que sigue creciendo en su votaci\u00f3n.<\/p>\n\n\n\n<p class=\"wp-block-paragraph\">El contraste<\/p>\n\n\n\n<p class=\"wp-block-paragraph\">Los encargados de operar el proceso pol\u00edtico de la sucesi\u00f3n presidencial no son los mejores calificados por la sociedad como gobernantes. Los gobernadores de Morena ya tienen m\u00ednimamente \u2013los menos- dos a\u00f1os en el gobierno y no son precisamente los mejores calificados. La mayor\u00eda son calificados como regentes, ineptos y portadores de los mismos vicios de la oposici\u00f3n, es decir, que la sociedad que los eligi\u00f3 buscando el cambio ha encontrado en ellos los mismos vicios y las mismas pr\u00e1cticas prepotentes y errores de los prianistas.<\/p>\n\n\n\n<p class=\"wp-block-paragraph\">No es lo mismo el gobierno federal que el gobierno local, las sociedades regionales distinguen dos instancias distintas completamente ajenas. En lo federal se observan bondades y en lo local corrupci\u00f3n.<\/p>\n\n\n\n<p class=\"wp-block-paragraph\">Sin embargo, los gobernadores cuentan con un activo muy importante el p\u00e9simo desempe\u00f1o de la oposici\u00f3n que lo mejor que puede aportar en las pr\u00f3ximas elecciones es la opci\u00f3n de elegir entre inconvenientes.<\/p>\n\n\n\n<p class=\"wp-block-paragraph\">El \u00e9xito de Morena depender\u00e1 de la capacidad de movilizar a toda su estructura y facciones distintas que conviven en su interior y los espacios adyacentes de los ciudadanos simpatizantes de su causa. Su fracaso estar\u00e1 garantizado si contin\u00faa por el camino de la burocratizaci\u00f3n y el monopolio de las candidaturas asumiendo que la intenci\u00f3n favorable del voto que tiene Morena ser\u00e1 transmitido autom\u00e1ticamente al candidato que postulen.<\/p>\n\n\n\n<p class=\"wp-block-paragraph\">De entrada, se trata de una elecci\u00f3n conducida por bur\u00f3cratas y organizada por un partido dirigido desde el mismo Palacio Nacional, son malas noticias para una sociedad que crey\u00f3 en Morena y en su capacidad para abrir a la sociedad los espacios de participaci\u00f3n pol\u00edtica que el PRI y el PAN negaron en su momento a la sociedad.<\/p>\n\n\n\n<p class=\"wp-block-paragraph\">Una buena sucesi\u00f3n empieza bien desde las elecciones primarias.&nbsp;<\/p>\n\n\n\n<p class=\"wp-block-paragraph\">Lo positivo de Morena es que ha empezado a movilizarse muy bien y de acuerdo a los tiempos, dejando atr\u00e1s nuevamente a la oposici\u00f3n que hasta el d\u00eda 26 de junio tendr\u00e1 las reglas del juego para la elecci\u00f3n de su candidato. Morena nuevamente toma la delantera y su dilema ahora ser\u00e1 si deja participar e incluye a los ciudadanos en las primarias o los deja fuera de la toma decisiones y los usa tan solo como comparsa como lo hicieron el PRI y el PAN en su momento. De no hacerlo y caer en la simulaci\u00f3n pondr\u00e1 el riesgo del proyecto de la Cuarta Transformaci\u00f3n o podr\u00e1 ocurrir que el movimiento de la Cuarta Transformaci\u00f3n sea asumida por nuevos actores, distintos al partido Morena.<\/p>\n\n\n\n<p class=\"wp-block-paragraph\">El grado de politizaci\u00f3n del pueblo de M\u00e9xico se podr\u00e1 observar en su capacidad de rechazar o transformar al partido de Estado que el Gobierno de M\u00e9xico puso en marcha en sustituci\u00f3n del partido Morena, el de los pobres y marginados, el que gan\u00f3 la elecci\u00f3n de 2018.<\/p>\n\n\n\n<div class=\"wp-block-columns is-layout-flex wp-container-core-columns-is-layout-8aa3364d wp-block-columns-is-layout-flex\" style=\"padding-top:2.5rem;padding-right:2.5rem;padding-bottom:2.5rem;padding-left:2.5rem\">\n<div class=\"wp-block-column is-layout-flow wp-block-column-is-layout-flow\" style=\"flex-basis:25%\">\n<figure class=\"wp-block-image size-full\"><img loading=\"lazy\" decoding=\"async\" width=\"1024\" height=\"1024\" src=\"https:\/\/diarioavanzada.com.mx\/wp-content\/uploads\/2023\/06\/Federico-Lopez-Ramirez.jpeg\" alt=\"\" class=\"wp-image-43776\" srcset=\"https:\/\/diarioavanzada.com.mx\/wp-content\/uploads\/2023\/06\/Federico-Lopez-Ramirez.jpeg 1024w, https:\/\/diarioavanzada.com.mx\/wp-content\/uploads\/2023\/06\/Federico-Lopez-Ramirez-300x300.jpeg 300w, https:\/\/diarioavanzada.com.mx\/wp-content\/uploads\/2023\/06\/Federico-Lopez-Ramirez-150x150.jpeg?crop=1 150w, https:\/\/diarioavanzada.com.mx\/wp-content\/uploads\/2023\/06\/Federico-Lopez-Ramirez-768x768.jpeg 768w, https:\/\/diarioavanzada.com.mx\/wp-content\/uploads\/2023\/06\/Federico-Lopez-Ramirez-80x80.jpeg?crop=1 80w, https:\/\/diarioavanzada.com.mx\/wp-content\/uploads\/2023\/06\/Federico-Lopez-Ramirez-800x800.jpeg?crop=1 800w, https:\/\/diarioavanzada.com.mx\/wp-content\/uploads\/2023\/06\/Federico-Lopez-Ramirez-400x400.jpeg?crop=1 400w, https:\/\/diarioavanzada.com.mx\/wp-content\/uploads\/2023\/06\/Federico-Lopez-Ramirez-200x200.jpeg?crop=1 200w\" sizes=\"auto, (max-width: 1024px) 100vw, 1024px\" \/><\/figure>\n<\/div>\n\n\n\n<div class=\"wp-block-column is-layout-flow wp-block-column-is-layout-flow\" style=\"flex-basis:75%\">\n<h2 class=\"wp-block-heading\">Federico L\u00f3pez Ram\u00edrez<\/h2>\n\n\n\n<p class=\"wp-block-paragraph\">Naci\u00f3 en Los Tepames, Colima, el mismo d\u00eda que sor Juana In\u00e9s de la Cruz, pero de 1960. Milit\u00f3 en el Psum. Gusta de autores literarios dialectales. Odia a los caciques de rancho y ama a su nieta Victoria Amelia.<\/p>\n\n\n\n<div class=\"wp-block-buttons is-layout-flex wp-block-buttons-is-layout-flex\">\n<div class=\"wp-block-button\"><a class=\"wp-block-button__link wp-element-button\">https:\/\/twitter.com\/FedericoLpezRa1<\/a><\/div>\n<\/div>\n<\/div>\n<\/div>\n\n\n\n<p class=\"wp-block-paragraph\"><em>*Fotograf\u00eda tomada de redes sociales.<\/em><\/p>\n<div class=\"fb-background-color\">\n\t\t\t  <div \n\t\t\t  \tclass = \"fb-comments\" \n\t\t\t  \tdata-href = \"https:\/\/diarioavanzada.com.mx\/?p=44034\"\n\t\t\t  \tdata-numposts = \"10\"\n\t\t\t  \tdata-lazy = \"true\"\n\t\t\t\tdata-colorscheme = \"light\"\n\t\t\t\tdata-order-by = \"social\"\n\t\t\t\tdata-mobile=true>\n\t\t\t  <\/div><\/div>\n\t\t  <style>\n\t\t    .fb-background-color {\n\t\t\t\tbackground:  !important;\n\t\t\t}\n\t\t\t.fb_iframe_widget_fluid_desktop iframe {\n\t\t\t    width: 100% !important;\n\t\t\t}\n\t\t  <\/style>\n\t\t  ","protected":false},"excerpt":{"rendered":"<p>Columna El puercoesp\u00edn&nbsp; Con la reuni\u00f3n de ayer (6 de junio) de los gobernadores y los aspirantes a candidatos a la Presidencia de la Rep\u00fablica se dio inicio al proceso de la sucesi\u00f3n presidencial. La reuni\u00f3n en s\u00ed misma es un mensaje muy claro para todos, el partido de Estado y su direcci\u00f3n, es decir, [&hellip;]<\/p>\n","protected":false},"author":9,"featured_media":44036,"comment_status":"closed","ping_status":"closed","sticky":false,"template":"","format":"standard","meta":{"_coblocks_attr":"","_coblocks_dimensions":"","_coblocks_responsive_height":"","_coblocks_accordion_ie_support":"","advanced_seo_description":"","jetpack_seo_html_title":"","jetpack_seo_noindex":false,"jetpack_seo_schema_type":"","_jetpack_newsletter_access":"","_jetpack_dont_email_post_to_subs":false,"_jetpack_newsletter_tier_id":0,"_jetpack_memberships_contains_paywalled_content":false,"_wpcom_ai_launchpad_first_post":false,"_jetpack_feature_clip_id":0,"_jetpack_memberships_contains_paid_content":false,"footnotes":"","jetpack_post_was_ever_published":false},"categories":[7],"tags":[220,210],"class_list":["post-44034","post","type-post","status-publish","format-standard","has-post-thumbnail","hentry","category-noticias","tag-opinion","tag-portada"],"jetpack-related-posts":[],"jetpack_sharing_enabled":true,"amp_enabled":true,"jetpack_featured_media_url":"https:\/\/diarioavanzada.com.mx\/wp-content\/uploads\/2023\/06\/image-59.png","_links":{"self":[{"href":"https:\/\/diarioavanzada.com.mx\/index.php?rest_route=\/wp\/v2\/posts\/44034","targetHints":{"allow":["GET"]}}],"collection":[{"href":"https:\/\/diarioavanzada.com.mx\/index.php?rest_route=\/wp\/v2\/posts"}],"about":[{"href":"https:\/\/diarioavanzada.com.mx\/index.php?rest_route=\/wp\/v2\/types\/post"}],"author":[{"embeddable":true,"href":"https:\/\/diarioavanzada.com.mx\/index.php?rest_route=\/wp\/v2\/users\/9"}],"replies":[{"embeddable":true,"href":"https:\/\/diarioavanzada.com.mx\/index.php?rest_route=%2Fwp%2Fv2%2Fcomments&post=44034"}],"version-history":[{"count":4,"href":"https:\/\/diarioavanzada.com.mx\/index.php?rest_route=\/wp\/v2\/posts\/44034\/revisions"}],"predecessor-version":[{"id":44039,"href":"https:\/\/diarioavanzada.com.mx\/index.php?rest_route=\/wp\/v2\/posts\/44034\/revisions\/44039"}],"wp:featuredmedia":[{"embeddable":true,"href":"https:\/\/diarioavanzada.com.mx\/index.php?rest_route=\/wp\/v2\/media\/44036"}],"wp:attachment":[{"href":"https:\/\/diarioavanzada.com.mx\/index.php?rest_route=%2Fwp%2Fv2%2Fmedia&parent=44034"}],"wp:term":[{"taxonomy":"category","embeddable":true,"href":"https:\/\/diarioavanzada.com.mx\/index.php?rest_route=%2Fwp%2Fv2%2Fcategories&post=44034"},{"taxonomy":"post_tag","embeddable":true,"href":"https:\/\/diarioavanzada.com.mx\/index.php?rest_route=%2Fwp%2Fv2%2Ftags&post=44034"}],"curies":[{"name":"wp","href":"https:\/\/api.w.org\/{rel}","templated":true}]}}