{"id":43861,"date":"2023-06-04T09:41:20","date_gmt":"2023-06-04T15:41:20","guid":{"rendered":"https:\/\/diarioavanzada.com.mx\/?p=43861"},"modified":"2023-06-04T09:41:25","modified_gmt":"2023-06-04T15:41:25","slug":"cornelio-desaparecio-en-tecoman-en-2019","status":"publish","type":"post","link":"https:\/\/diarioavanzada.com.mx\/?p=43861","title":{"rendered":"Cornelio desapareci\u00f3 en Tecom\u00e1n en 2019"},"content":{"rendered":"\n<p class=\"wp-block-paragraph\">Colima, M\u00e9xico, Avanzada (04\/06\/2023).- La Comisi\u00f3n de B\u00fasqueda de Personas del Estado de Colima solicita la colaboraci\u00f3n ciudadana para localizar a Cornelio Gir\u00f3n Flores, quien desapareci\u00f3 en marzo de 2019.<\/p>\n\n\n\n<p class=\"wp-block-paragraph\">Cornelio Gir\u00f3n Flores fue visto por \u00faltima vez en Tecom\u00e1n, Colima, y su desaparici\u00f3n fue reportada el 1 de junio de 2023. La familia y las autoridades se encuentran preocupadas por su bienestar y buscan obtener cualquier informaci\u00f3n que pueda ayudar a encontrarlo.<\/p>\n\n\n\n<p class=\"wp-block-paragraph\">A continuaci\u00f3n, se presenta una descripci\u00f3n detallada de Cornelio Gir\u00f3n Flores:<\/p>\n\n\n\n<ul class=\"wp-block-list\">\n<li>Sexo: Hombre<\/li>\n\n\n\n<li>Edad: 60 a\u00f1os<\/li>\n\n\n\n<li>Estatura: 170 cm<\/li>\n\n\n\n<li>Cara:<\/li>\n\n\n\n<li>Nariz:<\/li>\n\n\n\n<li>Cabello: Corto, negro entrecano<\/li>\n\n\n\n<li>Ojos:<\/li>\n\n\n\n<li>Tez: Moreno<\/li>\n<\/ul>\n\n\n\n<p class=\"wp-block-paragraph\">En el momento de su desaparici\u00f3n, Cornelio Gir\u00f3n Flores vest\u00eda un pantal\u00f3n azul claro, una camisa rayada de color morado, tenis morados y una gorra negra con detalles beige con la imagen de un gallo.<\/p>\n\n\n\n<p class=\"wp-block-paragraph\">La Comisi\u00f3n de B\u00fasqueda de Personas del Estado de Colima ha establecido el siguiente n\u00famero de contacto para cualquier informaci\u00f3n relevante sobre el paradero de Cornelio Gir\u00f3n Flores: 312 131 3809.<\/p>\n\n\n\n<p class=\"wp-block-paragraph\">La colaboraci\u00f3n de la comunidad es esencial para resolver este caso y reunir a Cornelio Gir\u00f3n Flores con sus seres queridos. Cualquier detalle o pista que puedas proporcionar ser\u00e1 de gran ayuda.<\/p>\n\n\n\n<p class=\"wp-block-paragraph\">La desaparici\u00f3n de una persona es una situaci\u00f3n alarmante y requiere el apoyo solidario de todos. La Comisi\u00f3n de B\u00fasqueda de Personas del Estado de Colima hace un llamado a la comunidad para que, en caso de tener informaci\u00f3n relacionada con este caso, se acerque y brinde su colaboraci\u00f3n.<\/p>\n\n\n\n<p class=\"wp-block-paragraph\">La difusi\u00f3n de esta informaci\u00f3n es crucial para aumentar las posibilidades de encontrar a Cornelio Gir\u00f3n Flores. Si tienes alguna informaci\u00f3n sobre su paradero o has visto a Cornelio, te pedimos que te comuniques al n\u00famero proporcionado.<\/p>\n\n\n\n<p class=\"wp-block-paragraph\"><strong>Tel\u00e9fono de contacto: 312 131 3809<\/strong><\/p>\n\n\n\n<figure class=\"wp-block-image size-full\"><img loading=\"lazy\" decoding=\"async\" width=\"680\" height=\"680\" src=\"https:\/\/diarioavanzada.com.mx\/wp-content\/uploads\/2023\/06\/image-22.png\" alt=\"\" class=\"wp-image-43863\" srcset=\"https:\/\/diarioavanzada.com.mx\/wp-content\/uploads\/2023\/06\/image-22.png 680w, https:\/\/diarioavanzada.com.mx\/wp-content\/uploads\/2023\/06\/image-22-300x300.png 300w, https:\/\/diarioavanzada.com.mx\/wp-content\/uploads\/2023\/06\/image-22-150x150.png?crop=1 150w, https:\/\/diarioavanzada.com.mx\/wp-content\/uploads\/2023\/06\/image-22-80x80.png?crop=1 80w, https:\/\/diarioavanzada.com.mx\/wp-content\/uploads\/2023\/06\/image-22-400x400.png?crop=1 400w, https:\/\/diarioavanzada.com.mx\/wp-content\/uploads\/2023\/06\/image-22-200x200.png?crop=1 200w\" sizes=\"auto, (max-width: 680px) 100vw, 680px\" \/><\/figure>\n<div class=\"fb-background-color\">\n\t\t\t  <div \n\t\t\t  \tclass = \"fb-comments\" \n\t\t\t  \tdata-href = \"https:\/\/diarioavanzada.com.mx\/?p=43861\"\n\t\t\t  \tdata-numposts = \"10\"\n\t\t\t  \tdata-lazy = \"true\"\n\t\t\t\tdata-colorscheme = \"light\"\n\t\t\t\tdata-order-by = \"social\"\n\t\t\t\tdata-mobile=true>\n\t\t\t  <\/div><\/div>\n\t\t  <style>\n\t\t    .fb-background-color {\n\t\t\t\tbackground:  !important;\n\t\t\t}\n\t\t\t.fb_iframe_widget_fluid_desktop iframe {\n\t\t\t    width: 100% !important;\n\t\t\t}\n\t\t  <\/style>\n\t\t  ","protected":false},"excerpt":{"rendered":"<p>Colima, M\u00e9xico, Avanzada (04\/06\/2023).- La Comisi\u00f3n de B\u00fasqueda de Personas del Estado de Colima solicita la colaboraci\u00f3n ciudadana para localizar a Cornelio Gir\u00f3n Flores, quien desapareci\u00f3 en marzo de 2019. Cornelio Gir\u00f3n Flores fue visto por \u00faltima vez en Tecom\u00e1n, Colima, y su desaparici\u00f3n fue reportada el 1 de junio de 2023. La familia y [&hellip;]<\/p>\n","protected":false},"author":7,"featured_media":43863,"comment_status":"closed","ping_status":"closed","sticky":false,"template":"","format":"standard","meta":{"_coblocks_attr":"","_coblocks_dimensions":"","_coblocks_responsive_height":"","_coblocks_accordion_ie_support":"","_crdt_document":"","advanced_seo_description":"","jetpack_seo_html_title":"","jetpack_seo_noindex":false,"_jetpack_memberships_contains_paid_content":false,"footnotes":""},"categories":[19,209,231],"tags":[275,210,219],"class_list":["post-43861","post","type-post","status-publish","format-standard","has-post-thumbnail","hentry","category-colima","category-importantes","category-seguridad","tag-desaparecidos","tag-portada","tag-seguridad"],"jetpack_featured_media_url":"https:\/\/diarioavanzada.com.mx\/wp-content\/uploads\/2023\/06\/image-22.png","jetpack-related-posts":[],"jetpack_sharing_enabled":true,"amp_enabled":true,"_links":{"self":[{"href":"https:\/\/diarioavanzada.com.mx\/index.php?rest_route=\/wp\/v2\/posts\/43861","targetHints":{"allow":["GET"]}}],"collection":[{"href":"https:\/\/diarioavanzada.com.mx\/index.php?rest_route=\/wp\/v2\/posts"}],"about":[{"href":"https:\/\/diarioavanzada.com.mx\/index.php?rest_route=\/wp\/v2\/types\/post"}],"author":[{"embeddable":true,"href":"https:\/\/diarioavanzada.com.mx\/index.php?rest_route=\/wp\/v2\/users\/7"}],"replies":[{"embeddable":true,"href":"https:\/\/diarioavanzada.com.mx\/index.php?rest_route=%2Fwp%2Fv2%2Fcomments&post=43861"}],"version-history":[{"count":3,"href":"https:\/\/diarioavanzada.com.mx\/index.php?rest_route=\/wp\/v2\/posts\/43861\/revisions"}],"predecessor-version":[{"id":43865,"href":"https:\/\/diarioavanzada.com.mx\/index.php?rest_route=\/wp\/v2\/posts\/43861\/revisions\/43865"}],"wp:featuredmedia":[{"embeddable":true,"href":"https:\/\/diarioavanzada.com.mx\/index.php?rest_route=\/wp\/v2\/media\/43863"}],"wp:attachment":[{"href":"https:\/\/diarioavanzada.com.mx\/index.php?rest_route=%2Fwp%2Fv2%2Fmedia&parent=43861"}],"wp:term":[{"taxonomy":"category","embeddable":true,"href":"https:\/\/diarioavanzada.com.mx\/index.php?rest_route=%2Fwp%2Fv2%2Fcategories&post=43861"},{"taxonomy":"post_tag","embeddable":true,"href":"https:\/\/diarioavanzada.com.mx\/index.php?rest_route=%2Fwp%2Fv2%2Ftags&post=43861"}],"curies":[{"name":"wp","href":"https:\/\/api.w.org\/{rel}","templated":true}]}}