{"id":43813,"date":"2023-06-02T07:32:17","date_gmt":"2023-06-02T13:32:17","guid":{"rendered":"https:\/\/diarioavanzada.com.mx\/?p=43813"},"modified":"2023-06-02T08:15:44","modified_gmt":"2023-06-02T14:15:44","slug":"la-era-de-los-ambiciosos-vulgares","status":"publish","type":"post","link":"https:\/\/diarioavanzada.com.mx\/?p=43813","title":{"rendered":"La era de los ambiciosos vulgares"},"content":{"rendered":"\n<p class=\"wp-block-paragraph\">Columna<\/p>\n\n\n\n<p class=\"wp-block-paragraph\">El puercoesp\u00edn&nbsp;<\/p>\n\n\n\n<p class=\"wp-block-paragraph\">El Congreso se reserva el derecho de escuchar solo para los miembros de su&nbsp; partido, no sin antes, someterse y disciplinarse de acuerdo a lo que mandata el Manual de Carre\u00f1o y se sujetan a un guion elaborado en la Oficina de la Gubernatura para intentar marcar una agenda que no tienen -que nunca han tenido- que los muestra vac\u00edos, por eso la prensa los rese\u00f1a, no como actos pol\u00edticos, sino como an\u00e9cdota familiar: \u201cPap\u00e1 de la gobernadora y directivos de Morena piden se investigue a funcionarios de Ayuntamiento de Colima\u201d. No hay direcci\u00f3n pol\u00edtica sino comparsa del pap\u00e1 de la gobernadora.<\/p>\n\n\n\n<p class=\"wp-block-paragraph\">Y,&nbsp; por otro lado, los presuntos ladrones profesionales, de la empresa financiera Axel Capital, que estafaron a cerca de 7 mil colimenses, son f\u00e9rreamente defendidos por Armando Reyna, Alfredo \u00c1lvarez, entre otros diputados de Morena, que juntos como una vulgar gavilla se asocian en algo llamado fracci\u00f3n parlamentaria. Cuando llegaron los defraudados al Congreso los diputados se comportaron como leones enjaulados porque se sent\u00edan agraviados e invadidos.<\/p>\n\n\n\n<p class=\"wp-block-paragraph\">No escucharon.<\/p>\n\n\n\n<p class=\"wp-block-paragraph\">No atendieron a los manifestantes porque para ellos la gente real, la gente de la vida real no existe,<\/p>\n\n\n\n<p class=\"wp-block-paragraph\">Hoy los diputados de Morena hacen lo que dec\u00edan combatir, no pueden tolerar que alguien exprese lo que piensa, que la gente exija justicia no lo pueden admitir, no pueden concebir que miembros de la sociedad les exijan que cumplan con sus funciones.&nbsp;<\/p>\n\n\n\n<p class=\"wp-block-paragraph\">Los diputados solo quieren seguir con su guion que les marca lo que deben hacer para propiciar escenarios donde los de la Morena se vean como los l\u00edderes de la sociedad; sin embargo, no parecen recordar que apenas ganaron una elecci\u00f3n de tercias, son una primera minor\u00eda. Se arrogan la mayor\u00eda (53 %) del presidente que ellos no trabajaron ni representan localmente; no son l\u00edderes porque sus errores y sus inacciones a lo largo de un poco m\u00e1s de a\u00f1o y medio de regencia han sido muchos, sistem\u00e1ticos y continuos, porque eso son, una regencia del poder central, delegados del Gobierno de M\u00e9xico; nunca conectaron con la gente y sus actos p\u00fablicos los est\u00e1n alejando cada d\u00eda m\u00e1s de la gente. No escuchan. Y peor a\u00fan, no quieren escuchar.<\/p>\n\n\n\n<p class=\"wp-block-paragraph\">Morena y los diputados son una comparsa de un Gobierno de caricatura, conducido por las Chicas de Cart\u00f3n, Chicas del Cartoon Network, Chicas Superpoderosas del c\u00f3mic del gabacho que proyectan y son serviles al poder del capital.<\/p>\n\n\n\n<p class=\"wp-block-paragraph\">Ven los diputados y los morenistas, bur\u00f3cratas profesionales al servicio de la Oficina de la Gubernatura, en los ciudadanos una amenaza. Los morenistas se sienten exitosos aspiracionistas porque tienen la llave del dinero y el poder p\u00fablicos, que se traduce en felicidad y \u00e9xito.<\/p>\n\n\n\n<p class=\"wp-block-paragraph\">Pero el \u00e9xito no viene solo, tambi\u00e9n trae una carga de envidiosos que ven en el \u00e9xito suyo de ellos un motivo para ser envidiados y odiados por sus personales \u00e9xitos, s\u00ed lo ven como un asunto de \u00e9xito personal, individual, aspiracionista.&nbsp;<\/p>\n\n\n\n<p class=\"wp-block-paragraph\">Por eso los defraudados por Axel Capital no son escuchadas ni atendidas sus demandas porque la nueva \u00f3ptica de Morena y sus diputados en el Congreso lo interpretan como los destinatarios de un odio producto de su \u00e9xito, es decir, por su acceso al dinero p\u00fablico.<\/p>\n\n\n\n<p class=\"wp-block-paragraph\">Por eso deben de defender al fiscal porque el fiscal es una pieza m\u00e1s del ajedrez gubernamental al servicio de los due\u00f1os del capital. Defendiendo la inacci\u00f3n de la Fiscal\u00eda defienden a los banqueros y a la gobernadora que est\u00e1 de su lado.<\/p>\n\n\n\n<p class=\"wp-block-paragraph\">Luego entonces, todos los opositores se vuelven odiadores, envidiosos que no merecen ser escuchados porque son enfermos y acomplejados. No soportan la cr\u00edtica porque \u00e9sta es producto patol\u00f3gico de acomplejados que no soportan el \u00e9xito suyo de ellos, su \u00e9xito individual y muy personal de la vida privada, aunque vivan abusivamente de los recursos p\u00fablicos.<\/p>\n\n\n\n<p class=\"wp-block-paragraph\">Viri Valencia cuando dijo en el Congreso: \u201cNosotros, la mayor\u00eda, estamos para mandar y las minor\u00edas est\u00e1n para obedecer\u201d no fue un error o un exabrupto, sino todo lo contrario, se trataba del arranque del dominio de una nueva casta pol\u00edtica que se siente divina.<\/p>\n\n\n\n<p class=\"wp-block-paragraph\">En el partido, en el Congreso, puro bur\u00f3crata, no hay pol\u00edticos solo aspiracionistas que forman parte de la gran orquesta en que convirtieron a Morena, sin l\u00edderes pol\u00edticos ni sociales: un partido de Estado.&nbsp;<\/p>\n\n\n\n<p class=\"wp-block-paragraph\">Los estados donde gan\u00f3 Morena convirtieron a los gobernadores en delegados plenipotenciarios del Gobierno de M\u00e9xico, o dicho de otra manera, en regencias.<\/p>\n\n\n\n<p class=\"wp-block-paragraph\">Estamos, pues, en la era de los ambiciosos vulgares.<br><em>*Fotograf\u00eda tomada de la red social de la gobernadora, Indira Vizca\u00edno Silva.<\/em><\/p>\n\n\n\n<div class=\"wp-block-columns is-layout-flex wp-container-core-columns-is-layout-8aa3364d wp-block-columns-is-layout-flex\" style=\"padding-top:2.5rem;padding-right:2.5rem;padding-bottom:2.5rem;padding-left:2.5rem\">\n<div class=\"wp-block-column is-layout-flow wp-block-column-is-layout-flow\" style=\"flex-basis:25%\">\n<figure class=\"wp-block-image size-full\"><img loading=\"lazy\" decoding=\"async\" width=\"1024\" height=\"1024\" src=\"https:\/\/diarioavanzada.com.mx\/wp-content\/uploads\/2023\/06\/Federico-Lopez-Ramirez.jpeg\" alt=\"\" class=\"wp-image-43776\" srcset=\"https:\/\/diarioavanzada.com.mx\/wp-content\/uploads\/2023\/06\/Federico-Lopez-Ramirez.jpeg 1024w, https:\/\/diarioavanzada.com.mx\/wp-content\/uploads\/2023\/06\/Federico-Lopez-Ramirez-300x300.jpeg 300w, https:\/\/diarioavanzada.com.mx\/wp-content\/uploads\/2023\/06\/Federico-Lopez-Ramirez-150x150.jpeg?crop=1 150w, https:\/\/diarioavanzada.com.mx\/wp-content\/uploads\/2023\/06\/Federico-Lopez-Ramirez-768x768.jpeg 768w, https:\/\/diarioavanzada.com.mx\/wp-content\/uploads\/2023\/06\/Federico-Lopez-Ramirez-80x80.jpeg?crop=1 80w, https:\/\/diarioavanzada.com.mx\/wp-content\/uploads\/2023\/06\/Federico-Lopez-Ramirez-800x800.jpeg?crop=1 800w, https:\/\/diarioavanzada.com.mx\/wp-content\/uploads\/2023\/06\/Federico-Lopez-Ramirez-400x400.jpeg?crop=1 400w, https:\/\/diarioavanzada.com.mx\/wp-content\/uploads\/2023\/06\/Federico-Lopez-Ramirez-200x200.jpeg?crop=1 200w\" sizes=\"auto, (max-width: 1024px) 100vw, 1024px\" \/><\/figure>\n<\/div>\n\n\n\n<div class=\"wp-block-column is-layout-flow wp-block-column-is-layout-flow\" style=\"flex-basis:75%\">\n<h2 class=\"wp-block-heading\">Federico L\u00f3pez Ram\u00edrez<\/h2>\n\n\n\n<p class=\"wp-block-paragraph\">Naci\u00f3 en Los Tepames, Colima, el mismo d\u00eda que sor Juana In\u00e9s de la Cruz, pero de 1960. Milit\u00f3 en el Psum. Gusta de autores literarios dialectales. Odia a los caciques de rancho y ama a su nieta Victoria Amelia.<\/p>\n\n\n\n<div class=\"wp-block-buttons is-layout-flex wp-block-buttons-is-layout-flex\">\n<div class=\"wp-block-button\"><a class=\"wp-block-button__link wp-element-button\">https:\/\/twitter.com\/FedericoLpezRa1<\/a><\/div>\n<\/div>\n<\/div>\n<\/div>\n<div class=\"fb-background-color\">\n\t\t\t  <div \n\t\t\t  \tclass = \"fb-comments\" \n\t\t\t  \tdata-href = \"https:\/\/diarioavanzada.com.mx\/?p=43813\"\n\t\t\t  \tdata-numposts = \"10\"\n\t\t\t  \tdata-lazy = \"true\"\n\t\t\t\tdata-colorscheme = \"light\"\n\t\t\t\tdata-order-by = \"social\"\n\t\t\t\tdata-mobile=true>\n\t\t\t  <\/div><\/div>\n\t\t  <style>\n\t\t    .fb-background-color {\n\t\t\t\tbackground:  !important;\n\t\t\t}\n\t\t\t.fb_iframe_widget_fluid_desktop iframe {\n\t\t\t    width: 100% !important;\n\t\t\t}\n\t\t  <\/style>\n\t\t  ","protected":false},"excerpt":{"rendered":"<p>Columna El puercoesp\u00edn&nbsp; El Congreso se reserva el derecho de escuchar solo para los miembros de su&nbsp; partido, no sin antes, someterse y disciplinarse de acuerdo a lo que mandata el Manual de Carre\u00f1o y se sujetan a un guion elaborado en la Oficina de la Gubernatura para intentar marcar una agenda que no tienen [&hellip;]<\/p>\n","protected":false},"author":9,"featured_media":43815,"comment_status":"closed","ping_status":"closed","sticky":false,"template":"","format":"standard","meta":{"_coblocks_attr":"","_coblocks_dimensions":"","_coblocks_responsive_height":"","_coblocks_accordion_ie_support":"","advanced_seo_description":"","jetpack_seo_html_title":"","jetpack_seo_noindex":false,"jetpack_seo_schema_type":"","_jetpack_newsletter_access":"","_jetpack_dont_email_post_to_subs":false,"_jetpack_newsletter_tier_id":0,"_jetpack_memberships_contains_paywalled_content":false,"_wpcom_ai_launchpad_first_post":false,"_jetpack_feature_clip_id":0,"_jetpack_memberships_contains_paid_content":false,"footnotes":"","jetpack_post_was_ever_published":false},"categories":[19,209,24],"tags":[220,210],"class_list":["post-43813","post","type-post","status-publish","format-standard","has-post-thumbnail","hentry","category-colima","category-importantes","category-opinion","tag-opinion","tag-portada"],"jetpack-related-posts":[],"jetpack_sharing_enabled":true,"amp_enabled":true,"jetpack_featured_media_url":"https:\/\/diarioavanzada.com.mx\/wp-content\/uploads\/2023\/06\/ambiciosos.jpg","_links":{"self":[{"href":"https:\/\/diarioavanzada.com.mx\/index.php?rest_route=\/wp\/v2\/posts\/43813","targetHints":{"allow":["GET"]}}],"collection":[{"href":"https:\/\/diarioavanzada.com.mx\/index.php?rest_route=\/wp\/v2\/posts"}],"about":[{"href":"https:\/\/diarioavanzada.com.mx\/index.php?rest_route=\/wp\/v2\/types\/post"}],"author":[{"embeddable":true,"href":"https:\/\/diarioavanzada.com.mx\/index.php?rest_route=\/wp\/v2\/users\/9"}],"replies":[{"embeddable":true,"href":"https:\/\/diarioavanzada.com.mx\/index.php?rest_route=%2Fwp%2Fv2%2Fcomments&post=43813"}],"version-history":[{"count":4,"href":"https:\/\/diarioavanzada.com.mx\/index.php?rest_route=\/wp\/v2\/posts\/43813\/revisions"}],"predecessor-version":[{"id":43829,"href":"https:\/\/diarioavanzada.com.mx\/index.php?rest_route=\/wp\/v2\/posts\/43813\/revisions\/43829"}],"wp:featuredmedia":[{"embeddable":true,"href":"https:\/\/diarioavanzada.com.mx\/index.php?rest_route=\/wp\/v2\/media\/43815"}],"wp:attachment":[{"href":"https:\/\/diarioavanzada.com.mx\/index.php?rest_route=%2Fwp%2Fv2%2Fmedia&parent=43813"}],"wp:term":[{"taxonomy":"category","embeddable":true,"href":"https:\/\/diarioavanzada.com.mx\/index.php?rest_route=%2Fwp%2Fv2%2Fcategories&post=43813"},{"taxonomy":"post_tag","embeddable":true,"href":"https:\/\/diarioavanzada.com.mx\/index.php?rest_route=%2Fwp%2Fv2%2Ftags&post=43813"}],"curies":[{"name":"wp","href":"https:\/\/api.w.org\/{rel}","templated":true}]}}