{"id":43748,"date":"2023-06-01T06:52:49","date_gmt":"2023-06-01T12:52:49","guid":{"rendered":"https:\/\/diarioavanzada.com.mx\/?p=43748"},"modified":"2023-06-01T10:00:28","modified_gmt":"2023-06-01T16:00:28","slug":"disputa-entre-vulgares-ambiciosos","status":"publish","type":"post","link":"https:\/\/diarioavanzada.com.mx\/?p=43748","title":{"rendered":"Disputa entre vulgares ambiciosos"},"content":{"rendered":"\n<p class=\"wp-block-paragraph\">Columna<\/p>\n\n\n\n<p class=\"wp-block-paragraph\">El puercoesp\u00edn&nbsp;<\/p>\n\n\n\n<p class=\"wp-block-paragraph\">La delegaci\u00f3n de la Secretar\u00eda del Bienestar ha sido el centro de operaciones de los vulgares ambiciosos miembros de la Mafia de las amiguis. Primero se nombr\u00f3 a Indi superdelegada, pues dicha delegaci\u00f3n (la del Bienestar) se convirti\u00f3 de facto en el epicentro de operaciones del reciente llegado presidente Amlo a la presidencia y como parte del programa de austeridad la Delegaci\u00f3n de la Secretar\u00eda del Bienestar asumir\u00eda la coordinaci\u00f3n de las delegaciones, pues varias quedar\u00edan sin presencia f\u00edsica en el estado.<\/p>\n\n\n\n<p class=\"wp-block-paragraph\">Al ser nombrada por Alejandro Encinas, Mario Delgado y el presidente de M\u00e9xico, en com\u00fan acuerdo, como candidata de Morena al gobierno de Colima qued\u00f3 al frente de la delegaci\u00f3n Guadalupe Sol\u00eds que pasar\u00eda a la Secretar\u00eda General de Gobierno \u2013que tiene hecho un desastre la seguridad del estado- y su lugar lo ocupar\u00eda Julio Le\u00f3n que pasar\u00eda a tomar la Direcci\u00f3n Estatal de Morena y su lugar lo ocupar\u00eda Viridiana Valencia, no sin antes haber dejado hecho un desastre, esta \u00faltima, al Poder Legislativo, por confundir la amistad personal con las funciones republicanas de un Poder p\u00fablico. Como puede observarse este puesto clave siempre ha sido ocupado por miembros del c\u00edrculo \u00edntimo de la Mafia de las amiguis.<\/p>\n\n\n\n<p class=\"wp-block-paragraph\">El antecedente&nbsp;<\/p>\n\n\n\n<p class=\"wp-block-paragraph\">La&nbsp;estaci\u00f3n radiof\u00f3nica 99.7 EXA-Noticias Colima inform\u00f3 que la gobernadora de Colima, Indira Vizca\u00edno Silva, cuando era delegada del Bienestar, benefici\u00f3 a su padre, Arnoldo Vizca\u00edno Rodr\u00edguez y a dos de sus t\u00edos con programas federales de las secretar\u00edas de Bienestar y de Agricultura y Desarrollo Rural.<\/p>\n\n\n\n<p class=\"wp-block-paragraph\">A trav\u00e9s de la Plataforma Nacional de Transparencia, la publicaci\u00f3n documenta que el pap\u00e1 de la gobernadora recibi\u00f3 entre el 2018 y el 2022 apoyos en 42 ocasiones por un monto total de 705 mil 352 pesos con 74 centavos.<\/p>\n\n\n\n<p class=\"wp-block-paragraph\">Tambi\u00e9n han sido beneficiarios de los programas federales, especialmente los relacionados con actividades agr\u00edcolas, los t\u00edos de la mandataria colimense Jes\u00fas y Jorge Vizca\u00edno Rodr\u00edguez.<\/p>\n\n\n\n<p class=\"wp-block-paragraph\">El texto expone que en total, el pap\u00e1 de la gobernadora y sus t\u00edos obtuvieron recursos federales en 84 ocasiones por un monto total de un mill\u00f3n 323 mil pesos.<\/p>\n\n\n\n<p class=\"wp-block-paragraph\">Lo que est\u00e1 documentando perfectamente la estaci\u00f3n radiof\u00f3nica 99.7 Exa-Noticias es que la Mafia de las amiguis convirti\u00f3 desde su primera integrante nombrada por el Gobierno de M\u00e9xico en una caja chica de la familia de la gobernadora y desde all\u00ed se le financia.<\/p>\n\n\n\n<p class=\"wp-block-paragraph\">La delegaci\u00f3n de la Secretar\u00eda del Bienestar, aparte de ser el epicentro de operaciones de la Mafia de las amiguis, ahora nos hemos enterado, que dicha delegaci\u00f3n y espacio p\u00fablico clave tambi\u00e9n es la caja chica de la familia de la gobernadora. Todo indica que la visi\u00f3n de Viridiana Valencia de ponderar sobre todas las cosas la amistad y dejar en segundo plano las funciones republicanas y las competencias de la estructura gubernamental se han cruzado en los pasillos de la corrupci\u00f3n.<\/p>\n\n\n\n<p class=\"wp-block-paragraph\">Para tapar el desaseo de la corrupci\u00f3n en la Delegaci\u00f3n de la Secretar\u00eda del Bienestar la gobernadora y sus asociados han lanzado una campa\u00f1a, muy desafortunada palmariamente, que deber\u00eda te\u00f3ricamente funcionar como una cortina de humo para tapar el verdadero cochinero que tienen, particularmente en la Delegaci\u00f3n de la Secretaria del Bienestar, la caja chica preferida del Gobierno de Indi.&nbsp;<\/p>\n\n\n\n<p class=\"wp-block-paragraph\">El Gobierno de Nacho el m\u00e1s corrupto<\/p>\n\n\n\n<p class=\"wp-block-paragraph\">Morena ha montado un circo para simular que act\u00faa contra la corrupci\u00f3n e intenta hacer de la vinculaci\u00f3n a proceso de Carlos Noriega Garc\u00eda el gran juicio contra el gobierno de Nacho Peralta y todo el pasado de la Mafia del poder; sin embargo, su estrategia es muy desafortunada, pues para empezar pretende fijar en el imaginario colectivo que Nacho Peralta es m\u00e1s corrupto que Indira, es decir, que de entrada reconocen que Indira es corrupta, pero Nacho es m\u00e1s.<\/p>\n\n\n\n<p class=\"wp-block-paragraph\">El haberse dado a conocer que Viridiana Valencia y sus antecesores operan la delegaci\u00f3n de la Secretaria del Bienestar como caja chica de la familia de la gobernadora los pone a la misma altura del gobierno de Nacho \u2013aclarando que es lo \u00fanico documentado hasta ahora-. La sociedad colimense entonces est\u00e1 presenciando una lucha entre ambiciosos vulgares.&nbsp; &nbsp;<\/p>\n\n\n\n<p class=\"wp-block-paragraph\">Tienen raz\u00f3n los dirigentes de Morena cuando dicen que el gobierno de Nacho emigr\u00f3 al Gobierno municipal de Colima y que los funcionarios en lugar de estar ocupando esos espacios p\u00fablicos deben de ser expulsados porque no se lo merecen, pero olvidan que el Gobierno de Indi, su Fiscal\u00eda General y la especializada contra la corrupci\u00f3n no ha presentado denuncias ni judicializado causas contra estos funcionarios. Hablan de que dichos funcionarios son mencionados en la carpeta de investigaci\u00f3n del caso de Noriega Garc\u00eda, pero hasta all\u00ed, no muestran m\u00e1s elementos que documenten la corrupci\u00f3n de los citados funcionarios. Son omisos e insuficientes en sus denuncias, cuando tienen&nbsp; todo el aparato gubernamental a su servicio uno podr\u00eda suponer que son incapaces de hacer su tarea y optan por mera ret\u00f3rica pol\u00edtica, es decir, puro blablabl\u00e1. Tan j\u00f3venes y tan faltos de creatividad y talento.<\/p>\n\n\n\n<p class=\"wp-block-paragraph\">Los dirigentes de Morena que, por cierto, est\u00e1 cuestionados por su forma ilegal en que fueron electos, muestran que son bastante biso\u00f1os y delatan su preocupaci\u00f3n, profunda y prioritaria, de tapar el esc\u00e1ndalo donde se ve involucrado el padre de la gobernadora que usa camionetas de mill\u00f3n y medio de pesos y escoltas pagados por el Gobierno del estado y la delegaci\u00f3n de la Secretaria de Bienestar como caja chica, como bien lo document\u00f3 la radiodifusora 99.7 Exa-Noticias que, dicho sea de paso, el padre de la gobernadora ni los conoce ni los oye con lo que les niega su existencia y lo que no existe no le hace da\u00f1o \u00e9l, no existe la radiodifusora y para demostrar que no existen les \u201ccontesta\u201d el reportaje period\u00edstico y trata de desmentir, sin presentar ninguna prueba. No existen y como venganza los insulta dici\u00e9ndoles frustrados e infelices, aunque no existan, y \u00e9l sigue feliz en su mundo de beneficios econ\u00f3micos y pol\u00edticos. No les reconoce la existen porque le molesta que le critiquen y lo pongan en evidencia ante la sociedad. Esos de Exa 99.7 tienen una extra\u00f1a manera de no existir.<\/p>\n\n\n\n<p class=\"wp-block-paragraph\">El dilema ya lo pusieron los morenistas \u00bfQui\u00e9n es m\u00e1s corrupto Nacho o Indira?&nbsp;<\/p>\n\n\n\n<p class=\"wp-block-paragraph\">Hay algo cierto Nacho le lleva ventaja por su antig\u00fcedad en el ejercicio del poder, pero Indira al ritmo que se vayan documentando sus corruptelas pronto muy pronto superar\u00e1 a Nacho, las evidencias as\u00ed lo hacen presuponer.<\/p>\n\n\n\n<p class=\"wp-block-paragraph\">Por lo pronto los morenistas siguen apegados a su mantra, sus palabras m\u00e1gicas, no somos iguales, no somos iguales, no somos iguales y las evidencias est\u00e1n diciendo todo lo contrario.&nbsp;<\/p>\n\n\n\n<p class=\"wp-block-paragraph\"><em>*Fotograf\u00eda tomada de la red social de la Delegada del Bienestar en Colima, Viridiana Valencia Vargas.<\/em><\/p>\n\n\n\n<div class=\"wp-block-columns is-layout-flex wp-container-core-columns-is-layout-8aa3364d wp-block-columns-is-layout-flex\" style=\"padding-top:2.5rem;padding-right:2.5rem;padding-bottom:2.5rem;padding-left:2.5rem\">\n<div class=\"wp-block-column is-layout-flow wp-block-column-is-layout-flow\" style=\"flex-basis:25%\">\n<figure class=\"wp-block-image size-full\"><img loading=\"lazy\" decoding=\"async\" width=\"1024\" height=\"1024\" src=\"https:\/\/diarioavanzada.com.mx\/wp-content\/uploads\/2023\/06\/Federico-Lopez-Ramirez.jpeg\" alt=\"\" class=\"wp-image-43776\" srcset=\"https:\/\/diarioavanzada.com.mx\/wp-content\/uploads\/2023\/06\/Federico-Lopez-Ramirez.jpeg 1024w, https:\/\/diarioavanzada.com.mx\/wp-content\/uploads\/2023\/06\/Federico-Lopez-Ramirez-300x300.jpeg 300w, https:\/\/diarioavanzada.com.mx\/wp-content\/uploads\/2023\/06\/Federico-Lopez-Ramirez-150x150.jpeg?crop=1 150w, https:\/\/diarioavanzada.com.mx\/wp-content\/uploads\/2023\/06\/Federico-Lopez-Ramirez-768x768.jpeg 768w, https:\/\/diarioavanzada.com.mx\/wp-content\/uploads\/2023\/06\/Federico-Lopez-Ramirez-80x80.jpeg?crop=1 80w, https:\/\/diarioavanzada.com.mx\/wp-content\/uploads\/2023\/06\/Federico-Lopez-Ramirez-800x800.jpeg?crop=1 800w, https:\/\/diarioavanzada.com.mx\/wp-content\/uploads\/2023\/06\/Federico-Lopez-Ramirez-400x400.jpeg?crop=1 400w, https:\/\/diarioavanzada.com.mx\/wp-content\/uploads\/2023\/06\/Federico-Lopez-Ramirez-200x200.jpeg?crop=1 200w\" sizes=\"auto, (max-width: 1024px) 100vw, 1024px\" \/><\/figure>\n<\/div>\n\n\n\n<div class=\"wp-block-column is-layout-flow wp-block-column-is-layout-flow\" style=\"flex-basis:75%\">\n<h2 class=\"wp-block-heading\">Federico L\u00f3pez Ram\u00edrez<\/h2>\n\n\n\n<p class=\"wp-block-paragraph\">Naci\u00f3 en Los Tepames, Colima, el mismo d\u00eda que sor Juana In\u00e9s de la Cruz, pero de 1960. Milit\u00f3 en el Psum. Gusta de autores literarios dialectales. Odia a los caciques de rancho y ama a su nieta Victoria Amelia.<\/p>\n\n\n\n<div class=\"wp-block-buttons is-layout-flex wp-block-buttons-is-layout-flex\">\n<div class=\"wp-block-button\"><a class=\"wp-block-button__link wp-element-button\">https:\/\/twitter.com\/FedericoLpezRa1<\/a><\/div>\n<\/div>\n<\/div>\n<\/div>\n<div class=\"fb-background-color\">\n\t\t\t  <div \n\t\t\t  \tclass = \"fb-comments\" \n\t\t\t  \tdata-href = \"https:\/\/diarioavanzada.com.mx\/?p=43748\"\n\t\t\t  \tdata-numposts = \"10\"\n\t\t\t  \tdata-lazy = \"true\"\n\t\t\t\tdata-colorscheme = \"light\"\n\t\t\t\tdata-order-by = \"social\"\n\t\t\t\tdata-mobile=true>\n\t\t\t  <\/div><\/div>\n\t\t  <style>\n\t\t    .fb-background-color {\n\t\t\t\tbackground:  !important;\n\t\t\t}\n\t\t\t.fb_iframe_widget_fluid_desktop iframe {\n\t\t\t    width: 100% !important;\n\t\t\t}\n\t\t  <\/style>\n\t\t  ","protected":false},"excerpt":{"rendered":"<p>Columna El puercoesp\u00edn&nbsp; La delegaci\u00f3n de la Secretar\u00eda del Bienestar ha sido el centro de operaciones de los vulgares ambiciosos miembros de la Mafia de las amiguis. Primero se nombr\u00f3 a Indi superdelegada, pues dicha delegaci\u00f3n (la del Bienestar) se convirti\u00f3 de facto en el epicentro de operaciones del reciente llegado presidente Amlo a la [&hellip;]<\/p>\n","protected":false},"author":9,"featured_media":43752,"comment_status":"closed","ping_status":"closed","sticky":false,"template":"","format":"standard","meta":{"_coblocks_attr":"","_coblocks_dimensions":"","_coblocks_responsive_height":"","_coblocks_accordion_ie_support":"","advanced_seo_description":"","jetpack_seo_html_title":"","jetpack_seo_noindex":false,"jetpack_seo_schema_type":"","_jetpack_newsletter_access":"","_jetpack_dont_email_post_to_subs":false,"_jetpack_newsletter_tier_id":0,"_jetpack_memberships_contains_paywalled_content":false,"_wpcom_ai_launchpad_first_post":false,"_jetpack_feature_clip_id":0,"_jetpack_memberships_contains_paid_content":false,"footnotes":"","jetpack_post_was_ever_published":false},"categories":[19,209,24],"tags":[220,210],"class_list":["post-43748","post","type-post","status-publish","format-standard","has-post-thumbnail","hentry","category-colima","category-importantes","category-opinion","tag-opinion","tag-portada"],"jetpack-related-posts":[],"jetpack_sharing_enabled":true,"amp_enabled":true,"jetpack_featured_media_url":"https:\/\/diarioavanzada.com.mx\/wp-content\/uploads\/2023\/06\/image-2.png","_links":{"self":[{"href":"https:\/\/diarioavanzada.com.mx\/index.php?rest_route=\/wp\/v2\/posts\/43748","targetHints":{"allow":["GET"]}}],"collection":[{"href":"https:\/\/diarioavanzada.com.mx\/index.php?rest_route=\/wp\/v2\/posts"}],"about":[{"href":"https:\/\/diarioavanzada.com.mx\/index.php?rest_route=\/wp\/v2\/types\/post"}],"author":[{"embeddable":true,"href":"https:\/\/diarioavanzada.com.mx\/index.php?rest_route=\/wp\/v2\/users\/9"}],"replies":[{"embeddable":true,"href":"https:\/\/diarioavanzada.com.mx\/index.php?rest_route=%2Fwp%2Fv2%2Fcomments&post=43748"}],"version-history":[{"count":3,"href":"https:\/\/diarioavanzada.com.mx\/index.php?rest_route=\/wp\/v2\/posts\/43748\/revisions"}],"predecessor-version":[{"id":43809,"href":"https:\/\/diarioavanzada.com.mx\/index.php?rest_route=\/wp\/v2\/posts\/43748\/revisions\/43809"}],"wp:featuredmedia":[{"embeddable":true,"href":"https:\/\/diarioavanzada.com.mx\/index.php?rest_route=\/wp\/v2\/media\/43752"}],"wp:attachment":[{"href":"https:\/\/diarioavanzada.com.mx\/index.php?rest_route=%2Fwp%2Fv2%2Fmedia&parent=43748"}],"wp:term":[{"taxonomy":"category","embeddable":true,"href":"https:\/\/diarioavanzada.com.mx\/index.php?rest_route=%2Fwp%2Fv2%2Fcategories&post=43748"},{"taxonomy":"post_tag","embeddable":true,"href":"https:\/\/diarioavanzada.com.mx\/index.php?rest_route=%2Fwp%2Fv2%2Ftags&post=43748"}],"curies":[{"name":"wp","href":"https:\/\/api.w.org\/{rel}","templated":true}]}}