{"id":42303,"date":"2023-05-04T08:50:46","date_gmt":"2023-05-04T13:50:46","guid":{"rendered":"https:\/\/diarioavanzada.com.mx\/?p=42303"},"modified":"2023-05-04T08:50:54","modified_gmt":"2023-05-04T13:50:54","slug":"pan-el-consorcio-del-crimen-organizado","status":"publish","type":"post","link":"https:\/\/diarioavanzada.com.mx\/?p=42303","title":{"rendered":"PAN: el consorcio del crimen organizado"},"content":{"rendered":"\n<p class=\"wp-block-paragraph\">Columna<\/p>\n\n\n\n<p class=\"wp-block-paragraph\">El puercoesp\u00edn &nbsp;<\/p>\n\n\n\n<p class=\"wp-block-paragraph\">El cartel inmobiliario de la CDMX no es sino un brazo m\u00e1s del crimen organizado que se conform\u00f3 alrededor de una \u00e9lite de capos provenientes del PAN.<\/p>\n\n\n\n<p class=\"wp-block-paragraph\">Garc\u00eda Luna y Felipe Calder\u00f3n controlaron, desde la Presidencia de la Rep\u00fablica, a la mayor\u00eda de los c\u00e1rteles de la droga que controlaban el tr\u00e1fico de estupefacientes y los secuestros.<\/p>\n\n\n\n<p class=\"wp-block-paragraph\">El cartel inmobiliario de la CDMX no es sino una organizaci\u00f3n criminal nacida bajo el aliento y protecci\u00f3n de los principales,&nbsp; capos Garc\u00eda Luna y Calder\u00f3n Hinojosa.<\/p>\n\n\n\n<p class=\"wp-block-paragraph\">En sus tiempos (d\u00e9cadas de los 60,70 y 80) la Direcci\u00f3n Federal de Seguridad, con Miguel Nazar Haro al frente, controlaba las principales rutas del narcotr\u00e1fico nacional, los secuestros, homicidios y desapariciones&nbsp; y ten\u00edan en el jefe de la polic\u00eda capitalina Arturo Durazo Moreno el control de bandas de secuestradores y asalta bancos como la de Alfredo R\u00edos Galeana, era todo un consorcio de hacer finanzas para los pol\u00edticos de entonces.<\/p>\n\n\n\n<p class=\"wp-block-paragraph\">Garc\u00eda Luna y Felipe Calder\u00f3n a nivel federal y Christian Von Roehrich est\u00e1n emulando en la actualidad a Nazar Haro y al Negro Durazo.<\/p>\n\n\n\n<p class=\"wp-block-paragraph\">La Fiscal\u00eda de la CDMX desvel\u00f3 que exist\u00eda una red de pol\u00edticos, en la alcald\u00eda Benito Ju\u00e1rez, que tiene al PAN al frente desde hace 20 a\u00f1os, y hab\u00eda autorizado a inmobiliarias a levantar pisos por encima de lo permitido a cambio de sobornos, que en muchas ocasiones ven\u00edan en forma de departamentos. Quien fuera el responsable de la obra del City Towers ha relatado ante el Ministerio P\u00fablico que tras comprar el predio ubicado en la avenida Popocat\u00e9petl al 415, se reuni\u00f3 en 2015 con Von Roehrich, quien fung\u00eda como secretario del entonces jefe delegacional y actual diputado federal, Jorge Romero. En ese momento, los pol\u00edticos le dijeron al empresario que le apoyar\u00edan con la obra en todo lo que necesitara. Quien llevar\u00eda la relaci\u00f3n, siempre de acuerdo a la declaraci\u00f3n difundida, ser\u00eda Nicias Aridjis V\u00e1zquez, exdirector de Obras de la alcald\u00eda Benito Ju\u00e1rez, actualmente imputado por un caso similar.<\/p>\n\n\n\n<p class=\"wp-block-paragraph\">En marzo de 2017, la Administraci\u00f3n de la alcald\u00eda le llam\u00f3 (al empresario colaborador de la Fiscal\u00eda) para proponerle extender la manifestaci\u00f3n de construcci\u00f3n, un permiso que establece las caracter\u00edsticas de la obra, de 784 espacios \u2014entre departamentos y locales comerciales\u2014, en lugar de los 752 que ten\u00eda autorizado inicialmente. Al final se le autoriz\u00f3 808 espacios. Esa ampliaci\u00f3n se hizo por fuera de la ley, de acuerdo a las autoridades, ya que no cumpli\u00f3 con la normativa de urbanizaci\u00f3n.<\/p>\n\n\n\n<p class=\"wp-block-paragraph\">Despu\u00e9s del sismo de 2017, el empresario fue citado por la delegaci\u00f3n, que le pidi\u00f3 que llevara a cabo obras de reforzamiento y demolici\u00f3n de edificios que hab\u00edan quedado da\u00f1ados, pero sin cobrarles por el servicio, seg\u00fan ha contado el empresario. Todo fue realizado \u201ca cambio de seguir apoyando\u201d la obra del City Towers. El hombre ha detallado que en algunos de los trabajos que ellos hicieron, fueron otras empresas quienes cobraron el dinero. Es decir, la Administraci\u00f3n local present\u00f3 facturas falsas de otras empresas para poder cobrar los derribos que el empresario hab\u00eda ejecutado, y por lo que no cobr\u00f3 nada.<\/p>\n\n\n\n<p class=\"wp-block-paragraph\">Una de las empresas que particip\u00f3 en esta red fue Construcciones y Desarrollos Virtuales SA de CV, con sede en el municipio de Naucalpan, en el Estado de M\u00e9xico. La compa\u00f1\u00eda fue creada el 13 de noviembre de 2002 por Juan Mart\u00edn Aridjis, hermano del ex director de Obras de la alcald\u00eda Benito Ju\u00e1rez. De acuerdo a la informaci\u00f3n publicada en el Registro P\u00fablico de Comercio, en 2018, cuando Christian Von Roehrich terminaba su gobierno al frente de la alcald\u00eda Benito Ju\u00e1rez, su hermana, Sof\u00eda Soraya, fue nombrada apoderada y administradora \u00fanica&nbsp;de Construcciones y Desarrollos Virtuales SA de CV.<\/p>\n\n\n\n<p class=\"wp-block-paragraph\">Por este caso est\u00e1n detenidas Adelaida Garc\u00eda Gonz\u00e1lez, directora de Obras, Desarrollo y Servicios Urbanos de la alcald\u00eda, y Sof\u00eda Soraya Von Roehrich. Adem\u00e1s, se ha ordenado la detenci\u00f3n de otros dos funcionarios &nbsp;que firmaron la \u201cAutorizaci\u00f3n La Fiscal\u00eda de Ciudad de M\u00e9xico.<\/p>\n\n\n\n<p class=\"wp-block-paragraph\">A la fecha se han detenido a: Christian Von Roehrich ex alcalde, Ismael Isauro Chalico director general de administraci\u00f3n, Sof\u00eda Soraya Von Roehrich, Nicias Ren\u00e9 Aridjis director General de Obras, Roberto \u201cN\u201d empresario que ha revelado la trama, V\u00edctor M. Mendoza director de Planeaci\u00f3n, Adelaida Gardia directora General de Obras y Desarrollo Urbano, Jos\u00e9 \u201cN\u201d supervisor de Trabajos de la Alcald\u00eda, Alejandro \u201cN\u201d, Luis Vizca\u00edno ex director Jur\u00eddico, Emilio Sordo Zabay director de Desarrollo Urbano, adem\u00e1s se encuentran evadidos&nbsp; Elvia \u201cN\u201dy C\u00e9sar \u201cN\u201d trabajador por honorarios, as\u00ed como el actual alcalde Santiago Taboada.<\/p>\n\n\n\n<p class=\"wp-block-paragraph\">Todos fueron denunciados por los ciudadanos afectados y la Fiscal\u00eda de la CDMX est\u00e1 haciendo su trabajo.<\/p>\n\n\n\n<p class=\"wp-block-paragraph\">El d\u00eda de ayer Marko Cort\u00e9s y Santiago Creel Miranda encabezando a los diputados federales y senadores del Prian y al actual alcalde de la Benito Ju\u00e1rez, es decir, el brazo pol\u00edtico de estos criminales les dieron su respaldo a los criminales del llamado C\u00e1rtel Inmobiliario de la CDMX acusando al gobierno de la Ciudad de M\u00e9xico de persecuci\u00f3n pol\u00edtica y tortura.<\/p>\n\n\n\n<p class=\"wp-block-paragraph\">Estos individuos como buenos criminales organizados se dicen v\u00edctimas y perseguidos pol\u00edticos cuando en realidad son pol\u00edticos perseguidos por sus cr\u00edmenes vulgares.<\/p>\n\n\n\n<p class=\"wp-block-paragraph\">Llama la atenci\u00f3n que en la conferencia de prensa tambi\u00e9n asistieron los diputados y senadores del PRI, as\u00ed como sus dirigentes formales Alito Moreno y Rub\u00e9n Moreira.<\/p>\n\n\n\n<p class=\"wp-block-paragraph\">La sociedad pol\u00edtica del Prian en el colmo de la desverg\u00fcenza defienden abiertamente a criminales. No cabe duda que el PAN debe de desaparecer, debe ser disuelto por estar conformado por criminales abiertamente asociados y confesos.<\/p>\n\n\n\n<p class=\"wp-block-paragraph\">Si los poderes legalmente constituidos no los echan del poder la sociedad se va encargar de ellos, poco a poco va a correrlos, por lo pronto el PRI ser\u00e1 expulsado del gobierno del Estado de M\u00e9xico el pr\u00f3ximo primero de junio del presente a\u00f1o. Y el PAN est\u00e1 cerca de entrar en franca ca\u00edda, pues en esa misma elecci\u00f3n, apenas alcanza una intenci\u00f3n del voto del 7 %.<\/p>\n\n\n\n<p class=\"wp-block-paragraph\"><em>*Imagen tomada de redes sociales.<\/em><\/p>\n<div class=\"fb-background-color\">\n\t\t\t  <div \n\t\t\t  \tclass = \"fb-comments\" \n\t\t\t  \tdata-href = \"https:\/\/diarioavanzada.com.mx\/?p=42303\"\n\t\t\t  \tdata-numposts = \"10\"\n\t\t\t  \tdata-lazy = \"true\"\n\t\t\t\tdata-colorscheme = \"light\"\n\t\t\t\tdata-order-by = \"social\"\n\t\t\t\tdata-mobile=true>\n\t\t\t  <\/div><\/div>\n\t\t  <style>\n\t\t    .fb-background-color {\n\t\t\t\tbackground:  !important;\n\t\t\t}\n\t\t\t.fb_iframe_widget_fluid_desktop iframe {\n\t\t\t    width: 100% !important;\n\t\t\t}\n\t\t  <\/style>\n\t\t  ","protected":false},"excerpt":{"rendered":"<p>Columna El puercoesp\u00edn &nbsp; El cartel inmobiliario de la CDMX no es sino un brazo m\u00e1s del crimen organizado que se conform\u00f3 alrededor de una \u00e9lite de capos provenientes del PAN. Garc\u00eda Luna y Felipe Calder\u00f3n controlaron, desde la Presidencia de la Rep\u00fablica, a la mayor\u00eda de los c\u00e1rteles de la droga que controlaban el [&hellip;]<\/p>\n","protected":false},"author":9,"featured_media":42304,"comment_status":"closed","ping_status":"closed","sticky":false,"template":"","format":"standard","meta":{"_coblocks_attr":"","_coblocks_dimensions":"","_coblocks_responsive_height":"","_coblocks_accordion_ie_support":"","advanced_seo_description":"","jetpack_seo_html_title":"","jetpack_seo_noindex":false,"jetpack_seo_schema_type":"","_jetpack_newsletter_access":"","_jetpack_dont_email_post_to_subs":false,"_jetpack_newsletter_tier_id":0,"_jetpack_memberships_contains_paywalled_content":false,"_wpcom_ai_launchpad_first_post":false,"_jetpack_feature_clip_id":0,"_jetpack_memberships_contains_paid_content":false,"footnotes":"","jetpack_post_was_ever_published":false},"categories":[19,209],"tags":[220,210],"class_list":["post-42303","post","type-post","status-publish","format-standard","has-post-thumbnail","hentry","category-colima","category-importantes","tag-opinion","tag-portada"],"jetpack-related-posts":[],"jetpack_sharing_enabled":true,"amp_enabled":true,"jetpack_featured_media_url":"https:\/\/diarioavanzada.com.mx\/wp-content\/uploads\/2023\/05\/Pan.jpg","_links":{"self":[{"href":"https:\/\/diarioavanzada.com.mx\/index.php?rest_route=\/wp\/v2\/posts\/42303","targetHints":{"allow":["GET"]}}],"collection":[{"href":"https:\/\/diarioavanzada.com.mx\/index.php?rest_route=\/wp\/v2\/posts"}],"about":[{"href":"https:\/\/diarioavanzada.com.mx\/index.php?rest_route=\/wp\/v2\/types\/post"}],"author":[{"embeddable":true,"href":"https:\/\/diarioavanzada.com.mx\/index.php?rest_route=\/wp\/v2\/users\/9"}],"replies":[{"embeddable":true,"href":"https:\/\/diarioavanzada.com.mx\/index.php?rest_route=%2Fwp%2Fv2%2Fcomments&post=42303"}],"version-history":[{"count":1,"href":"https:\/\/diarioavanzada.com.mx\/index.php?rest_route=\/wp\/v2\/posts\/42303\/revisions"}],"predecessor-version":[{"id":42305,"href":"https:\/\/diarioavanzada.com.mx\/index.php?rest_route=\/wp\/v2\/posts\/42303\/revisions\/42305"}],"wp:featuredmedia":[{"embeddable":true,"href":"https:\/\/diarioavanzada.com.mx\/index.php?rest_route=\/wp\/v2\/media\/42304"}],"wp:attachment":[{"href":"https:\/\/diarioavanzada.com.mx\/index.php?rest_route=%2Fwp%2Fv2%2Fmedia&parent=42303"}],"wp:term":[{"taxonomy":"category","embeddable":true,"href":"https:\/\/diarioavanzada.com.mx\/index.php?rest_route=%2Fwp%2Fv2%2Fcategories&post=42303"},{"taxonomy":"post_tag","embeddable":true,"href":"https:\/\/diarioavanzada.com.mx\/index.php?rest_route=%2Fwp%2Fv2%2Ftags&post=42303"}],"curies":[{"name":"wp","href":"https:\/\/api.w.org\/{rel}","templated":true}]}}