{"id":42241,"date":"2023-05-02T09:09:05","date_gmt":"2023-05-02T14:09:05","guid":{"rendered":"https:\/\/diarioavanzada.com.mx\/?p=42241"},"modified":"2023-05-02T09:09:15","modified_gmt":"2023-05-02T14:09:15","slug":"mismos-actores-mismas-practicas","status":"publish","type":"post","link":"https:\/\/diarioavanzada.com.mx\/?p=42241","title":{"rendered":"Mismos actores, mismas pr\u00e1cticas"},"content":{"rendered":"\n<p class=\"wp-block-paragraph\">Columna<\/p>\n\n\n\n<p class=\"wp-block-paragraph\">El puercoesp\u00edn&nbsp;<\/p>\n\n\n\n<p class=\"wp-block-paragraph\">\u201cCompa\u00f1eros, secretarios Generales y representantes de Centro de Trabajo, se les informa que, en la reuni\u00f3n virtual del d\u00eda de hoy, s\u00e1bado 29 de abril de 2023, nuestro secretario General, profesor Jos\u00e9 Jaime N\u00fa\u00f1ez Murgu\u00eda, informa que se otorgar\u00e1 1 d\u00eda (sic) de asueto al compa\u00f1ero trabajador de la educaci\u00f3n por asistir y desfilar este lunes 1 de mayo. Ustedes y los representantes de escuela que integran su delegaci\u00f3n sindical.&nbsp;<\/p>\n\n\n\n<p class=\"wp-block-paragraph\">Nota 1: ustedes, har\u00e1n la relaci\u00f3n por delegaci\u00f3n de los asistentes al t\u00e9rmino del desfile.<\/p>\n\n\n\n<p class=\"wp-block-paragraph\">Nota 2: se podr\u00e1 tomar el d\u00eda de asueto despu\u00e9s del mes de mayo; la vigencia para tomar el d\u00eda ser\u00e1 hasta antes del siguiente 1 de mayo del 2024.<\/p>\n\n\n\n<p class=\"wp-block-paragraph\">Nota 3: los compa\u00f1eros que trabajan en los municipios de Armer\u00eda, Tecom\u00e1n y Manzanillo que desfilar\u00e1n aqu\u00ed en Colima, dar\u00e1n su nombre con las compa\u00f1eras de Organizaci\u00f3n Colima (Alma) y Organizaci\u00f3n Villa de \u00c1lvarez (Yesi Land\u00edn) al termino del desfile. Atte. Profesor Jos\u00e9 Alejandro D\u00edaz Moreno. Secretario de Trabajo y Conflictos de Primaria.\u201d<\/p>\n\n\n\n<p class=\"wp-block-paragraph\">El Snte dando instrucciones para el \u201cdesfile\u201d (sic) como en los mejores tiempos del charrismo sindical sin ning\u00fan pudor ni tantita verg\u00fcenza. Los mismos que hicieron campa\u00f1a para que la gente optar\u00e1 por las cuentas individuales (Afores) cuando se reform\u00f3 la Ley del Issste; los mismo que hicieron posible la desaparici\u00f3n de Carrera Magisterial, el mejor escalaf\u00f3n horizontal en la historia sindical del magisterio, por citar dos cat\u00e1strofes del gremio.<\/p>\n\n\n\n<p class=\"wp-block-paragraph\">Los charros desvergonzados haciendo su tarea corporativa para asistir a un \u201cdesfile\u201d domesticado donde lo que menos importa son las consignas y las demandas de los trabajadores de la educaci\u00f3n.<\/p>\n\n\n\n<p class=\"wp-block-paragraph\">Se presentan estos l\u00edderes corporativos y entregados al gobierno, como siempre, pero con nuevo look, con huaraches y camisas de manta a la usanza de la gente izquierda, solo le falt\u00f3 a Pinto, en el evento de base de Morena portar sus morralito nayarita para representar su transformaci\u00f3n en forma perfecta.&nbsp;<\/p>\n\n\n\n<p class=\"wp-block-paragraph\">Mismos charros, mismas pr\u00e1cticas charras, mismas verg\u00fcenzas gremiales. Mismos actores vendidos, entregados al gobierno del estado.<\/p>\n\n\n\n<p class=\"wp-block-paragraph\">El gobierno de juguete<\/p>\n\n\n\n<p class=\"wp-block-paragraph\"><strong><em>Los miembros del gobierno del estado en su conocido tono de vacilada y dispuestos a tomarse la foto. S\u00ed, tomarse la foto del caso porque para ellos eso es hacer pol\u00edtica, tomarse selfis en los eventos.<\/em><\/strong><\/p>\n\n\n\n<p class=\"wp-block-paragraph\">Por all\u00ed apareci\u00f3 Vladimir Parra Barrag\u00e1n, el aguerrido luchador, combativo, imbatible y radical, entonces diputado local por Morena, apareci\u00f3 en el desfile muy del brazado de Mart\u00edn Flores Casta\u00f1eda, en su nuevo papel de bur\u00f3crata disciplinado y corporativo, a quien le explic\u00f3 una y otra vez que los pleitos en el hotel Ceballos fue puro teatro para el consumo de las masas. La verdadera pol\u00edtica iba del brazo entre ellos. Vladi, en el poder, muy contento apoyando a su gobernadora. Los tiempos de lucha y reivindicaci\u00f3n social quedaron enterrados en el pasado.<\/p>\n\n\n\n<p class=\"wp-block-paragraph\">Y Martin Flores Casta\u00f1eda feliz porque les gan\u00f3 la partida con una mano en la cintura. Del pleito nadie se acuerda, mucho menos los trabajadores, que ya recibieron un 8 % de aumento salarial muy lejos del pretendido 3 % que le hab\u00eda puesto como tope el desgobierno de Indira.&nbsp;<\/p>\n\n\n\n<p class=\"wp-block-paragraph\">V\u00edctor Manuel Torrero, el subsecretario Administraci\u00f3n, todav\u00eda sin convocar al pueblo para consultarnos para dar nuestro punto de vista respecto a los salarios de los trabajadores. Ya se le olvido que prometi\u00f3 una consulta popular para definir el aumento a los bur\u00f3cratas. Lo prometido se le olvido, muy convenientemente, hoy solo le queda callar y tragarse sus palabras.<\/p>\n\n\n\n<p class=\"wp-block-paragraph\">La Cnte puso en alto el orgullo de los trabajadores<\/p>\n\n\n\n<p class=\"wp-block-paragraph\">Los trabajadores de la educaci\u00f3n organizados&nbsp; en la Cnte fueron los que pusieron en alto la dignidad de los trabajadores al convocar a un evento combativo y de reivindicaci\u00f3n gremial al demandar: reanudaci\u00f3n del di\u00e1logo Obrador-CNUN-CNTE; cumplimiento de las minutas firmadas entre el Gobierno federal \u2013CNUN-Cnte; abrogaci\u00f3n de la reforma educativa pe\u00f1ista\/obradorista; rechazo a la Usicam; no a las pensiones en Umas, s\u00ed en salarios m\u00ednimos; regreso al sistema colectivo y solidario de pensiones\/rechazo a las cuentas individuales; cumplimiento al pliego petitorio de Emsad; base para todos a los 6 meses un d\u00eda.<\/p>\n\n\n\n<p class=\"wp-block-paragraph\">Los maestros de la Coordinadora pusieron el toque de clase y reivindicaron el car\u00e1cter combativo de la manifestaci\u00f3n salvando el honor de los trabajadores.<\/p>\n\n\n\n<p class=\"wp-block-paragraph\">En cambio el gobierno de juguete, el gobierno de pl\u00e1stico, estuvo muy atento para lucir sus camisetas del equipo Colima porque no sabe otra cosa que tomarse fotos. A hacer pol\u00edtica, quiz\u00e1 all\u00e1 por 2027 habr\u00e1n aprendido, por el momento sacarse selfis es su divertimento. Est\u00e1n haciendo historia, pero no se imaginan de qu\u00e9 tipo. Sorpresas se encontrar\u00e1n cuando despierten de su sue\u00f1o seductor. &nbsp;<\/p>\n\n\n\n<p class=\"wp-block-paragraph\">Los charros del Snte siguen en lo mismo, velando por sus intereses particulares, esa es su identidad.<\/p>\n\n\n\n<p class=\"wp-block-paragraph\">Los maestros de la Secci\u00f3n 39 en forma marginal, pero valiente, demandaron la restauraci\u00f3n de su sistema de pensiones y servicios m\u00e9dicos. Lo hicieron superando sus miedos y arm\u00e1ndose de dignidad porque saben que pueden ser reprimidos por sus actuales l\u00edderes y por las autoridades impuestas por Indi, la in\u00fatil.<\/p>\n\n\n\n<p class=\"wp-block-paragraph\">Un 1 de Mayo m\u00e1s donde los protagonistas fueron los efebos bur\u00f3cratas que con su gobierno de pl\u00e1stico juegan a gobernar. Creen que haber tocado fondo porque la gente ya no los insulta. Error, el desprecio hacia el gobierno del estado est\u00e1 objetivizado en las conciencias de los colimenses y pronto lo comprender\u00e1n.<\/p>\n<div class=\"fb-background-color\">\n\t\t\t  <div \n\t\t\t  \tclass = \"fb-comments\" \n\t\t\t  \tdata-href = \"https:\/\/diarioavanzada.com.mx\/?p=42241\"\n\t\t\t  \tdata-numposts = \"10\"\n\t\t\t  \tdata-lazy = \"true\"\n\t\t\t\tdata-colorscheme = \"light\"\n\t\t\t\tdata-order-by = \"social\"\n\t\t\t\tdata-mobile=true>\n\t\t\t  <\/div><\/div>\n\t\t  <style>\n\t\t    .fb-background-color {\n\t\t\t\tbackground:  !important;\n\t\t\t}\n\t\t\t.fb_iframe_widget_fluid_desktop iframe {\n\t\t\t    width: 100% !important;\n\t\t\t}\n\t\t  <\/style>\n\t\t  ","protected":false},"excerpt":{"rendered":"<p>Columna El puercoesp\u00edn&nbsp; \u201cCompa\u00f1eros, secretarios Generales y representantes de Centro de Trabajo, se les informa que, en la reuni\u00f3n virtual del d\u00eda de hoy, s\u00e1bado 29 de abril de 2023, nuestro secretario General, profesor Jos\u00e9 Jaime N\u00fa\u00f1ez Murgu\u00eda, informa que se otorgar\u00e1 1 d\u00eda (sic) de asueto al compa\u00f1ero trabajador de la educaci\u00f3n por asistir [&hellip;]<\/p>\n","protected":false},"author":9,"featured_media":42242,"comment_status":"closed","ping_status":"closed","sticky":false,"template":"","format":"standard","meta":{"_coblocks_attr":"","_coblocks_dimensions":"","_coblocks_responsive_height":"","_coblocks_accordion_ie_support":"","advanced_seo_description":"","jetpack_seo_html_title":"","jetpack_seo_noindex":false,"jetpack_seo_schema_type":"","_jetpack_newsletter_access":"","_jetpack_dont_email_post_to_subs":false,"_jetpack_newsletter_tier_id":0,"_jetpack_memberships_contains_paywalled_content":false,"_wpcom_ai_launchpad_first_post":false,"_jetpack_feature_clip_id":0,"_jetpack_memberships_contains_paid_content":false,"footnotes":"","jetpack_post_was_ever_published":false},"categories":[19,209,24],"tags":[220,210],"class_list":["post-42241","post","type-post","status-publish","format-standard","has-post-thumbnail","hentry","category-colima","category-importantes","category-opinion","tag-opinion","tag-portada"],"jetpack-related-posts":[],"jetpack_sharing_enabled":true,"amp_enabled":true,"jetpack_featured_media_url":"https:\/\/diarioavanzada.com.mx\/wp-content\/uploads\/2023\/05\/image-23.png","_links":{"self":[{"href":"https:\/\/diarioavanzada.com.mx\/index.php?rest_route=\/wp\/v2\/posts\/42241","targetHints":{"allow":["GET"]}}],"collection":[{"href":"https:\/\/diarioavanzada.com.mx\/index.php?rest_route=\/wp\/v2\/posts"}],"about":[{"href":"https:\/\/diarioavanzada.com.mx\/index.php?rest_route=\/wp\/v2\/types\/post"}],"author":[{"embeddable":true,"href":"https:\/\/diarioavanzada.com.mx\/index.php?rest_route=\/wp\/v2\/users\/9"}],"replies":[{"embeddable":true,"href":"https:\/\/diarioavanzada.com.mx\/index.php?rest_route=%2Fwp%2Fv2%2Fcomments&post=42241"}],"version-history":[{"count":1,"href":"https:\/\/diarioavanzada.com.mx\/index.php?rest_route=\/wp\/v2\/posts\/42241\/revisions"}],"predecessor-version":[{"id":42243,"href":"https:\/\/diarioavanzada.com.mx\/index.php?rest_route=\/wp\/v2\/posts\/42241\/revisions\/42243"}],"wp:featuredmedia":[{"embeddable":true,"href":"https:\/\/diarioavanzada.com.mx\/index.php?rest_route=\/wp\/v2\/media\/42242"}],"wp:attachment":[{"href":"https:\/\/diarioavanzada.com.mx\/index.php?rest_route=%2Fwp%2Fv2%2Fmedia&parent=42241"}],"wp:term":[{"taxonomy":"category","embeddable":true,"href":"https:\/\/diarioavanzada.com.mx\/index.php?rest_route=%2Fwp%2Fv2%2Fcategories&post=42241"},{"taxonomy":"post_tag","embeddable":true,"href":"https:\/\/diarioavanzada.com.mx\/index.php?rest_route=%2Fwp%2Fv2%2Ftags&post=42241"}],"curies":[{"name":"wp","href":"https:\/\/api.w.org\/{rel}","templated":true}]}}