{"id":42186,"date":"2023-05-01T08:05:06","date_gmt":"2023-05-01T13:05:06","guid":{"rendered":"https:\/\/diarioavanzada.com.mx\/?p=42186"},"modified":"2023-05-01T08:12:51","modified_gmt":"2023-05-01T13:12:51","slug":"ocho-nuevas-asociaciones-politicas","status":"publish","type":"post","link":"https:\/\/diarioavanzada.com.mx\/?p=42186","title":{"rendered":"Ocho nuevas asociaciones pol\u00edticas"},"content":{"rendered":"\n<p class=\"wp-block-paragraph\">Columna<\/p>\n\n\n\n<p class=\"wp-block-paragraph\">El puercoesp\u00edn&nbsp;<\/p>\n\n\n\n<p class=\"wp-block-paragraph\">El Consejo General del Instituto Nacional Electoral (INE) aprob\u00f3 por unanimidad otorgar el registro a ocho asociaciones ciudadanas como Agrupaciones Pol\u00edticas Nacionales (APN), identificadas como: Alianza Patri\u00f3tica Nacional, Dem\u00f3crata Liberal, Humanismo Mexicano, 5 de Mayo Movimiento Reformador, Con Causa Social, Que Siga la Democracia, Movimiento Arco\u00edris por M\u00e9xico y Frente por la Cuarta Transformaci\u00f3n.<\/p>\n\n\n\n<p class=\"wp-block-paragraph\">En sesi\u00f3n extraordinaria, el Consejero Mart\u00edn Faz Mora, presidente de la Comisi\u00f3n de Prerrogativas y Partidos Pol\u00edticos, puntualiz\u00f3 que en las ocho solicitudes de registro presentadas se corrobor\u00f3 el cumplimiento de los requisitos establecidos en el art\u00edculo 22 de la Ley General de Partidos Pol\u00edticos (LGPP).<\/p>\n\n\n\n<p class=\"wp-block-paragraph\">Entre \u00e9stos, que para obtener el registro como APN, las asociaciones civiles deber\u00e1n acreditar un m\u00ednimo de cinco mil afiliaciones en el pa\u00eds; un \u00f3rgano directivo de car\u00e1cter nacional; delegaciones en cuando menos siete entidades federativas; la presentaci\u00f3n de sus documentos b\u00e1sicos y una denominaci\u00f3n distinta a cualquier otra agrupaci\u00f3n o partido pol\u00edtico.<\/p>\n\n\n\n<p class=\"wp-block-paragraph\">Cabe destacar que la mayor\u00eda de las asociaciones que solicitaron su registro de una u otra manera est\u00e1 ligadas a Morena.<\/p>\n\n\n\n<p class=\"wp-block-paragraph\">Por ejemplo la <strong>Alianza Patri\u00f3tica Nacional por la 4T<\/strong> est\u00e1 lideradas por Ricardo Peralta Saucedo quien ocup\u00f3 el cargo de subsecretario de Gobernaci\u00f3n con la ex magistrada Olga S\u00e1nchez Cordero, lo cual significa que es una asociaci\u00f3n abiertamente af\u00edn al obradorismo.<\/p>\n\n\n\n<p class=\"wp-block-paragraph\">El <strong>Frente por la Cuarta Transformaci\u00f3n<\/strong> fue fundando en noviembre de 2020 por Adriana Tamariz Baret, y es su secretaria General, ella misma explica que quienes lo conforman comparten los ideales del proyecto de naci\u00f3n del presidente Andr\u00e9s Manuel L\u00f3pez Obrador. Aunque en Jalisco apenas cuentan con mil 800 afiliados, a nivel nacional tienen registrados m\u00e1s de 500 mil. Si bien el objetivo de expandirse a Jalisco es llegar a m\u00e1s personas y crecer el movimiento, manifest\u00f3 que la mira la tienen puesta en el 2024 pues su intenci\u00f3n es consolidarse como un partido pol\u00edtico.<\/p>\n\n\n\n<p class=\"wp-block-paragraph\">&#8220;Nuestra meta es el 2024. Despu\u00e9s del 2021 queremos levantar nuestras alas y seguir conformando una verdadera estructura a nivel nacional. Por lo pronto ya lograron su registro a nivel nacional como asociaci\u00f3n pol\u00edtica.<\/p>\n\n\n\n<p class=\"wp-block-paragraph\">Al ser aprobado y respaldado por el INE, como figura jur\u00eddica, nace el&nbsp;<strong>Movimiento Arco\u00edris por M\u00e9xico<\/strong>. En entrevista, la&nbsp;diputada federal Salma Lu\u00e9vano&nbsp;Luna, dio a conocer que&nbsp;<em>\u201ceste movimiento es un hecho hist\u00f3rico, porque estamos ejerciendo uno de los cinco derechos pol\u00edticos.<\/em> En ese sentido, la legisladora aclar\u00f3 que es un movimiento y no un partido pol\u00edtico,&nbsp;<em>\u201ces un movimiento organizado que viene a abonar a toda esta lucha legislativa que traigo como diputada federal, adem\u00e1s viene a fortalecer a estas minor\u00edas, es un movimiento a nivel nacional que tiene como principal objetivo defender los derechos de nuestra poblaci\u00f3n\u201d,<\/em>&nbsp;asegurando que ya son muchas y muchos los<em>&nbsp;\u201caliades\u201d.<\/em>&nbsp;<\/p>\n\n\n\n<p class=\"wp-block-paragraph\">Destac\u00f3 que, este movimiento es plural y no tiene colores partidistas, adem\u00e1s de que tampoco se necesita ser de la comunidad LGBTTTIQ+ para poderse afiliar. A\u00f1adi\u00f3 que, si bien ella pertenece a Morena y tiene la camiseta bien puesta,&nbsp;<em>\u201cel movimiento arco\u00edris es para quien decida afiliarse, no se va a limitar a nadie\u201d.<\/em><\/p>\n\n\n\n<p class=\"wp-block-paragraph\">El Instituto Nacional Electoral (INE) ha aprobado el registro como Agrupaci\u00f3n Pol\u00edtica Nacional (APN) de la organizaci\u00f3n <strong>Humanismo Mexicano<\/strong>.<\/p>\n\n\n\n<p class=\"wp-block-paragraph\">Humanismo Mexicano est\u00e1 encabezada por el diputado de Morena, Emmanuel Reyes, quien tambi\u00e9n es miembro de la Luz del Mundo. El l\u00edder de la iglesia, Naas\u00f3n Joaqu\u00edn Garc\u00eda, fue condenado \u2014en un juzgado de California, en junio de 2022\u2014 a 16 a\u00f1os y ocho meses de c\u00e1rcel por abuso infantil.&nbsp;Joaqu\u00edn Garc\u00eda confes\u00f3 ante el juez haber obligado a dos ni\u00f1as a que le hicieran sexo oral. El juicio en su contra revel\u00f3 los abusos sexuales cometidos por el l\u00edder religioso contra mujeres y ni\u00f1os en nombre de su iglesia. La Luz del Mundo, con sede principal en el Estado de Jalisco, tiene una amplia influencia en los Estados del Baj\u00edo y en California (EE UU).&nbsp;<\/p>\n\n\n\n<p class=\"wp-block-paragraph\">Reyes ha se\u00f1alado que su agrupaci\u00f3n apoya abiertamente a la Cuarta Transformaci\u00f3n del presidente Andr\u00e9s Manuel L\u00f3pez Obrador y a los liderazgos pol\u00edticos de Morena.<\/p>\n\n\n\n<p class=\"wp-block-paragraph\"><strong>Que siga la<\/strong> <strong>democracia <\/strong>es una asociaci\u00f3n pol\u00edtica que se fund\u00f3 originalmente por ex miembros del PRD y al final termin\u00f3 ligada al narcotraficante de Felipe Calder\u00f3n y a su familia, es decir, a Margarita Zavala. Aqu\u00ed bien aplica el refr\u00e1n de que nadie sabe para qui\u00e9n trabaja. Que siga la democracia es ya una asociaci\u00f3n pol\u00edtica nacional con registro de origen de izquierda hoy ligada a la derecha y a narcotraficantes.<\/p>\n\n\n\n<p class=\"wp-block-paragraph\">Dif\u00edcilmente podr\u00edamos encontrar propuestas pol\u00edticas y program\u00e1ticas de las nuevas asociaciones pol\u00edticas que est\u00e1n en v\u00edas de convertirse en partidos pol\u00edticos, pero lo \u00fanico certero es lo siguiente: buscan tener una organizaci\u00f3n pol\u00edtica legalmente reconocida para obtener candidaturas en eventuales alianzas o coaliciones, cuando las ley se los permita, en el mediano plazo; lo importante para estos nuevos entes pol\u00edticos es tener acceso legal al financiamiento p\u00fablico, eso es lo \u00fanico certero a corto plazo. Visiblemente no se observa ninguna aportaci\u00f3n relevante. Otra situaci\u00f3n importante que se observa es que ninguna organizaci\u00f3n pol\u00edtica ve futuro al corto y mediano plazos fuera de las posturas y propuestas de Morena.<\/p>\n\n\n\n<p class=\"wp-block-paragraph\">Certeramente lo que se observa es que la sucesi\u00f3n cada vez se consolida dentro de la cancha exclusiva de Morena.<\/p>\n\n\n\n<p class=\"wp-block-paragraph\">Los momentos de las primarias como sean, encuestas o elecciones abiertas, es donde m\u00e1s influir\u00e1n los ciudadanos, pues all\u00ed perfilar\u00e1n los resultados de las constitucionales.<\/p>\n\n\n\n<p class=\"wp-block-paragraph\">Por lo pronto estas asociaciones van por el bot\u00edn econ\u00f3mico del INE.<\/p>\n<div class=\"fb-background-color\">\n\t\t\t  <div \n\t\t\t  \tclass = \"fb-comments\" \n\t\t\t  \tdata-href = \"https:\/\/diarioavanzada.com.mx\/?p=42186\"\n\t\t\t  \tdata-numposts = \"10\"\n\t\t\t  \tdata-lazy = \"true\"\n\t\t\t\tdata-colorscheme = \"light\"\n\t\t\t\tdata-order-by = \"social\"\n\t\t\t\tdata-mobile=true>\n\t\t\t  <\/div><\/div>\n\t\t  <style>\n\t\t    .fb-background-color {\n\t\t\t\tbackground:  !important;\n\t\t\t}\n\t\t\t.fb_iframe_widget_fluid_desktop iframe {\n\t\t\t    width: 100% !important;\n\t\t\t}\n\t\t  <\/style>\n\t\t  ","protected":false},"excerpt":{"rendered":"<p>Columna El puercoesp\u00edn&nbsp; El Consejo General del Instituto Nacional Electoral (INE) aprob\u00f3 por unanimidad otorgar el registro a ocho asociaciones ciudadanas como Agrupaciones Pol\u00edticas Nacionales (APN), identificadas como: Alianza Patri\u00f3tica Nacional, Dem\u00f3crata Liberal, Humanismo Mexicano, 5 de Mayo Movimiento Reformador, Con Causa Social, Que Siga la Democracia, Movimiento Arco\u00edris por M\u00e9xico y Frente por la [&hellip;]<\/p>\n","protected":false},"author":9,"featured_media":42187,"comment_status":"closed","ping_status":"closed","sticky":false,"template":"","format":"standard","meta":{"_coblocks_attr":"","_coblocks_dimensions":"","_coblocks_responsive_height":"","_coblocks_accordion_ie_support":"","advanced_seo_description":"","jetpack_seo_html_title":"","jetpack_seo_noindex":false,"jetpack_seo_schema_type":"","_jetpack_newsletter_access":"","_jetpack_dont_email_post_to_subs":false,"_jetpack_newsletter_tier_id":0,"_jetpack_memberships_contains_paywalled_content":false,"_wpcom_ai_launchpad_first_post":false,"_jetpack_feature_clip_id":0,"_jetpack_memberships_contains_paid_content":false,"footnotes":"","jetpack_post_was_ever_published":false},"categories":[19,209],"tags":[220,210],"class_list":["post-42186","post","type-post","status-publish","format-standard","has-post-thumbnail","hentry","category-colima","category-importantes","tag-opinion","tag-portada"],"jetpack-related-posts":[],"jetpack_sharing_enabled":true,"amp_enabled":true,"jetpack_featured_media_url":"https:\/\/diarioavanzada.com.mx\/wp-content\/uploads\/2023\/05\/Ocho-nuevos.png","_links":{"self":[{"href":"https:\/\/diarioavanzada.com.mx\/index.php?rest_route=\/wp\/v2\/posts\/42186","targetHints":{"allow":["GET"]}}],"collection":[{"href":"https:\/\/diarioavanzada.com.mx\/index.php?rest_route=\/wp\/v2\/posts"}],"about":[{"href":"https:\/\/diarioavanzada.com.mx\/index.php?rest_route=\/wp\/v2\/types\/post"}],"author":[{"embeddable":true,"href":"https:\/\/diarioavanzada.com.mx\/index.php?rest_route=\/wp\/v2\/users\/9"}],"replies":[{"embeddable":true,"href":"https:\/\/diarioavanzada.com.mx\/index.php?rest_route=%2Fwp%2Fv2%2Fcomments&post=42186"}],"version-history":[{"count":1,"href":"https:\/\/diarioavanzada.com.mx\/index.php?rest_route=\/wp\/v2\/posts\/42186\/revisions"}],"predecessor-version":[{"id":42188,"href":"https:\/\/diarioavanzada.com.mx\/index.php?rest_route=\/wp\/v2\/posts\/42186\/revisions\/42188"}],"wp:featuredmedia":[{"embeddable":true,"href":"https:\/\/diarioavanzada.com.mx\/index.php?rest_route=\/wp\/v2\/media\/42187"}],"wp:attachment":[{"href":"https:\/\/diarioavanzada.com.mx\/index.php?rest_route=%2Fwp%2Fv2%2Fmedia&parent=42186"}],"wp:term":[{"taxonomy":"category","embeddable":true,"href":"https:\/\/diarioavanzada.com.mx\/index.php?rest_route=%2Fwp%2Fv2%2Fcategories&post=42186"},{"taxonomy":"post_tag","embeddable":true,"href":"https:\/\/diarioavanzada.com.mx\/index.php?rest_route=%2Fwp%2Fv2%2Ftags&post=42186"}],"curies":[{"name":"wp","href":"https:\/\/api.w.org\/{rel}","templated":true}]}}