{"id":42076,"date":"2023-04-27T08:55:39","date_gmt":"2023-04-27T13:55:39","guid":{"rendered":"https:\/\/diarioavanzada.com.mx\/?p=42076"},"modified":"2023-04-27T09:03:36","modified_gmt":"2023-04-27T14:03:36","slug":"apasionados-masoquistas","status":"publish","type":"post","link":"https:\/\/diarioavanzada.com.mx\/?p=42076","title":{"rendered":"Apasionados masoquistas"},"content":{"rendered":"\n<p class=\"wp-block-paragraph\">Columna<\/p>\n\n\n\n<p class=\"wp-block-paragraph\">El puercoesp\u00edn &nbsp;<\/p>\n\n\n\n<p class=\"wp-block-paragraph\">Se conducen con sus perversos deseos que han llegado a ser tan reales que las fronteras entre deseos y realidad ya no existen, los borraron.<\/p>\n\n\n\n<p class=\"wp-block-paragraph\">Quieren, desean, ans\u00edan, predican, promueven y presagian a cada momento, en cualquier circunstancia, a la menor provocaci\u00f3n, con el m\u00ednimo pretexto la muerte de Amlo. En s\u00edntesis, est\u00e1n obsesionados por la muerte de Andr\u00e9s Manuel L\u00f3pez Obrador. Su odio circula, late, alimenta su torrente sangu\u00edneo. Viven y perviven por ver morir a un hombre que solo intenta quitarles algunos de sus obscenos privilegios.<\/p>\n\n\n\n<p class=\"wp-block-paragraph\">Est\u00e1n enfermos por un veneno mortal que los est\u00e1 intoxicando poquito a poquito, y ellos lo saben, -y lo gozan- son unos masoquistas felices.&nbsp;<\/p>\n\n\n\n<p class=\"wp-block-paragraph\">A continuaci\u00f3n reproduzco una serie de tuits que expresan la frustraci\u00f3n de los deseos de la oposici\u00f3n y su miseria humana:<\/p>\n\n\n\n<p class=\"wp-block-paragraph\">Mario Di Costanzo escribi\u00f3: \u201cQue bueno que nos dio una prueba de vida; con el tiempo veremos si est\u00e1 bien. Por lo pronto disip\u00f3 muchas dudas e incertidumbres.\u201d Se observa en su primer tuit su decepci\u00f3n y frustraci\u00f3n&nbsp; porque el presidente no cruz\u00f3 el umbral de la muerte.&nbsp;<\/p>\n\n\n\n<p class=\"wp-block-paragraph\">Carlos Loret de Mola escribi\u00f3 en su cuenta de tuit: dice el presidente L\u00f3pez Obrador que se qued\u00f3 como dormido \u201c<em>fue una especie de v\u00e1guido, hablando coloquialmente, llegaron de inmediato los m\u00e9dicos y me atendieron, no perd\u00ed el conocimiento, s\u00ed tuve esa situaci\u00f3n de desmayo transitorio\u201d<\/em> y reconoci\u00f3 que fue trasladado en una ambulancia a\u00e9rea de M\u00e9rida a la CDMX. &nbsp;<\/p>\n\n\n\n<p class=\"wp-block-paragraph\">Pedro Ferriz tuite\u00f3: <em>Ya sali\u00f3 a los medios<\/em>. Fue todo lo que escribi\u00f3 y una foto fija del video original publicado por el presidente. Adem\u00e1s aparece al pie de foto un tuit -seguidor de \u00e9l- de un tal Lou Fierro que dice \u201cSiento que tienen muchos videos&nbsp; pregrabados de este tipo.<\/p>\n\n\n\n<p class=\"wp-block-paragraph\">Mario Di Costanzo es un fuerte opositor obsesionado porque el presidente fracase y que personalmente sufra da\u00f1o corporal.<\/p>\n\n\n\n<p class=\"wp-block-paragraph\">Carlos Loret de Mola sintetiza el odio enfermizo de los viejos partidarios del r\u00e9gimen neoliberal que solo piensan en el fracaso y el naufragio del gobierno. No valoran hechos sino que proyectan sus peores deseos sobre la persona del presidente.<\/p>\n\n\n\n<p class=\"wp-block-paragraph\">Pedro Ferriz de Con expresa todo el odio de quien ha sido quitado de una posici\u00f3n de poder y defiende abiertamente la corrupci\u00f3n, e incluso, el golpe de Estado como m\u00e9todo para recuperar \u201cdemocr\u00e1ticamente\u201d el poder.<\/p>\n\n\n\n<p class=\"wp-block-paragraph\">En todos subyace el odio como combustible y motor de sus actos. La realidad no es su plataforma desde donde se discute el poder y sus efectos. Su plataforma son sus deseos de lo que debe ser la realidad y de c\u00f3mo debe comportarse la realidad y no viceversa.<\/p>\n\n\n\n<p class=\"wp-block-paragraph\">Desean y celebran la muerte del presidente en su imaginario cotidiano.<\/p>\n\n\n\n<p class=\"wp-block-paragraph\">Desean tanto la muerte del presidente porque ven en \u00e9l&nbsp; el origen y esencia de todos sus males, de hoy y los del porvenir.<\/p>\n\n\n\n<p class=\"wp-block-paragraph\">Se inventaron la muerte del presidente, la desearon tanto que la vieron casi tangible; sin embargo, el solo desearla no transforma la realidad.<\/p>\n\n\n\n<p class=\"wp-block-paragraph\">Por ello al saber la noticia que el presidente solo padece Covid, por tercera ocasi\u00f3n, les resulta altamente frustrante, ellos, todos, no deseaban un parte m\u00e9dico que diera cuenta del estado de salud de presidente, ellos esperaban el anuncio de su muerte; y por eso, cualquier dato que dio el presidente en su video les sirve solo como paliativo que confirma que ten\u00edan parte de raz\u00f3n y sus desmesuradas reacciones puedan ser justificadas, pues, no son nada, frente a su gigante decepci\u00f3n de no haber escuchado las palabras m\u00e1gicas que alegrar\u00edan sus corazones: el presidente ha muerto.<\/p>\n\n\n\n<p class=\"wp-block-paragraph\">Hoy todos estos individuos vieron frustrados sus verdaderos deseos. Sus anhelos de la muerte del presidente quedaron sepultados por una terca realidad que no se ajusta a sus deseos perversos de muerte. Otra vez ser\u00e1. Nunca les preocup\u00f3 la salud del presidente, eso es obvio.<\/p>\n\n\n\n<p class=\"wp-block-paragraph\">\u00a1Qu\u00e9 manera de vivir con tanto odio!<\/p>\n\n\n\n<p class=\"wp-block-paragraph\">Pero en sus tuits tambi\u00e9n les endosan la esperanza, alimentada nuevamente por sus deseos m\u00e1s oscuros.&nbsp;<\/p>\n\n\n\n<p class=\"wp-block-paragraph\">\u201cSiento que tienen muchos videos&nbsp; pregrabados de este tipo.\u201d Dice un tal Lou Fierro, pero lo pudo haber escrito cualquiera de ellos, es decir, los deseos nuestros no mueren no podemos dejarlos morir es su traducci\u00f3n. Su paroxismo es demencial, no tiene l\u00edmites, sus deseo de muerte no mueren, pues tienen que pervivir hasta alcanzar su objetivo.<\/p>\n\n\n\n<p class=\"wp-block-paragraph\">No cabe duda que es muy dif\u00edcil construir un pa\u00eds con gente tan enferma como los conservadores hechos de hiel y odio.<\/p>\n\n\n\n<p class=\"wp-block-paragraph\">Hoy imagino a la patria, mi M\u00e9xico, como la imaginaba Nicol\u00e1s Guill\u00e9n:&nbsp;<\/p>\n\n\n\n<p class=\"wp-block-paragraph\"><strong><em>\u201cMi patria es dulce por fuera<\/em><\/strong><strong><em>, y muy amarga&nbsp;<\/em><\/strong><strong><em>por<\/em><\/strong><strong><em>&nbsp;dentro;&nbsp;<\/em><\/strong><strong><em>mi patria es dulce por fuera<\/em><\/strong><strong><em>,&nbsp;<\/em><\/strong><strong><em>con<\/em><\/strong><strong><em>&nbsp;su verde primavera,&nbsp;<\/em><\/strong><strong><em>con<\/em><\/strong><strong><em>&nbsp;su verde primavera, y un sol de hiel en el centro.\u201d<\/em><\/strong><\/p>\n<div class=\"fb-background-color\">\n\t\t\t  <div \n\t\t\t  \tclass = \"fb-comments\" \n\t\t\t  \tdata-href = \"https:\/\/diarioavanzada.com.mx\/?p=42076\"\n\t\t\t  \tdata-numposts = \"10\"\n\t\t\t  \tdata-lazy = \"true\"\n\t\t\t\tdata-colorscheme = \"light\"\n\t\t\t\tdata-order-by = \"social\"\n\t\t\t\tdata-mobile=true>\n\t\t\t  <\/div><\/div>\n\t\t  <style>\n\t\t    .fb-background-color {\n\t\t\t\tbackground:  !important;\n\t\t\t}\n\t\t\t.fb_iframe_widget_fluid_desktop iframe {\n\t\t\t    width: 100% !important;\n\t\t\t}\n\t\t  <\/style>\n\t\t  ","protected":false},"excerpt":{"rendered":"<p>Columna El puercoesp\u00edn &nbsp; Se conducen con sus perversos deseos que han llegado a ser tan reales que las fronteras entre deseos y realidad ya no existen, los borraron. Quieren, desean, ans\u00edan, predican, promueven y presagian a cada momento, en cualquier circunstancia, a la menor provocaci\u00f3n, con el m\u00ednimo pretexto la muerte de Amlo. En [&hellip;]<\/p>\n","protected":false},"author":9,"featured_media":42077,"comment_status":"closed","ping_status":"closed","sticky":false,"template":"","format":"standard","meta":{"_coblocks_attr":"","_coblocks_dimensions":"","_coblocks_responsive_height":"","_coblocks_accordion_ie_support":"","advanced_seo_description":"","jetpack_seo_html_title":"","jetpack_seo_noindex":false,"jetpack_seo_schema_type":"","_jetpack_newsletter_access":"","_jetpack_dont_email_post_to_subs":false,"_jetpack_newsletter_tier_id":0,"_jetpack_memberships_contains_paywalled_content":false,"_wpcom_ai_launchpad_first_post":false,"_jetpack_feature_clip_id":0,"_jetpack_memberships_contains_paid_content":false,"footnotes":"","jetpack_post_was_ever_published":false},"categories":[19,209,24],"tags":[220,210],"class_list":["post-42076","post","type-post","status-publish","format-standard","has-post-thumbnail","hentry","category-colima","category-importantes","category-opinion","tag-opinion","tag-portada"],"jetpack-related-posts":[],"jetpack_sharing_enabled":true,"amp_enabled":true,"jetpack_featured_media_url":"https:\/\/diarioavanzada.com.mx\/wp-content\/uploads\/2023\/04\/image-166.png","_links":{"self":[{"href":"https:\/\/diarioavanzada.com.mx\/index.php?rest_route=\/wp\/v2\/posts\/42076","targetHints":{"allow":["GET"]}}],"collection":[{"href":"https:\/\/diarioavanzada.com.mx\/index.php?rest_route=\/wp\/v2\/posts"}],"about":[{"href":"https:\/\/diarioavanzada.com.mx\/index.php?rest_route=\/wp\/v2\/types\/post"}],"author":[{"embeddable":true,"href":"https:\/\/diarioavanzada.com.mx\/index.php?rest_route=\/wp\/v2\/users\/9"}],"replies":[{"embeddable":true,"href":"https:\/\/diarioavanzada.com.mx\/index.php?rest_route=%2Fwp%2Fv2%2Fcomments&post=42076"}],"version-history":[{"count":2,"href":"https:\/\/diarioavanzada.com.mx\/index.php?rest_route=\/wp\/v2\/posts\/42076\/revisions"}],"predecessor-version":[{"id":42079,"href":"https:\/\/diarioavanzada.com.mx\/index.php?rest_route=\/wp\/v2\/posts\/42076\/revisions\/42079"}],"wp:featuredmedia":[{"embeddable":true,"href":"https:\/\/diarioavanzada.com.mx\/index.php?rest_route=\/wp\/v2\/media\/42077"}],"wp:attachment":[{"href":"https:\/\/diarioavanzada.com.mx\/index.php?rest_route=%2Fwp%2Fv2%2Fmedia&parent=42076"}],"wp:term":[{"taxonomy":"category","embeddable":true,"href":"https:\/\/diarioavanzada.com.mx\/index.php?rest_route=%2Fwp%2Fv2%2Fcategories&post=42076"},{"taxonomy":"post_tag","embeddable":true,"href":"https:\/\/diarioavanzada.com.mx\/index.php?rest_route=%2Fwp%2Fv2%2Ftags&post=42076"}],"curies":[{"name":"wp","href":"https:\/\/api.w.org\/{rel}","templated":true}]}}