{"id":41846,"date":"2023-04-21T08:14:18","date_gmt":"2023-04-21T13:14:18","guid":{"rendered":"https:\/\/diarioavanzada.com.mx\/?p=41846"},"modified":"2023-04-21T08:14:23","modified_gmt":"2023-04-21T13:14:23","slug":"promotores-de-la-guerra","status":"publish","type":"post","link":"https:\/\/diarioavanzada.com.mx\/?p=41846","title":{"rendered":"Promotores de la guerra"},"content":{"rendered":"\n<p class=\"wp-block-paragraph\">Columna<\/p>\n\n\n\n<p class=\"wp-block-paragraph\">El puercoesp\u00edn&nbsp;<\/p>\n\n\n\n<p class=\"wp-block-paragraph\">Santiago Creel Miranda es un verdadero mil mascaras. Hace apenas un d\u00eda celebraban que la Suprema Corte negara la adscripci\u00f3n de la Guardia Nacional la Sedena porque, seg\u00fan ellos, eso implicaba la militarizaci\u00f3n de la naci\u00f3n.<\/p>\n\n\n\n<p class=\"wp-block-paragraph\">Sin embargo, el d\u00eda de ayer promovi\u00f3 con sus compa\u00f1eros de bancada la difusi\u00f3n de un discurso del gobernante belicista que puso en jaque a Europa y est\u00e1 amenazando toda la paz mundial. Intentaron los Prianistas que el irresponsable gobernante de Ucrania, Volod\u00ecmir Zelenski, hablara ante el pleno de la C\u00e1mara de Diputados, cuando ellos saben perfectamente, que esa no es la pol\u00edtica del Estado mexicano, sino todo lo contrario, M\u00e9xico est\u00e1 contra la guerra y la no intervenci\u00f3n en los asuntos de otras naciones.&nbsp;<\/p>\n\n\n\n<p class=\"wp-block-paragraph\">Est\u00e1 claro que Creel Miranda pretende usar el cargo de presidente de la Mesa Directiva de la C\u00e1mara de Diputados federal para asumir posturas pol\u00edticas que no cuentan con los consensos de los integrantes del \u00f3rgano colegiado. Creel Miranda y su facci\u00f3n pretenden apoyar una guerra injusta que est\u00e1 poniendo en riesgo a Europa y al mundo entero.<\/p>\n\n\n\n<p class=\"wp-block-paragraph\">La transmisi\u00f3n del discurso del presidente de Ucrania termin\u00f3 proyect\u00e1ndose en un sal\u00f3n alterno de comisiones. Pero buscaron hacerlo en el sal\u00f3n de plenos en forma tramposa, fieles a sus principios y valores.<\/p>\n\n\n\n<p class=\"wp-block-paragraph\">Pero llama bastante la atenci\u00f3n que estos promotores de la guerra que, por cierto, visitaron al gobierno ucraniano en su pa\u00eds en abierto apoyo e impulso de la guerra. En M\u00e9xico hip\u00f3critamente se rasgan las vestiduras porque, seg\u00fan ellos, se est\u00e1 militarizando a nuestro pa\u00eds. Su verdadero rostro es el belicista, pero hip\u00f3critamente, en M\u00e9xico se horrorizan por el papel que est\u00e1n jugando las fuerzas armadas tanto la Marina Armada de M\u00e9xico, la Defensa Nacional y la Guardia Nacional y su postura hip\u00f3crita antibelicista se evidencia cuando salen a apoyar la guerra en el exterior. Su verdadera cara es la de promotores de la guerra. Son belicistas y pro armamentistas.&nbsp;<\/p>\n\n\n\n<p class=\"wp-block-paragraph\">No se olvida tampoco que cuando se dio el golpe de Estado en Per\u00fa Creel Miranda a nombre de su bancada y, excedi\u00e9ndose en sus facultades, a nombre de la Mesa Directiva apoy\u00f3 al gobierno genocida de Dina Boluarte Zegarra que solo se ha sostenido en poder gracias al ej\u00e9rcito y a las polic\u00edas que est\u00e1n reprimiendo y asesinado al pueblo peruano.<\/p>\n\n\n\n<p class=\"wp-block-paragraph\">Los hip\u00f3critas pol\u00edticos como Creel Miranda, sin contar con la mayor\u00eda en la C\u00e1mara de Diputados, han manifestado su apoyo desde la posici\u00f3n que tiene en la c\u00e1mara sin respetar la ley y los protocolos pol\u00edticos. Afortunadamente no han contado ni con el apoyo de la opini\u00f3n p\u00fablica ni m\u00ednimamente por alguna porci\u00f3n importante de la poblaci\u00f3n. Su postura, en ambos casos, ha ca\u00eddo en el vac\u00edo pol\u00edtico que la gente les ha hecho en sus empresas belicistas en que pretenden involucrar al pa\u00eds que, solo nos traer\u00edan perdidas econ\u00f3micas y principalmente humanas, si M\u00e9xico se involucrara m\u00e1s en estos asuntos que como lo marcan nuestras leyes deben abocarse a resolverlos, principalmente, por la v\u00eda del di\u00e1logo y la negociaci\u00f3n y nuestro pa\u00eds mantenerse en la neutralidad.<\/p>\n\n\n\n<p class=\"wp-block-paragraph\">Creel y sus amigos son unos promotores de la guerra en el exterior, pero en M\u00e9xico est\u00e1n en contra del uso del Ej\u00e9rcito para combatir al crimen organizado porque protegen a sus criminales socios.<\/p>\n\n\n\n<p class=\"wp-block-paragraph\">No cabe duda que con su postura lo que realmente buscan, de fondo, es proteger a sus grupos delincuenciales -llamados c\u00e1rteles- que, ya se prob\u00f3 legalmente, est\u00e1n vinculados a ellos org\u00e1nicamente. Cuando Creel Miranda y todos los miembros de las fracciones parlamentarias del PAN, el PRI, MC y PRD lo que buscan de fondo es proteger a sus c\u00f3mplices que administran los negocios de la trata de personas, el trasiego de drogas, el secuestro, el lavado de dinero y el robo.<\/p>\n\n\n\n<p class=\"wp-block-paragraph\">Creel Miranda personifica al funcionario p\u00fablico del Prian que no sabe respetar los puestos colegiados como el que \u00e9l ostenta, como buen autoritario de derecha, que busca imponer sus criterios y hace a un lado la opini\u00f3n de los dem\u00e1s. Olvid\u00e1ndose de la cortes\u00eda pol\u00edtica y, sobre todo, del marco constitucional.&nbsp;<\/p>\n\n\n\n<p class=\"wp-block-paragraph\">Afortunadamente son minor\u00eda y sus pol\u00edticas militaristas y su abierta promoci\u00f3n de la guerra no tienen eco en los ciudadanos mexicanos.&nbsp;<\/p>\n\n\n\n<p class=\"wp-block-paragraph\">El Prian, concretizado en Creel Miranda, son muy antimilitaristas hacia dentro y guerrerista hacia afuera del pa\u00eds. La verdad es que son unos pobres hip\u00f3critas que solo buscan el negocio de todo tipo y donde se encuentre, no les importa ni la vida ni la paz, sus actos los evidencian.<\/p>\n\n\n\n<p class=\"wp-block-paragraph\">S\u00f3lo buscan dinero y poder. Y si para ello es necesario matar los prianistas est\u00e1n dispuestos a ello. Promover la guerra es promover la muerte y en eso Santiago Creel Miranda es especialista.<\/p>\n\n\n\n<p class=\"wp-block-paragraph\">Cuando estuvieron en el poder con Felipe Calder\u00f3n promovieron la guerra interna y actualmente promueven la guerra en el exterior e hip\u00f3critamente atacan al Ej\u00e9rcito en el interior, son hip\u00f3critas, solo por conveniencia, porque su verdadero negocio es la muerte.<\/p>\n\n\n\n<p class=\"wp-block-paragraph\">Los promotores de la guerra, seg\u00fan las encuestas del Inegi, no tienen futuro en M\u00e9xico porque los mexicanos hemos sufrido mucho con las guerras civiles y sabemos que la paz es la esencia de nuestro futuro.&nbsp;<\/p>\n<div class=\"fb-background-color\">\n\t\t\t  <div \n\t\t\t  \tclass = \"fb-comments\" \n\t\t\t  \tdata-href = \"https:\/\/diarioavanzada.com.mx\/?p=41846\"\n\t\t\t  \tdata-numposts = \"10\"\n\t\t\t  \tdata-lazy = \"true\"\n\t\t\t\tdata-colorscheme = \"light\"\n\t\t\t\tdata-order-by = \"social\"\n\t\t\t\tdata-mobile=true>\n\t\t\t  <\/div><\/div>\n\t\t  <style>\n\t\t    .fb-background-color {\n\t\t\t\tbackground:  !important;\n\t\t\t}\n\t\t\t.fb_iframe_widget_fluid_desktop iframe {\n\t\t\t    width: 100% !important;\n\t\t\t}\n\t\t  <\/style>\n\t\t  ","protected":false},"excerpt":{"rendered":"<p>Columna El puercoesp\u00edn&nbsp; Santiago Creel Miranda es un verdadero mil mascaras. Hace apenas un d\u00eda celebraban que la Suprema Corte negara la adscripci\u00f3n de la Guardia Nacional la Sedena porque, seg\u00fan ellos, eso implicaba la militarizaci\u00f3n de la naci\u00f3n. Sin embargo, el d\u00eda de ayer promovi\u00f3 con sus compa\u00f1eros de bancada la difusi\u00f3n de un [&hellip;]<\/p>\n","protected":false},"author":9,"featured_media":41842,"comment_status":"closed","ping_status":"closed","sticky":false,"template":"","format":"standard","meta":{"_coblocks_attr":"","_coblocks_dimensions":"","_coblocks_responsive_height":"","_coblocks_accordion_ie_support":"","advanced_seo_description":"","jetpack_seo_html_title":"","jetpack_seo_noindex":false,"jetpack_seo_schema_type":"","_jetpack_newsletter_access":"","_jetpack_dont_email_post_to_subs":false,"_jetpack_newsletter_tier_id":0,"_jetpack_memberships_contains_paywalled_content":false,"_wpcom_ai_launchpad_first_post":false,"_jetpack_feature_clip_id":0,"_jetpack_memberships_contains_paid_content":false,"footnotes":"","jetpack_post_was_ever_published":false},"categories":[19,209,24],"tags":[220,210],"class_list":["post-41846","post","type-post","status-publish","format-standard","has-post-thumbnail","hentry","category-colima","category-importantes","category-opinion","tag-opinion","tag-portada"],"jetpack-related-posts":[],"jetpack_sharing_enabled":true,"amp_enabled":true,"jetpack_featured_media_url":"https:\/\/diarioavanzada.com.mx\/wp-content\/uploads\/2023\/04\/santiago.png","_links":{"self":[{"href":"https:\/\/diarioavanzada.com.mx\/index.php?rest_route=\/wp\/v2\/posts\/41846","targetHints":{"allow":["GET"]}}],"collection":[{"href":"https:\/\/diarioavanzada.com.mx\/index.php?rest_route=\/wp\/v2\/posts"}],"about":[{"href":"https:\/\/diarioavanzada.com.mx\/index.php?rest_route=\/wp\/v2\/types\/post"}],"author":[{"embeddable":true,"href":"https:\/\/diarioavanzada.com.mx\/index.php?rest_route=\/wp\/v2\/users\/9"}],"replies":[{"embeddable":true,"href":"https:\/\/diarioavanzada.com.mx\/index.php?rest_route=%2Fwp%2Fv2%2Fcomments&post=41846"}],"version-history":[{"count":1,"href":"https:\/\/diarioavanzada.com.mx\/index.php?rest_route=\/wp\/v2\/posts\/41846\/revisions"}],"predecessor-version":[{"id":41847,"href":"https:\/\/diarioavanzada.com.mx\/index.php?rest_route=\/wp\/v2\/posts\/41846\/revisions\/41847"}],"wp:featuredmedia":[{"embeddable":true,"href":"https:\/\/diarioavanzada.com.mx\/index.php?rest_route=\/wp\/v2\/media\/41842"}],"wp:attachment":[{"href":"https:\/\/diarioavanzada.com.mx\/index.php?rest_route=%2Fwp%2Fv2%2Fmedia&parent=41846"}],"wp:term":[{"taxonomy":"category","embeddable":true,"href":"https:\/\/diarioavanzada.com.mx\/index.php?rest_route=%2Fwp%2Fv2%2Fcategories&post=41846"},{"taxonomy":"post_tag","embeddable":true,"href":"https:\/\/diarioavanzada.com.mx\/index.php?rest_route=%2Fwp%2Fv2%2Ftags&post=41846"}],"curies":[{"name":"wp","href":"https:\/\/api.w.org\/{rel}","templated":true}]}}