{"id":41772,"date":"2023-04-20T08:53:37","date_gmt":"2023-04-20T13:53:37","guid":{"rendered":"https:\/\/diarioavanzada.com.mx\/?p=41772"},"modified":"2023-04-20T08:59:13","modified_gmt":"2023-04-20T13:59:13","slug":"oficial-la-inseguridad-sera-el-tema-de-la-campana-presidencial-de-2024","status":"publish","type":"post","link":"https:\/\/diarioavanzada.com.mx\/?p=41772","title":{"rendered":"Oficial: la inseguridad ser\u00e1 el tema de la campa\u00f1a presidencial de 2024"},"content":{"rendered":"\n<p class=\"wp-block-paragraph\">Columna<\/p>\n\n\n\n<p class=\"wp-block-paragraph\">El puercoesp\u00edn&nbsp;<\/p>\n\n\n\n<p class=\"wp-block-paragraph\">Desde 2022 los medios masivos de comunicaci\u00f3n -es decir, sus due\u00f1os- decidieron hacer de la inseguridad su tema para descalificar y consecuentemente hundir al gobierno de la Cuarta Transformaci\u00f3n. Los mas media se han convertido en amplificadores ensordecedores de todas y cada una de las notas rojas a nivel nacional.<\/p>\n\n\n\n<p class=\"wp-block-paragraph\">Por otro lado los representantes populares de la derecha conservadora han hecho su parte al atacar todas y cada una de las iniciativas que env\u00eda el Ejecutivo al Congreso de la Uni\u00f3n.&nbsp;<\/p>\n\n\n\n<p class=\"wp-block-paragraph\">El \u00faltimo asunto fue el de negarle la adscripci\u00f3n de la Guardia Nacional a la Sedena con la votaci\u00f3n de ocho ministros contra tres. La derecha festej\u00f3, pues para ellos cualquier obst\u00e1culo que resulta efectivo para frenar las acciones contra el crimen organizado de parte del Ejecutivo les es, seg\u00fan ellos, una victoria pol\u00edtica. El presidente Amlo les tom\u00f3 la palabra y decidi\u00f3 hacer de las pol\u00edticas p\u00fablicas para combatir al crimen organizado un tema pol\u00edtico de campa\u00f1a al declarar que enviar\u00e1 una nueva iniciativa en el mismo sentido, pero hasta el primero de septiembre de 2024, pues para entonces habr\u00e1 nuevos integrantes de las c\u00e1maras y una nueva composici\u00f3n cuantitativa y cualitativa.<\/p>\n\n\n\n<p class=\"wp-block-paragraph\">A la derecha, al parecer, le satisfizo la postura ya que se percibe a la oposici\u00f3n c\u00f3moda cuando habla de la inseguridad y los medios masivos se sienten en su elemento y ven rentable (altas audiencias) hacer de la nota roja su tema central y rector de la narrativa cotidiana.<\/p>\n\n\n\n<p class=\"wp-block-paragraph\">Sin embargo, el Inegi tiene otros datos.&nbsp;<\/p>\n\n\n\n<p class=\"wp-block-paragraph\">Veamos, seg\u00fan el citado instituto, los robos y los asaltos, vienen a la baja en la percepci\u00f3n de la gente del 62 por ciento al 50, m\u00e1s de 12 puntos menos de percepci\u00f3n. Y en el caso del vandalismo se llega a 13 puntos menos, es tambi\u00e9n una percepci\u00f3n importante, donde la gente ve menos vandalismo, menos grafitis, menos da\u00f1os en el inmobiliario urbano, etc\u00e9tera.&nbsp;<\/p>\n\n\n\n<p class=\"wp-block-paragraph\">&nbsp;La gente s\u00ed percibe como un problema grave la venta o consumo de drogas en las calles o en los lugares cerca de su casa. De ah\u00ed que el Gobierno de M\u00e9xico haya iniciado la campa\u00f1a contra las drogas en las escuelas y Colima es el estado piloto para su ponderaci\u00f3n.<\/p>\n\n\n\n<p class=\"wp-block-paragraph\">Y el caso de las bandas violentas o el pandillerismo, es importante la baja de la percepci\u00f3n, pr\u00e1cticamente en 24 puntos, el 24 por ciento de la gente percibe que hay violencia o pandillerismo, pero antes del gobierno de Amlo la percepci\u00f3n era de m\u00e1s de 30 por ciento.<\/p>\n\n\n\n<p class=\"wp-block-paragraph\">En el caso de las tomas irregulares de electricidad, los \u2018diablitos\u2019, estas formas de adquirir electricidad de manera ilegal, van a la baja tambi\u00e9n.<\/p>\n\n\n\n<p class=\"wp-block-paragraph\">Y el robo ilegal de gasolina o huachicol, tambi\u00e9n, que comenz\u00f3 muy alto, el seis por ciento en el 2019, actualmente se encuentra a la mitad, en 3.3.&nbsp;<\/p>\n\n\n\n<p class=\"wp-block-paragraph\">Los cambios de h\u00e1bito por percepci\u00f3n de delincuencia y miedo tambi\u00e9n est\u00e1n a la baja, la gente que cambia sus h\u00e1bitos se ubica en el 51 por ciento, cuando venimos de n\u00fameros del 66 por ciento, es decir, 15 puntos menos de la percepci\u00f3n de cambios de h\u00e1bitos por cuestiones de delincuencia.<\/p>\n\n\n\n<p class=\"wp-block-paragraph\">En cambios, de h\u00e1bito de caminar de noche en alrededor de su vivienda, de igual manera va a la baja; venimos de una percepci\u00f3n del 55 por ciento, entonces, son 11 puntos menos en la percepci\u00f3n de los ciudadanos en su cambio.<\/p>\n\n\n\n<p class=\"wp-block-paragraph\">\u00bfCambi\u00f3 su h\u00e1bito de permitir que menores salgan de su vivienda? Pues tambi\u00e9n va a la baja, del 58 por ciento que se ubicaba al inicio de la administraci\u00f3n, actualmente se encuentra en 43 por ciento, es decir, 15 puntos menos.<\/p>\n\n\n\n<p class=\"wp-block-paragraph\">Y esta es la percepci\u00f3n, la calificaci\u00f3n que le dan los ciudadanos a las instituciones que se encargan de atender la seguridad. En primer lugar, y esto es destacado, digamos, las principales autoridades&nbsp;federales, y en general todas van&nbsp;a la alza; en particular Marina Armada de M\u00e9xico, que alcanza el 87 por ciento, 87.5 por ciento donde la poblaci\u00f3n manifiesta confianza en las labores de la Marina.<\/p>\n\n\n\n<p class=\"wp-block-paragraph\">En el caso del Ej\u00e9rcito la confianza que tiene la poblaci\u00f3n es del 83.4 por ciento; y la Guardia Nacional, que est\u00e1 en el tema, en el centro de la pol\u00e9mica, sigue aumentando la confianza de los ciudadanos hasta el 76.7 por ciento, viene&nbsp;a la alza&nbsp;de manera constante desde su creaci\u00f3n; en el caso de la polic\u00eda estatal, pues el 55 por ciento de la gente conf\u00eda en ella; y la polic\u00eda preventiva municipal, el 49.9 por ciento. Es sorprendente este dato pues yo imaginaria que la percepci\u00f3n ser\u00eda en sentido contrario.<\/p>\n\n\n\n<p class=\"wp-block-paragraph\">Mientras los medios nos presentan un M\u00e9xico de nota roja, la gente en la calle, como lo muestra el Inegi, ve otro pa\u00eds, se siente en otro pa\u00eds muy distinto al proyectado por la narrativa de los medios de comunicaci\u00f3n de los que controlan el dinero en el pa\u00eds.<\/p>\n\n\n\n<p class=\"wp-block-paragraph\">Es importante destacar que la Guarda Nacional, la Marina Armada de M\u00e9xico y el Ej\u00e9rcito est\u00e1n aumentando sus \u00edndices de confianza de los ciudadanos cuando la derecha ha proyectado una imagen de estas instituciones de seguridad en sentido contrario. Actualmente sus bater\u00edas las est\u00e1n dirigiendo contra el general secretario de la Sedena.<\/p>\n\n\n\n<p class=\"wp-block-paragraph\">En conclusi\u00f3n podemos decir que los medios est\u00e1n fracasando en proyectar un M\u00e9xico en el desastre total porque la gente ve otro pa\u00eds, diametralmente distinto. Es decir, en pocas palabras, que la gente ve en los cuerpos de seguridad del Estado cuerpos eficientes en su lucha contra el crimen organizado. En lo que ha ca\u00eddo la confianza es en los gobernadores y los presidentes municipales, pues la gente conf\u00eda menos en estos pol\u00edticos. Cosa contraria de lo que sucede con el presidente de la Rep\u00fablica en quien un&nbsp; 80 % de los ciudadanos le depositan su confianza -un \u00edndice muy alto-.&nbsp;<\/p>\n\n\n\n<p class=\"wp-block-paragraph\">Todo indica que, en la pr\u00f3xima campa\u00f1a presidencial, la oposici\u00f3n caminar\u00e1 por el discurso del desastre y el gobierno por el del fortalecimiento de las instituciones de seguridad que la gente los ve triunfadores ante un complejo enemigo como el crimen organizado disperso en una gran cantidad de c\u00e1rteles.&nbsp;<\/p>\n\n\n\n<p class=\"wp-block-paragraph\">Bajo estas premisas uno entiende porque Lilly T\u00e9llez se est\u00e1 convirtiendo en el modelo m\u00e1s acabado del potencial candidato de la derecha a la presidencia de la Rep\u00fablica. Todo indica, al no detenerse leer las estad\u00edsticas, que le apuestan a perder y Morena con todos sus errores se enfila a obtener muy buenos resultados, sin olvidar y perder de vista, que las calificaciones de los gobernadores matizar\u00e1n los resultados en las regiones.<\/p>\n\n\n\n<p class=\"wp-block-paragraph\">La derecha le apuesta a lo inmediato e ignora al M\u00e9xico profundo que piensa al pa\u00eds en t\u00e9rminos m\u00e1s largo placistas. All\u00e1 ellos.&nbsp;<\/p>\n<div class=\"fb-background-color\">\n\t\t\t  <div \n\t\t\t  \tclass = \"fb-comments\" \n\t\t\t  \tdata-href = \"https:\/\/diarioavanzada.com.mx\/?p=41772\"\n\t\t\t  \tdata-numposts = \"10\"\n\t\t\t  \tdata-lazy = \"true\"\n\t\t\t\tdata-colorscheme = \"light\"\n\t\t\t\tdata-order-by = \"social\"\n\t\t\t\tdata-mobile=true>\n\t\t\t  <\/div><\/div>\n\t\t  <style>\n\t\t    .fb-background-color {\n\t\t\t\tbackground:  !important;\n\t\t\t}\n\t\t\t.fb_iframe_widget_fluid_desktop iframe {\n\t\t\t    width: 100% !important;\n\t\t\t}\n\t\t  <\/style>\n\t\t  ","protected":false},"excerpt":{"rendered":"<p>Columna El puercoesp\u00edn&nbsp; Desde 2022 los medios masivos de comunicaci\u00f3n -es decir, sus due\u00f1os- decidieron hacer de la inseguridad su tema para descalificar y consecuentemente hundir al gobierno de la Cuarta Transformaci\u00f3n. Los mas media se han convertido en amplificadores ensordecedores de todas y cada una de las notas rojas a nivel nacional. Por otro [&hellip;]<\/p>\n","protected":false},"author":9,"featured_media":41773,"comment_status":"closed","ping_status":"closed","sticky":false,"template":"","format":"standard","meta":{"_coblocks_attr":"","_coblocks_dimensions":"","_coblocks_responsive_height":"","_coblocks_accordion_ie_support":"","advanced_seo_description":"","jetpack_seo_html_title":"","jetpack_seo_noindex":false,"jetpack_seo_schema_type":"","_jetpack_newsletter_access":"","_jetpack_dont_email_post_to_subs":false,"_jetpack_newsletter_tier_id":0,"_jetpack_memberships_contains_paywalled_content":false,"_wpcom_ai_launchpad_first_post":false,"_jetpack_feature_clip_id":0,"_jetpack_memberships_contains_paid_content":false,"footnotes":"","jetpack_post_was_ever_published":false},"categories":[19,209,24],"tags":[332,275,299,286,210,219,228],"class_list":["post-41772","post","type-post","status-publish","format-standard","has-post-thumbnail","hentry","category-colima","category-importantes","category-opinion","tag-corrupcion-2","tag-desaparecidos","tag-homicidio","tag-impunidad","tag-portada","tag-seguridad","tag-violencia"],"jetpack-related-posts":[],"jetpack_sharing_enabled":true,"amp_enabled":true,"jetpack_featured_media_url":"https:\/\/diarioavanzada.com.mx\/wp-content\/uploads\/2023\/04\/image-109.png","_links":{"self":[{"href":"https:\/\/diarioavanzada.com.mx\/index.php?rest_route=\/wp\/v2\/posts\/41772","targetHints":{"allow":["GET"]}}],"collection":[{"href":"https:\/\/diarioavanzada.com.mx\/index.php?rest_route=\/wp\/v2\/posts"}],"about":[{"href":"https:\/\/diarioavanzada.com.mx\/index.php?rest_route=\/wp\/v2\/types\/post"}],"author":[{"embeddable":true,"href":"https:\/\/diarioavanzada.com.mx\/index.php?rest_route=\/wp\/v2\/users\/9"}],"replies":[{"embeddable":true,"href":"https:\/\/diarioavanzada.com.mx\/index.php?rest_route=%2Fwp%2Fv2%2Fcomments&post=41772"}],"version-history":[{"count":1,"href":"https:\/\/diarioavanzada.com.mx\/index.php?rest_route=\/wp\/v2\/posts\/41772\/revisions"}],"predecessor-version":[{"id":41774,"href":"https:\/\/diarioavanzada.com.mx\/index.php?rest_route=\/wp\/v2\/posts\/41772\/revisions\/41774"}],"wp:featuredmedia":[{"embeddable":true,"href":"https:\/\/diarioavanzada.com.mx\/index.php?rest_route=\/wp\/v2\/media\/41773"}],"wp:attachment":[{"href":"https:\/\/diarioavanzada.com.mx\/index.php?rest_route=%2Fwp%2Fv2%2Fmedia&parent=41772"}],"wp:term":[{"taxonomy":"category","embeddable":true,"href":"https:\/\/diarioavanzada.com.mx\/index.php?rest_route=%2Fwp%2Fv2%2Fcategories&post=41772"},{"taxonomy":"post_tag","embeddable":true,"href":"https:\/\/diarioavanzada.com.mx\/index.php?rest_route=%2Fwp%2Fv2%2Ftags&post=41772"}],"curies":[{"name":"wp","href":"https:\/\/api.w.org\/{rel}","templated":true}]}}