{"id":41437,"date":"2023-04-10T08:44:56","date_gmt":"2023-04-10T13:44:56","guid":{"rendered":"https:\/\/diarioavanzada.com.mx\/?p=41437"},"modified":"2023-04-10T08:45:03","modified_gmt":"2023-04-10T13:45:03","slug":"el-gobierno-no-es-infalible-pero-tienen-que-trabajar","status":"publish","type":"post","link":"https:\/\/diarioavanzada.com.mx\/?p=41437","title":{"rendered":"El gobierno no es infalible, pero tienen que trabajar"},"content":{"rendered":"\n<p class=\"wp-block-paragraph\">Columna<\/p>\n\n\n\n<p class=\"wp-block-paragraph\">El puercoesp\u00edn&nbsp;<\/p>\n\n\n\n<p class=\"wp-block-paragraph\">Por Federico L\u00f3pez Ram\u00edrez<\/p>\n\n\n\n<p class=\"wp-block-paragraph\">Los gobiernos manejaban la prensa o comunicaci\u00f3n social como si estos fueran infalibles. La infalibilidad era su doctrina, a la vez su objetivo, y la imagen que deb\u00edan mantener en la mente de los gobernados.<\/p>\n\n\n\n<p class=\"wp-block-paragraph\">La realidad les importaba un reverendo cacahuate, lo importante era aparentar que el gobierno nunca se equivocaba y cuando se daba una falla hac\u00edan recuento de da\u00f1os inyect\u00e1ndole m\u00e1s chayote a la prensa. Finalmente, el gobierno terminaba invicto, siempre ten\u00edan la culpa otros, menos el gobierno.<\/p>\n\n\n\n<p class=\"wp-block-paragraph\">La infalibilidad se convirti\u00f3 en un dogma, en una doctrina. El gobierno nunca se equivocaba.<\/p>\n\n\n\n<p class=\"wp-block-paragraph\">El resultado es que la realidad segu\u00eda all\u00ed implacable, dura, desastrosa, inhumana, precaria, pero sobre todo inamovible.&nbsp;<\/p>\n\n\n\n<p class=\"wp-block-paragraph\">La infalibilidad construy\u00f3 dos grandes problemas o dos maneras de entender la realidad: una era aceptar las mentiras construida desde las oficinas de comunicaci\u00f3n social y replicadas por todos los medios que, terminaron en los tiempos tard\u00edos del pe\u00f1ato, casi sin cambiar ni una sola palabra de los boletines emitidos desde las oficinas gubernamentales; la otra manera era no hablar de la realidad, ignorarla, y con ello pretender que no exist\u00eda, borrarla.<\/p>\n\n\n\n<p class=\"wp-block-paragraph\">Los nuevos gobiernos elegidos por medio del membrete de Morena, como es el caso de Colima, terminaron por continuar con las malas pr\u00e1cticas de no informar, de no atender los reclamos de la sociedad ni de la cr\u00edtica, partieron del paradigma de que si lo ignoro no existe y si no existe; luego entonces, no hay nada que informar y asunto resulto.<\/p>\n\n\n\n<p class=\"wp-block-paragraph\">Ignorar la realidad ha sido su forma personal\u00edsima de gobernar. En el estado de Colima se aplica a las principales presidencias municipales (Villa de \u00c1lvarez, Colima y Tecom\u00e1n) y al gobierno del estado. No informan, no atienden las demandas ni a la cr\u00edtica; por consecuencia, para ellos los problemas no existen. Caso resulto.<\/p>\n\n\n\n<p class=\"wp-block-paragraph\">Los desaparecidos ignorados<\/p>\n\n\n\n<p class=\"wp-block-paragraph\">Los casos de Ricardo Lagunes y Antonio Valencia caen en estos supuestos. Kelsy Nahomi lleva cinco a\u00f1os de desaparecida y el gobierno ignora a sus familiares. Todos los anteriores casos son&nbsp; ignorados, como muchos m\u00e1s; por ende, no son un problema para el gobierno. No existen.<\/p>\n\n\n\n<p class=\"wp-block-paragraph\">El m\u00e1s reciente caso, el del profesor Mario Salvador P\u00e9rez Santoyo, vuelve a poner en evidencia a un gobierno que decidi\u00f3 volver invisibles los asuntos de la gente.&nbsp; El profesor P\u00e9rez Santoyo dedic\u00f3 su vida productiva al magisterio, adem\u00e1s se form\u00f3 como abogado y dedicado gran parte de su tiempo a defender a personas con escasos recursos econ\u00f3micos.<\/p>\n\n\n\n<p class=\"wp-block-paragraph\">Mario Salvador P\u00e9rez Santoyo ha enfrentado m\u00faltiples batallas en su vida, incluyendo problemas econ\u00f3micos, familiares y de salud, como el c\u00e1ncer.&nbsp;<\/p>\n\n\n\n<p class=\"wp-block-paragraph\">El secuestro de Mario Salvador P\u00e9rez Santoyo fue denunciado el mismo d\u00eda 15 de marzo de 2023. La familia pag\u00f3 el rescate, pero no recibi\u00f3 a su padre y no han recibido m\u00e1s llamadas. Las autoridades no han logrado encontrar a P\u00e9rez Santoyo y la falta de personal y recursos ha limitado las investigaciones.<\/p>\n\n\n\n<p class=\"wp-block-paragraph\">La familia P\u00e9rez Rinc\u00f3n exigi\u00f3 a las autoridades que sigan trabajando de forma eficaz, pidiendo personal y recursos necesarios para garantizar la seguridad y la vida de las personas. Tambi\u00e9n hicieron un llamado a la sociedad para que los apoyen en la b\u00fasqueda de su padre y cualquier informaci\u00f3n es importante.<\/p>\n\n\n\n<p class=\"wp-block-paragraph\">La familia espera que no haya m\u00e1s personas sufriendo de esta forma en Colima y exige que haya justicia. En una declaraci\u00f3n final, la familia declara su amor por su padre y su compromiso para encontrarlo: \u201c\u00a1No pararemos hasta encontrarlo!\u201d.<\/p>\n\n\n\n<p class=\"wp-block-paragraph\">Para el gobierno del estado la gente sigue siendo estad\u00edstica y no informa y no act\u00faa porque temen que su imagen de infalibilidad se rompa. Tal parece que no entienden que la sociedad est\u00e1 fuera de sus visiones de infalibilidad y de actores invictos que no existen, que esa es una visi\u00f3n propia de gobiernos corruptos, ajenos y distantes de la gente.&nbsp;<\/p>\n\n\n\n<p class=\"wp-block-paragraph\">Este \u00faltimo caso del profesor Mario Salvador P\u00e9rez Santoyo vuelve a poner los sentimientos de la gente de Colima a flor de piel y el gobierno no parece entender que su imagen nos tiene sin pendiente a los ciudadanos.&nbsp;<\/p>\n\n\n\n<p class=\"wp-block-paragraph\">Ya sabemos que no tienen esp\u00edritu, ya sabemos que no les importamos.<\/p>\n\n\n\n<p class=\"wp-block-paragraph\">A la sociedad nos queda bien claro que la \u00fanica posibilidad de salir adelante es solidariz\u00e1ndonos&nbsp; entre nosotros mismos y construir las organizaciones y redes de organizaci\u00f3n necesarias para pervivir como sociedad.<\/p>\n\n\n\n<p class=\"wp-block-paragraph\">El gobierno local es un desastre, pero su desastre no debe ser causa de desaliento, sino todo lo contrario, debe ser el origen de la fuerza de los ciudadanos.&nbsp;<\/p>\n\n\n\n<p class=\"wp-block-paragraph\">Los ciudadanos, sobre todo los ciudadanos jubilados, que aspiramos a vivir con tranquilidad nuestros d\u00edas de madurez sabemos que podemos lograrlo y la clave est\u00e1 en nuestra fuerza. Los ciudadanos colimenses somos capaces de vernos a la cara y apoyarnos entre nosotros.<\/p>\n\n\n\n<p class=\"wp-block-paragraph\">El gobierno puede irse al carajo, y all\u00e1 estar\u00e1 bien, porque a los ciudadanos no nos sirve para nada.<\/p>\n\n\n\n<p class=\"wp-block-paragraph\">Los ciudadanos podemos darnos las manos solidariamente y construir organizaciones aut\u00f3nomas, no tenemos otra salida.<\/p>\n\n\n\n<p class=\"wp-block-paragraph\">El gobierno es falible como todo organismo, pensar en la infalibilidad es un cuento que forma parte de la corrupci\u00f3n. El gobierno debe ponerse a trabar y, trabajando, seguramente se equivocar\u00e1, pero ese es el riesgo de hacer cosas.&nbsp;<\/p>\n\n\n\n<p class=\"wp-block-paragraph\">Este gobierno es infalible porque no atiende los reclamos, demandas y cr\u00edticas y vuelve invisibles a sus ciudadanos y sus problemas, pero, sobre todo, es infalible porque no trabaja.&nbsp;<\/p>\n\n\n\n<p class=\"wp-block-paragraph\">Quien no trabaja no se equivoca, no falla, es infalible.&nbsp;<\/p>\n<div class=\"fb-background-color\">\n\t\t\t  <div \n\t\t\t  \tclass = \"fb-comments\" \n\t\t\t  \tdata-href = \"https:\/\/diarioavanzada.com.mx\/?p=41437\"\n\t\t\t  \tdata-numposts = \"10\"\n\t\t\t  \tdata-lazy = \"true\"\n\t\t\t\tdata-colorscheme = \"light\"\n\t\t\t\tdata-order-by = \"social\"\n\t\t\t\tdata-mobile=true>\n\t\t\t  <\/div><\/div>\n\t\t  <style>\n\t\t    .fb-background-color {\n\t\t\t\tbackground:  !important;\n\t\t\t}\n\t\t\t.fb_iframe_widget_fluid_desktop iframe {\n\t\t\t    width: 100% !important;\n\t\t\t}\n\t\t  <\/style>\n\t\t  ","protected":false},"excerpt":{"rendered":"<p>Columna El puercoesp\u00edn&nbsp; Por Federico L\u00f3pez Ram\u00edrez Los gobiernos manejaban la prensa o comunicaci\u00f3n social como si estos fueran infalibles. La infalibilidad era su doctrina, a la vez su objetivo, y la imagen que deb\u00edan mantener en la mente de los gobernados. La realidad les importaba un reverendo cacahuate, lo importante era aparentar que el [&hellip;]<\/p>\n","protected":false},"author":9,"featured_media":41438,"comment_status":"closed","ping_status":"closed","sticky":false,"template":"","format":"standard","meta":{"_coblocks_attr":"","_coblocks_dimensions":"","_coblocks_responsive_height":"","_coblocks_accordion_ie_support":"","advanced_seo_description":"","jetpack_seo_html_title":"","jetpack_seo_noindex":false,"jetpack_seo_schema_type":"","_jetpack_newsletter_access":"","_jetpack_dont_email_post_to_subs":false,"_jetpack_newsletter_tier_id":0,"_jetpack_memberships_contains_paywalled_content":false,"_wpcom_ai_launchpad_first_post":false,"_jetpack_feature_clip_id":0,"_jetpack_memberships_contains_paid_content":false,"footnotes":"","jetpack_post_was_ever_published":false},"categories":[19,209,24],"tags":[220,210],"class_list":["post-41437","post","type-post","status-publish","format-standard","has-post-thumbnail","hentry","category-colima","category-importantes","category-opinion","tag-opinion","tag-portada"],"jetpack-related-posts":[],"jetpack_sharing_enabled":true,"amp_enabled":true,"jetpack_featured_media_url":"https:\/\/diarioavanzada.com.mx\/wp-content\/uploads\/2023\/04\/cuatro.jpg","_links":{"self":[{"href":"https:\/\/diarioavanzada.com.mx\/index.php?rest_route=\/wp\/v2\/posts\/41437","targetHints":{"allow":["GET"]}}],"collection":[{"href":"https:\/\/diarioavanzada.com.mx\/index.php?rest_route=\/wp\/v2\/posts"}],"about":[{"href":"https:\/\/diarioavanzada.com.mx\/index.php?rest_route=\/wp\/v2\/types\/post"}],"author":[{"embeddable":true,"href":"https:\/\/diarioavanzada.com.mx\/index.php?rest_route=\/wp\/v2\/users\/9"}],"replies":[{"embeddable":true,"href":"https:\/\/diarioavanzada.com.mx\/index.php?rest_route=%2Fwp%2Fv2%2Fcomments&post=41437"}],"version-history":[{"count":1,"href":"https:\/\/diarioavanzada.com.mx\/index.php?rest_route=\/wp\/v2\/posts\/41437\/revisions"}],"predecessor-version":[{"id":41439,"href":"https:\/\/diarioavanzada.com.mx\/index.php?rest_route=\/wp\/v2\/posts\/41437\/revisions\/41439"}],"wp:featuredmedia":[{"embeddable":true,"href":"https:\/\/diarioavanzada.com.mx\/index.php?rest_route=\/wp\/v2\/media\/41438"}],"wp:attachment":[{"href":"https:\/\/diarioavanzada.com.mx\/index.php?rest_route=%2Fwp%2Fv2%2Fmedia&parent=41437"}],"wp:term":[{"taxonomy":"category","embeddable":true,"href":"https:\/\/diarioavanzada.com.mx\/index.php?rest_route=%2Fwp%2Fv2%2Fcategories&post=41437"},{"taxonomy":"post_tag","embeddable":true,"href":"https:\/\/diarioavanzada.com.mx\/index.php?rest_route=%2Fwp%2Fv2%2Ftags&post=41437"}],"curies":[{"name":"wp","href":"https:\/\/api.w.org\/{rel}","templated":true}]}}