{"id":4062,"date":"2019-03-20T13:40:47","date_gmt":"2019-03-20T18:40:47","guid":{"rendered":"https:\/\/diarioavanzada.com.mx\/?p=4062"},"modified":"2019-03-20T13:40:48","modified_gmt":"2019-03-20T18:40:48","slug":"asiste-directora-del-conacyt-al-arranque-de-la-semana-de-las-ciencias-biomedicas-2019","status":"publish","type":"post","link":"https:\/\/diarioavanzada.com.mx\/?p=4062","title":{"rendered":"Asiste directora del Conacyt al arranque de la semana de las Ciencias Biom\u00e9dicas 2019"},"content":{"rendered":"\n<p class=\"wp-block-paragraph\">Colima, M\u00e9xico, Comunicado (20\/03\/2019).- El rector Jos\u00e9 Eduardo Hern\u00e1ndez Nava inaugur\u00f3 la semana de las Ciencias Biom\u00e9dicas 2019 \u201cDr. Ram\u00f3n \u00c1lvarez-Buylla de Aldana\u201d, enmarcada en el 35 aniversario del Centro Universitario de Investigaciones Biom\u00e9dicas (CUIB) de la Universidad de Colima, en una ceremonia donde estuvo presente Mar\u00eda Elena \u00c1lvarez-Buylla Roces, directora general del Consejo Nacional de Ciencia y Tecnolog\u00eda (Conacyt).<\/p>\n\n\n\n<p class=\"wp-block-paragraph\">Dicho evento tiene como fin que los estudiantes que est\u00e1n terminando sus carreras y el p\u00fablico en general, conozcan las l\u00edneas de investigaci\u00f3n y actividades que se realizan en este centro de investigaci\u00f3n, as\u00ed como la oferta de los programas de maestr\u00eda y doctorado en ciencias fisiol\u00f3gicas y ciencias m\u00e9dicas.<\/p>\n\n\n\n<p class=\"wp-block-paragraph\">Durante su intervenci\u00f3n, el rector felicit\u00f3 a los organizadores por rendirle un homenaje al Dr. Ram\u00f3n \u00c1lvarez-Buylla, a quien record\u00f3 como \u201cun hombre de ciencia, esposo y padre amoroso, por lo que me parece no s\u00f3lo un acierto, sino un acto de justo reconocimiento por las aportaciones y el legado que dej\u00f3 en la Universidad\u201d.<\/p>\n\n\n\n<p class=\"wp-block-paragraph\">Don Ram\u00f3n, dijo Hern\u00e1ndez Nava, \u201cfue uno de los maestros m\u00e1s respetados por la exigencia acad\u00e9mica con la que conduc\u00eda sus clases y la brillantez con que transmit\u00eda sus conocimientos sobre las nuevas formas de entender la manera en que el cuerpo humano reacciona\u201d. Por estas razones, record\u00f3, en 1999 la UdeC le otorg\u00f3 la medalla \u201cL\u00e1zaro C\u00e1rdenas del R\u00edo\u201d y le impuso su nombre al edificio que ocupaba su laboratorio.<\/p>\n\n\n\n<p class=\"wp-block-paragraph\">A\u00f1adi\u00f3 que este gran investigador de origen espa\u00f1ol era, adem\u00e1s, \u201cun reconocido conversador, sin distinciones; nada le parec\u00eda insignificante ni indigno de atenci\u00f3n. Siempre fue un hombre orgulloso del conocimiento generado en esta tierra\u201d.<br><\/p>\n\n\n\n<p class=\"wp-block-paragraph\">Sus contribuciones, se\u00f1al\u00f3 el rector, la mayor\u00eda realizadas al lado de su esposa Elena Roces Dorronsoro, \u201cconstituyen una historia bella no por todos conocida\u201d, por lo que sugiri\u00f3 que \u201cvaldr\u00eda la pena publicarlas para que las j\u00f3venes generaciones de fisi\u00f3logos sepan qui\u00e9n es tan ilustre personaje y puedan ubicar su contribuci\u00f3n en un contexto m\u00e1s universal\u201d.&nbsp;<\/p>\n\n\n\n<p class=\"wp-block-paragraph\">Por lo pronto, inform\u00f3 que la Universidad \u201clleva a cabo el proyecto de ampliaci\u00f3n a segundo nivel y adecuaci\u00f3n del laboratorio \u2018Dr. Ram\u00f3n \u00c1lvarez-Buylla de Aldana\u2019, en un esfuerzo m\u00e1s por hacer perdurable su obra cient\u00edfica\u201d.<\/p>\n\n\n\n<p class=\"wp-block-paragraph\">En su turno, Alfredo Aranda Fern\u00e1ndez, coordinador general de Investigaci\u00f3n Cient\u00edfica, se\u00f1al\u00f3 que este evento es de relevancia por dos razones: \u201cuna de ellas es porque se celebran casi 35 a\u00f1os de la creaci\u00f3n del CUIB, uno de los primeros centros de la UdeC que logr\u00f3 consolidarse y que en este momento es el centro de investigaciones que tiene m\u00e1s impactos y resultados en el ambiente cient\u00edfico\u201d.&nbsp;<\/p>\n\n\n\n<p class=\"wp-block-paragraph\">La segunda raz\u00f3n, dijo, es el homenaje al Dr. \u00c1lvarez-Buylla, de quien \u201cdescubr\u00ed que a su llegada al CUIB, este centro logr\u00f3 una presencia a nivel nacional, por lo que su huella ha quedado aqu\u00ed\u201d.&nbsp;<\/p>\n\n\n\n<p class=\"wp-block-paragraph\">Por \u00faltimo, recomend\u00f3 a los j\u00f3venes a que conozcan el CUIB, sus laboratorios y las investigaciones que se realizan; \u201ces el centro que tiene y participa en los mejores programas de posgrado de nuestra instituci\u00f3n, lo que representa una gran oportunidad para ustedes\u201d.&nbsp;<br><\/p>\n\n\n\n<p class=\"wp-block-paragraph\">La semblanza del homenajeado estuvo a cargo de Sergio Iv\u00e1n Montero, quien fuera el \u00faltimo alumno de este gran investigador. Entre otros datos, dijo que Ram\u00f3n \u00c1lvarez-Buylla naci\u00f3 en 1919 en Oviedo, Espa\u00f1a, que fue uno de los exiliados por la guerra civil espa\u00f1ola, estudi\u00f3 la carrera de m\u00e9dico cirujano y partero y el doctorado en fisiolog\u00eda en la Academia de Ciencias de Rusia y que en 1947 lleg\u00f3 a M\u00e9xico y se incorpor\u00f3 a la Escuela Nacional de Ciencias Biol\u00f3gicas del Instituto Polit\u00e9cnico Nacional, donde ejerci\u00f3 la docencia y la investigaci\u00f3n hasta 1960. Fue profesor y cofundador de Departamento de Fisiolog\u00eda del Cinvestav.<\/p>\n\n\n\n<p class=\"wp-block-paragraph\">Sergio Iv\u00e1n habl\u00f3 de las investigaciones pioneras realizadas por \u00c1lvarez-Buylla, por las que su nombre es a\u00fan citado por cient\u00edficos de otros pa\u00edses, y dijo que lleg\u00f3 a la UdeC en 1991 al lado de su inseparable compa\u00f1era y colaboradora, do\u00f1a Elena Roces, donde sigui\u00f3 dando clases, realizando investigaciones y formando a m\u00e1s estudiantes hasta el d\u00eda de su muerte, el 14 de octubre de 1999.<\/p>\n\n\n\n<p class=\"wp-block-paragraph\">Una vez concluida la conferencia, tanto el rector Eduardo Hern\u00e1ndez como Mar\u00eda Elena \u00c1lvarez-Buylla, directora general del Conacy, recorrieron el vest\u00edbulo del auditorio principal de la Biblioteca de Ciencias \u201cMiguel de la Madrid\u201d, donde conocieron los planos y proyecciones de lo que ser\u00e1 el nuevo laboratorio \u201cRam\u00f3n \u00c1lvarez-Buylla\u201d, as\u00ed como los trabajos tipo cartel presentados por estudiantes de Medicina.<\/p>\n\n\n\n<p class=\"wp-block-paragraph\">Entre otros funcionarios, acompa\u00f1aron al rector Christian Torres Ortiz, secretario general; Eduardo Monroy, coordinador general de Docencia; Priscilia \u00c1lvarez, delegada del campus Colima; Clemente V\u00e1zquez, director del CUIB; Alicia L\u00f3pez de Hern\u00e1ndez, directora general del Cedefu y las y los l\u00edderes de los sectores universitarios.<\/p>\n<div class=\"fb-background-color\">\n\t\t\t  <div \n\t\t\t  \tclass = \"fb-comments\" \n\t\t\t  \tdata-href = \"https:\/\/diarioavanzada.com.mx\/?p=4062\"\n\t\t\t  \tdata-numposts = \"10\"\n\t\t\t  \tdata-lazy = \"true\"\n\t\t\t\tdata-colorscheme = \"light\"\n\t\t\t\tdata-order-by = \"social\"\n\t\t\t\tdata-mobile=true>\n\t\t\t  <\/div><\/div>\n\t\t  <style>\n\t\t    .fb-background-color {\n\t\t\t\tbackground:  !important;\n\t\t\t}\n\t\t\t.fb_iframe_widget_fluid_desktop iframe {\n\t\t\t    width: 100% !important;\n\t\t\t}\n\t\t  <\/style>\n\t\t  ","protected":false},"excerpt":{"rendered":"<p>Colima, M\u00e9xico, Comunicado (20\/03\/2019).- El rector Jos\u00e9 Eduardo Hern\u00e1ndez Nava inaugur\u00f3 la semana de las Ciencias Biom\u00e9dicas 2019 \u201cDr. Ram\u00f3n \u00c1lvarez-Buylla de Aldana\u201d, enmarcada en el 35 aniversario del Centro Universitario de Investigaciones Biom\u00e9dicas (CUIB) de la Universidad de Colima, en una ceremonia donde estuvo presente Mar\u00eda Elena \u00c1lvarez-Buylla Roces, directora general del Consejo Nacional [&hellip;]<\/p>\n","protected":false},"author":7,"featured_media":4063,"comment_status":"open","ping_status":"open","sticky":false,"template":"","format":"standard","meta":{"_coblocks_attr":"","_coblocks_dimensions":"","_coblocks_responsive_height":"","_coblocks_accordion_ie_support":"","_crdt_document":"","advanced_seo_description":"","jetpack_seo_html_title":"","jetpack_seo_noindex":false,"_jetpack_memberships_contains_paid_content":false,"footnotes":""},"categories":[7],"tags":[],"class_list":["post-4062","post","type-post","status-publish","format-standard","has-post-thumbnail","hentry","category-noticias"],"jetpack_featured_media_url":"https:\/\/diarioavanzada.com.mx\/wp-content\/uploads\/2019\/03\/Extra_Conferencia_de_Mar__a_Elena___lvarez-Buylla_en_UdeC_b.jpg","jetpack-related-posts":[],"jetpack_sharing_enabled":true,"amp_enabled":true,"_links":{"self":[{"href":"https:\/\/diarioavanzada.com.mx\/index.php?rest_route=\/wp\/v2\/posts\/4062","targetHints":{"allow":["GET"]}}],"collection":[{"href":"https:\/\/diarioavanzada.com.mx\/index.php?rest_route=\/wp\/v2\/posts"}],"about":[{"href":"https:\/\/diarioavanzada.com.mx\/index.php?rest_route=\/wp\/v2\/types\/post"}],"author":[{"embeddable":true,"href":"https:\/\/diarioavanzada.com.mx\/index.php?rest_route=\/wp\/v2\/users\/7"}],"replies":[{"embeddable":true,"href":"https:\/\/diarioavanzada.com.mx\/index.php?rest_route=%2Fwp%2Fv2%2Fcomments&post=4062"}],"version-history":[{"count":0,"href":"https:\/\/diarioavanzada.com.mx\/index.php?rest_route=\/wp\/v2\/posts\/4062\/revisions"}],"wp:featuredmedia":[{"embeddable":true,"href":"https:\/\/diarioavanzada.com.mx\/index.php?rest_route=\/wp\/v2\/media\/4063"}],"wp:attachment":[{"href":"https:\/\/diarioavanzada.com.mx\/index.php?rest_route=%2Fwp%2Fv2%2Fmedia&parent=4062"}],"wp:term":[{"taxonomy":"category","embeddable":true,"href":"https:\/\/diarioavanzada.com.mx\/index.php?rest_route=%2Fwp%2Fv2%2Fcategories&post=4062"},{"taxonomy":"post_tag","embeddable":true,"href":"https:\/\/diarioavanzada.com.mx\/index.php?rest_route=%2Fwp%2Fv2%2Ftags&post=4062"}],"curies":[{"name":"wp","href":"https:\/\/api.w.org\/{rel}","templated":true}]}}