{"id":40492,"date":"2023-03-10T08:28:21","date_gmt":"2023-03-10T14:28:21","guid":{"rendered":"https:\/\/diarioavanzada.com.mx\/?p=40492"},"modified":"2023-03-10T08:30:49","modified_gmt":"2023-03-10T14:30:49","slug":"el-gobierno-mas-feminista-derriba-puertas","status":"publish","type":"post","link":"https:\/\/diarioavanzada.com.mx\/?p=40492","title":{"rendered":"El gobierno m\u00e1s feminista derriba puertas"},"content":{"rendered":"\n<p class=\"wp-block-paragraph\">Columna<\/p>\n\n\n\n<p class=\"wp-block-paragraph\">El puercoesp\u00edn&nbsp;<\/p>\n\n\n\n<p class=\"wp-block-paragraph\">8M 2023<\/p>\n\n\n\n<p class=\"wp-block-paragraph\">El 8M fue in\u00e9dito en Colima, no por su nutrida concurrencia que lleg\u00f3 a la cantidad aproximada de 3 mil mujeres marchando sobre la Madero y protestando en el jard\u00edn de La Libertad, sino porque derribaron la puerta principal de Palacio de Gobierno.<\/p>\n\n\n\n<p class=\"wp-block-paragraph\">La mujeres no fueron escuchadas ni recibidas por la titular del Ejecutivo estatal porque -de acuerdo a su costumbre- se encontraba en la Ciudad de M\u00e9xico, atendiendo sus intereses pol\u00edticos y personales, nada que ver con el inter\u00e9s p\u00fablico colimense.<\/p>\n\n\n\n<p class=\"wp-block-paragraph\">La primera feminista del estado es incapaz de recibir a las mujeres en sus oficinas y su ex nana, la secretaria General de Gobierno, es incapaz de hacer algo.&nbsp;<\/p>\n\n\n\n<p class=\"wp-block-paragraph\">8M de 2019<\/p>\n\n\n\n<p class=\"wp-block-paragraph\">El 8 de marzo de 2019, reci\u00e9n instalado en la Presidencia de la Rep\u00fablica Amlo, la marcha de las mujeres fue utilizada por la derecha para crear violencia y proyectar la idea de que la izquierda es violenta e incapaz de gobernar.&nbsp;<\/p>\n\n\n\n<p class=\"wp-block-paragraph\">Las mujeres de Morena y Frida Guerrera cometieron el error al apoyar la marcha violenta argumentando que las mujeres estaban siendo matadas por el Estado patriarcal. No fueron capaces de mirar la operaci\u00f3n pol\u00edtica de la derecha y sus medios mentirosos. El foco de su violencia tambi\u00e9n dirigido hacia Claudia Sheinbaum para descalificar su gobierno que, por cierto, tuvo relativo \u00e9xito, pues en las elecciones intermedias la derecha logr\u00f3 la conquista del 50 % de las alcald\u00edas de la CDMX.<\/p>\n\n\n\n<p class=\"wp-block-paragraph\">En Colima, las feministas de Morena, con el objetivo de impulsar la candidatura de Indira asumieron las banderas de las mujeres \u201canarquistas\u201d y la Brujas del Mar bajo el grito de \u00a1Nos est\u00e1n matando!, aun cuando era m\u00e1s que evidente que la violencia ten\u00eda un fin muy espec\u00edfico,&nbsp; descalificar el gobierno temprano de Amlo.<\/p>\n\n\n\n<p class=\"wp-block-paragraph\">La feministas colimenses aplaudieron, festejaron la violencia, la pinta y destrucci\u00f3n de monumentos hist\u00f3ricos y la devastaci\u00f3n de locales comerciales porque -seg\u00fan ellas- estaba justificada por el fin \u00faltimo que significaba lograr la justicia para las mujeres y hacer visibles sus problem\u00e1ticas frente a un Estado patriarcal que las negaba e ignoraba, olvidaban un peque\u00f1o detalle, en el gobierno se encontraba un hombre salido de las filas de la izquierda.<\/p>\n\n\n\n<p class=\"wp-block-paragraph\">Indira, Vladimir Parra y su equipo y las actuales mujeres incrustadas en el Instituto Colimense de la Mujer se encargaron de denostar p\u00fablicamente a quienes se atrevieron a condenar la violencia empleada injustificadamente.<\/p>\n\n\n\n<p class=\"wp-block-paragraph\">A toda persona que conden\u00f3 la violencia, entonces,&nbsp; la descalificaron acus\u00e1ndola de violencia de g\u00e9nero, de misoginia y violencia pol\u00edtica.<\/p>\n\n\n\n<p class=\"wp-block-paragraph\">De vuelta al 8M de 2023<\/p>\n\n\n\n<p class=\"wp-block-paragraph\">Las manifestaciones se vieron interrumpidas por la pandemia que, de alguna manera, el \u00edmpetu cay\u00f3, y las manifestaciones mermaron en cantidad; sin embargo, en el a\u00f1o actual las mujeres volvieron a salir a la calle y en gran cantidad.<\/p>\n\n\n\n<p class=\"wp-block-paragraph\">El 2023 tiene otras circunstancias muy distintas a las de los a\u00f1os 2019-2022, entre otras circunstancias, Indira lleg\u00f3 al gobierno de Colima y se autodenomin\u00f3 el gobierno m\u00e1s feminista de la historia de Colima; sin embargo, las mujeres tienen otros datos. Colima ha tenido desde enero de 2022 un repunte de la violencia donde las mujeres han sido el blanco principal de la misma. Las desapariciones de mujeres tambi\u00e9n han aumentado significativamente y \u201cel gobierno m\u00e1s feminista de la historia\u201d no ha tenido la capacidad de instrumentar medidas de seguridad y sociales para anular la violencia, o cuando menos, contener a la misma.<\/p>\n\n\n\n<p class=\"wp-block-paragraph\">El gobierno de Indira se ha ausentado de Colima y ha evitado los problemas ignorando los problemas y no escucha, no ve ni oye las cr\u00edticas, se\u00f1alamientos y demandas de la sociedad colimense. Es un gobierno evasivo e inepto.<\/p>\n\n\n\n<p class=\"wp-block-paragraph\">Con relaci\u00f3n a los hechos del 8M en Colima la desgobernadora public\u00f3 en su feis: <em>\u201cAunque no comparto ning\u00fan tipo de violencia o da\u00f1o a patrimonio p\u00fablico, sus cuerpos, sus derechos y sus vidas son m\u00e1s importantes.<\/em><\/p>\n\n\n\n<p class=\"wp-block-paragraph\"><strong><em>La transformaci\u00f3n que se lleva a cabo en Colima es y se mantendr\u00e1 feminista<\/em><\/strong><em>.<\/em>\u201d<\/p>\n\n\n\n<p class=\"wp-block-paragraph\">El \u00faltimo rengl\u00f3n del texto suena m\u00e1s a amenaza que a una promesa de soluci\u00f3n de la problem\u00e1tica de las mujeres desaparecidas.<\/p>\n\n\n\n<p class=\"wp-block-paragraph\">La gobernadora se refiere al derribo y quema de la puerta principal de Palacio de Gobierno que es de ya el s\u00edmbolo de la forma en que ella conduce su gobierno.<\/p>\n\n\n\n<p class=\"wp-block-paragraph\">La verdad es que la puerta la derrib\u00f3 una minor\u00eda de mujeres violentas, el resto de mujeres solo fueron testigos, y toleraron el hecho porque ya estaban all\u00ed. Pero parad\u00f3jicamente la concentraci\u00f3n final fue muy alegre y de demanda pol\u00edtica para que el gobierno m\u00e1s feminista se ponga las pilas y resuelva los asunto urgentes e importantes como son: la inseguridad y separar los intereses econ\u00f3micos de los pol\u00edticos.&nbsp;<\/p>\n\n\n\n<p class=\"wp-block-paragraph\">Las mujeres con sus hijos, mujeres j\u00f3venes y mujeres maduras se manifestaron en el jard\u00edn de La Libertad con la alegr\u00eda propia de quienes le apuestan al futuro.<\/p>\n\n\n\n<p class=\"wp-block-paragraph\">Los patrullajes de la Guardia Nacional y los elementos de la Polic\u00eda Estatal Preventiva se hicieron con calma y profesionalismo, yo no detect\u00e9 tensi\u00f3n ni preocupaci\u00f3n por la mujeres de ser reprimidas por los elementos de seguridad, nada de eso. En Yucat\u00e1n fueron reprimidas.<\/p>\n\n\n\n<p class=\"wp-block-paragraph\">La violencia se concentraba en un grupo de mujeres oportunistas que saben que existe mucho dolor y hartazgo de la gente y particularmente de las familias lastimadas por la muerte o desaparici\u00f3n de alguno de sus miembros.<\/p>\n\n\n\n<p class=\"wp-block-paragraph\">Lo cierto es que Indira est\u00e1 totalmente fuera de la realidad. Ella sigue instalada en su mundo de fantas\u00eda, de confort, que no sabe ver el mundo real de los colimenses agraviados por el crimen organizado. Tambi\u00e9n la evasi\u00f3n del gobierno de Indira es un ingrediente m\u00e1s que alimenta la violencia. Su gobierno est\u00e1 perdido, extraviado en los laberintos de la estupidez, la insensibilidad frente al dolor de las mujeres colimenses. Su ineptitud ya ofende en grado superlativo.<\/p>\n\n\n\n<p class=\"wp-block-paragraph\">La frase con la que termina su posicionamiento p\u00fablico frente a la violencia contra su gobierno que reza: \u201c<strong><em>La transformaci\u00f3n que se lleva a cabo en Colima es y se mantendr\u00e1 feminista<\/em><\/strong><em>.<\/em>\u201d Suena como una amenaza y que debe leerse as\u00ed: h\u00e1galen como quieran, nosotras seguiremos montadas en nuestro macho y nos valen madres sus reclamos, la puerta se arreglara con los impuestos de ustedes mismo, punto.<\/p>\n\n\n\n<p class=\"wp-block-paragraph\">Las feministas colimenses de Morena<\/p>\n\n\n\n<p class=\"wp-block-paragraph\">La \u201cfeministas\u201d de Morena decidieron festejar (escrib\u00ed bien, festejar, no conmemorar, como bien me corrigi\u00f3&nbsp; un buen amigo) festejar el d\u00eda de la mujer encerradas en sus oficinas y entreg\u00e1ndose premios y reconocimientos, entre ellas mismas, atr\u00e1s, lejos, dejaron los tiempos de las marchas extenuantes donde ten\u00edan que soportar el sol abrasador.<\/p>\n\n\n\n<p class=\"wp-block-paragraph\">Las&nbsp; mujeres morenistas est\u00e1n viviendo los tiempos de las vacas gordos y hoy s\u00ed condenan la violencia en forma hip\u00f3crita y demostrando que son muy desmemoriadas &#8211;que dicho sea de paso es correcto condenar&#8211; que antes para lograr sus fines pol\u00edticos abrazaron para su causa.<\/p>\n\n\n\n<p class=\"wp-block-paragraph\">La mujeres de Morena en el gobierno demuestran que solo buscan la politiquer\u00eda y act\u00faan de acuerdo a sus conveniencias, lejos est\u00e1n de abanderar las verdaderas causas de las mujeres.&nbsp;<\/p>\n<div class=\"fb-background-color\">\n\t\t\t  <div \n\t\t\t  \tclass = \"fb-comments\" \n\t\t\t  \tdata-href = \"https:\/\/diarioavanzada.com.mx\/?p=40492\"\n\t\t\t  \tdata-numposts = \"10\"\n\t\t\t  \tdata-lazy = \"true\"\n\t\t\t\tdata-colorscheme = \"light\"\n\t\t\t\tdata-order-by = \"social\"\n\t\t\t\tdata-mobile=true>\n\t\t\t  <\/div><\/div>\n\t\t  <style>\n\t\t    .fb-background-color {\n\t\t\t\tbackground:  !important;\n\t\t\t}\n\t\t\t.fb_iframe_widget_fluid_desktop iframe {\n\t\t\t    width: 100% !important;\n\t\t\t}\n\t\t  <\/style>\n\t\t  ","protected":false},"excerpt":{"rendered":"<p>Columna El puercoesp\u00edn&nbsp; 8M 2023 El 8M fue in\u00e9dito en Colima, no por su nutrida concurrencia que lleg\u00f3 a la cantidad aproximada de 3 mil mujeres marchando sobre la Madero y protestando en el jard\u00edn de La Libertad, sino porque derribaron la puerta principal de Palacio de Gobierno. La mujeres no fueron escuchadas ni recibidas [&hellip;]<\/p>\n","protected":false},"author":9,"featured_media":40493,"comment_status":"closed","ping_status":"closed","sticky":false,"template":"","format":"standard","meta":{"_coblocks_attr":"","_coblocks_dimensions":"","_coblocks_responsive_height":"","_coblocks_accordion_ie_support":"","advanced_seo_description":"","jetpack_seo_html_title":"","jetpack_seo_noindex":false,"jetpack_seo_schema_type":"","_jetpack_newsletter_access":"","_jetpack_dont_email_post_to_subs":false,"_jetpack_newsletter_tier_id":0,"_jetpack_memberships_contains_paywalled_content":false,"_wpcom_ai_launchpad_first_post":false,"_jetpack_feature_clip_id":0,"_jetpack_memberships_contains_paid_content":false,"footnotes":"","jetpack_post_was_ever_published":false},"categories":[19,209,24],"tags":[220,210],"class_list":["post-40492","post","type-post","status-publish","format-standard","has-post-thumbnail","hentry","category-colima","category-importantes","category-opinion","tag-opinion","tag-portada"],"jetpack-related-posts":[],"jetpack_sharing_enabled":true,"amp_enabled":true,"jetpack_featured_media_url":"https:\/\/diarioavanzada.com.mx\/wp-content\/uploads\/2023\/03\/image-65.png","_links":{"self":[{"href":"https:\/\/diarioavanzada.com.mx\/index.php?rest_route=\/wp\/v2\/posts\/40492","targetHints":{"allow":["GET"]}}],"collection":[{"href":"https:\/\/diarioavanzada.com.mx\/index.php?rest_route=\/wp\/v2\/posts"}],"about":[{"href":"https:\/\/diarioavanzada.com.mx\/index.php?rest_route=\/wp\/v2\/types\/post"}],"author":[{"embeddable":true,"href":"https:\/\/diarioavanzada.com.mx\/index.php?rest_route=\/wp\/v2\/users\/9"}],"replies":[{"embeddable":true,"href":"https:\/\/diarioavanzada.com.mx\/index.php?rest_route=%2Fwp%2Fv2%2Fcomments&post=40492"}],"version-history":[{"count":2,"href":"https:\/\/diarioavanzada.com.mx\/index.php?rest_route=\/wp\/v2\/posts\/40492\/revisions"}],"predecessor-version":[{"id":40495,"href":"https:\/\/diarioavanzada.com.mx\/index.php?rest_route=\/wp\/v2\/posts\/40492\/revisions\/40495"}],"wp:featuredmedia":[{"embeddable":true,"href":"https:\/\/diarioavanzada.com.mx\/index.php?rest_route=\/wp\/v2\/media\/40493"}],"wp:attachment":[{"href":"https:\/\/diarioavanzada.com.mx\/index.php?rest_route=%2Fwp%2Fv2%2Fmedia&parent=40492"}],"wp:term":[{"taxonomy":"category","embeddable":true,"href":"https:\/\/diarioavanzada.com.mx\/index.php?rest_route=%2Fwp%2Fv2%2Fcategories&post=40492"},{"taxonomy":"post_tag","embeddable":true,"href":"https:\/\/diarioavanzada.com.mx\/index.php?rest_route=%2Fwp%2Fv2%2Ftags&post=40492"}],"curies":[{"name":"wp","href":"https:\/\/api.w.org\/{rel}","templated":true}]}}