{"id":40451,"date":"2023-03-09T07:33:11","date_gmt":"2023-03-09T13:33:11","guid":{"rendered":"https:\/\/diarioavanzada.com.mx\/?p=40451"},"modified":"2023-03-09T07:33:18","modified_gmt":"2023-03-09T13:33:18","slug":"sepulta-indira-a-la-4t-en-colima-con-la-privatizacion-de-las-carreteras-estatales","status":"publish","type":"post","link":"https:\/\/diarioavanzada.com.mx\/?p=40451","title":{"rendered":"Sepulta Indira a la 4T, en Colima, con la privatizaci\u00f3n de las carreteras estatales"},"content":{"rendered":"\n<p class=\"wp-block-paragraph\">Columna<\/p>\n\n\n\n<p class=\"wp-block-paragraph\">El puercoesp\u00edn &nbsp;<\/p>\n\n\n\n<p class=\"wp-block-paragraph\">Tiempos de populismo &nbsp;<\/p>\n\n\n\n<p class=\"wp-block-paragraph\">Eran tiempos de precampa\u00f1a, hab\u00eda que aprovechar todo, el 5 de junio de 2019, tanto el gobernador Nacho Peralta como la delegada de la Secretar\u00eda del Bienestar deseaban colgarse la medallita de la liberaci\u00f3n del peaje de la caseta de Cuyutl\u00e1n, los autom\u00f3viles compactos y a algunas camionetas ser\u00edan exentados del cobro,&nbsp; solo los tr\u00e1ileres tendr\u00e1n que pagar.<\/p>\n\n\n\n<p class=\"wp-block-paragraph\">Indira sin ning\u00fan pudor se aperson\u00f3, a la noche, en la caseta con un grupo de incondicionales que festejaban gritando y saltando el logro de liberar la caseta de cobro, eran tiempos preelectorales y se ten\u00eda que ser muy pro pueblo. Indi, la oportunista, abandon\u00f3 su papel de superdelegada federal y se puso en modo candidata para colgarse la medallita. Hab\u00eda que estar con el pueblo y all\u00ed estaba con el pueblo. Haciendo suyo algo que no le pertenec\u00eda.<\/p>\n\n\n\n<p class=\"wp-block-paragraph\">\u201cA trav\u00e9s de un bolet\u00edn, el gobierno estatal indic\u00f3 que el presidente de la Rep\u00fablica \u201crespald\u00f3 la gesti\u00f3n del gobernador\u201d y \u201canunci\u00f3 que a partir de este mi\u00e9rcoles ning\u00fan veh\u00edculo que transite por la Caseta de Cuyutl\u00e1n volver\u00e1 a realizar pago alguno\u201d. Por su parte, la oficina de Indira Vizca\u00edno difundi\u00f3 un promocional con el siguiente mensaje: \u201cGracias a la sensibilidad de nuestro presidente, Andr\u00e9s Manuel L\u00f3pez Obrador, a la demanda del pueblo y a las gestiones de la delegada estatal, Indira Vizca\u00edno, a partir del mi\u00e9rcoles 5 de junio logramos tarifa cero en la caseta de Cuyutl\u00e1n\u201d. As\u00ed lo rese\u00f1\u00f3&nbsp; la revista <strong>proceso<\/strong> la disputa por la caseta que retrataba el oportunismo de los pol\u00edticos de siempre que solo se quieren adjudicar todo y nada hacen en realidad para promover beneficios.<\/p>\n\n\n\n<p class=\"wp-block-paragraph\">Como gobernadora en funciones<\/p>\n\n\n\n<p class=\"wp-block-paragraph\">Indira mand\u00f3 modificar la Ley de Comunicaciones y Transportes local, as\u00ed como la Ley de Inversi\u00f3n Publico Privada para privatizar las carreteras locales.&nbsp;<\/p>\n\n\n\n<p class=\"wp-block-paragraph\">En un estado donde la mayor\u00eda de las cabeceras municipales (ocho) est\u00e1n comunicadas por autopistas solo quedan potencialmente por privatizarse las carreteras hacia Ixtlahuac\u00e1n y Minatitl\u00e1n, pues las carreteras de Minatitl\u00e1n-Manzanillo, Minatitl\u00e1n-Colima, Jala-Tecom\u00e1n, Cuauht\u00e9moc-Colima (carretera vieja) y Cuauht\u00e9moc-Alzada ser\u00edan de poco intereses para los inversionistas. La verdadera apuesta es privatizar el <strong><em>Libramiento Colima, V\u00eda r\u00e1pida<\/em><\/strong>, el tramo de 23.5 kil\u00f3metros, que ir\u00eda de Cuauht\u00e9moc hasta Los Asmoles.<\/p>\n\n\n\n<p class=\"wp-block-paragraph\">Las reformas a las leyes est\u00e1 hecha a la medida para que los inversionistas de Nacho Peralta y Carlos Arturo Noriega vuelvan para hacer negocios. No cabe duda que Indira se comprometi\u00f3 con ellos y les regresa los negociazos a costa del pueblo.<\/p>\n\n\n\n<p class=\"wp-block-paragraph\">Lo m\u00e1s seguro es que el proyecto se entregar\u00e1 a la empresa Dynfra, o a la misma pero con otro nombre, una concesi\u00f3n por 20 a\u00f1os para dicha v\u00eda, originalmente la concesi\u00f3n era por 30 a\u00f1os, pero con la nueva ley no podr\u00e1 superior a los 20, pero nadie nos garantiza que dicha concesi\u00f3n podr\u00e1 prorrogarse por otros veinte a\u00f1os.<\/p>\n\n\n\n<p class=\"wp-block-paragraph\">Tambi\u00e9n quedo id\u00e9ntica la forma en que se transferir\u00e1n recursos p\u00fablicos a los privados, es decir, que el gobierno siempre pierde y los privados siempre ganan, para lo cual,&nbsp;en caso de que el proyecto se lleve a cabo y en su operaci\u00f3n no se generen las proyecciones econ\u00f3micas m\u00ednimas para la empresa, se utilizar\u00eda la l\u00ednea contingente por 65 millones de pesos para cubrir las afectaciones, para lo cual se estima comprometer las participaciones federales en caso de que se necesite, en otras palabras, que los particulares nunca pierdan un solo centavo.<\/p>\n\n\n\n<p class=\"wp-block-paragraph\">Dir\u00e1n que no concesionar\u00e1n el tramo carretero a una empresa privada, pero para eso incluyeron como \u201cnovedad\u201d que se podr\u00e1 concesionar a municipios y organismos paraestatales que ser\u00e1n simples pantallas para realizar el negocio con apariencia p\u00fablica.&nbsp;<\/p>\n\n\n\n<p class=\"wp-block-paragraph\">Indi y sus c\u00f3mplices est\u00e1n pensando que el municipio de Colima electoralmente volver\u00e1 a quedar en manos del PRI y, curiosamente, en las mismas manos de los socios de Nacho Peralta, es decir, la gente de Carlos Arturo Noriega y asociados. No cabe duda que se est\u00e1n repartiendo el pastel con mucha anticipaci\u00f3n.<\/p>\n\n\n\n<p class=\"wp-block-paragraph\">Revolucionarios en campa\u00f1a; neoliberales en el gobierno<\/p>\n\n\n\n<p class=\"wp-block-paragraph\">Vladimir Parra y Gisela M\u00e9ndez fueron fuertes opositores a la construcci\u00f3n del libramiento r\u00e1pido argumentando precisamente que los aspectos t\u00e9cnicos no solucionar\u00edan los requerimientos de un libramiento de tanto aforo de tr\u00e1nsito pesado, adem\u00e1s de ser un esquema donde el gobierno garantizar\u00eda las utilidades de los privados absorbiendo las perdidas y los inversionistas tomando las utilidades, es decir, el gobierno pierde y las empresas privadas siempre ganan. Eran y son correctos sus argumentos esgrimidos entonces.<\/p>\n\n\n\n<p class=\"wp-block-paragraph\">Hoy en el gobierno Indira, Vladimir y Gisela M\u00e9ndez son partidarios de este proyecto, la primera, Indira, como beneficiaria del negocio y Vladimir Parra y Gisela M\u00e9ndez como c\u00f3mplices que guardan silencio. Se les quit\u00f3 lo revolucionario.<\/p>\n\n\n\n<p class=\"wp-block-paragraph\">Indi, Vladi y Gise son neoliberales que est\u00e1n destruyendo el proyecto de la Cuarta Transformaci\u00f3n en Colima. Al unir los intereses de la gente de la iniciativa privada en un negocio con el gobierno est\u00e1 rompiendo con la esencia pol\u00edtica de la 4T.<\/p>\n\n\n\n<p class=\"wp-block-paragraph\">El patriarcado en peligro<\/p>\n\n\n\n<p class=\"wp-block-paragraph\">El patriarcado en Colima goza de cabal salud, pues los muchachos revolucionarios de la campa\u00f1a se volvieron duros neoliberales en el gobierno. Salieron buenos para los negocios. Indi sali\u00f3&nbsp; buena para los negocios.<\/p>\n\n\n\n<p class=\"wp-block-paragraph\">Huyyy que miedo, el patriarcado est\u00e1 en peligro en Colima. Con estos muchachos \u201crevolucionarios\u201d el patriarcado y los neoliberales est\u00e1n muertos de p\u00e1nico.<\/p>\n\n\n\n<p class=\"wp-block-paragraph\">En campa\u00f1a Indi brincaba por liberar a los automovilistas de las casetas de cobro, como gobernadora brinca de gusto por construir casetas de cobro y hacer jugosos negocios.<\/p>\n\n\n\n<p class=\"wp-block-paragraph\">Revolucionarios en campa\u00f1a, neoliberales en el gobierno.&nbsp;<\/p>\n<div class=\"fb-background-color\">\n\t\t\t  <div \n\t\t\t  \tclass = \"fb-comments\" \n\t\t\t  \tdata-href = \"https:\/\/diarioavanzada.com.mx\/?p=40451\"\n\t\t\t  \tdata-numposts = \"10\"\n\t\t\t  \tdata-lazy = \"true\"\n\t\t\t\tdata-colorscheme = \"light\"\n\t\t\t\tdata-order-by = \"social\"\n\t\t\t\tdata-mobile=true>\n\t\t\t  <\/div><\/div>\n\t\t  <style>\n\t\t    .fb-background-color {\n\t\t\t\tbackground:  !important;\n\t\t\t}\n\t\t\t.fb_iframe_widget_fluid_desktop iframe {\n\t\t\t    width: 100% !important;\n\t\t\t}\n\t\t  <\/style>\n\t\t  ","protected":false},"excerpt":{"rendered":"<p>Columna El puercoesp\u00edn &nbsp; Tiempos de populismo &nbsp; Eran tiempos de precampa\u00f1a, hab\u00eda que aprovechar todo, el 5 de junio de 2019, tanto el gobernador Nacho Peralta como la delegada de la Secretar\u00eda del Bienestar deseaban colgarse la medallita de la liberaci\u00f3n del peaje de la caseta de Cuyutl\u00e1n, los autom\u00f3viles compactos y a algunas [&hellip;]<\/p>\n","protected":false},"author":9,"featured_media":40452,"comment_status":"closed","ping_status":"closed","sticky":false,"template":"","format":"standard","meta":{"_coblocks_attr":"","_coblocks_dimensions":"","_coblocks_responsive_height":"","_coblocks_accordion_ie_support":"","advanced_seo_description":"","jetpack_seo_html_title":"","jetpack_seo_noindex":false,"jetpack_seo_schema_type":"","_jetpack_newsletter_access":"","_jetpack_dont_email_post_to_subs":false,"_jetpack_newsletter_tier_id":0,"_jetpack_memberships_contains_paywalled_content":false,"_wpcom_ai_launchpad_first_post":false,"_jetpack_feature_clip_id":0,"_jetpack_memberships_contains_paid_content":false,"footnotes":"","jetpack_post_was_ever_published":false},"categories":[19,209,24],"tags":[220,210],"class_list":["post-40451","post","type-post","status-publish","format-standard","has-post-thumbnail","hentry","category-colima","category-importantes","category-opinion","tag-opinion","tag-portada"],"jetpack-related-posts":[],"jetpack_sharing_enabled":true,"amp_enabled":true,"jetpack_featured_media_url":"https:\/\/diarioavanzada.com.mx\/wp-content\/uploads\/2023\/03\/Indira-bandera.png","_links":{"self":[{"href":"https:\/\/diarioavanzada.com.mx\/index.php?rest_route=\/wp\/v2\/posts\/40451","targetHints":{"allow":["GET"]}}],"collection":[{"href":"https:\/\/diarioavanzada.com.mx\/index.php?rest_route=\/wp\/v2\/posts"}],"about":[{"href":"https:\/\/diarioavanzada.com.mx\/index.php?rest_route=\/wp\/v2\/types\/post"}],"author":[{"embeddable":true,"href":"https:\/\/diarioavanzada.com.mx\/index.php?rest_route=\/wp\/v2\/users\/9"}],"replies":[{"embeddable":true,"href":"https:\/\/diarioavanzada.com.mx\/index.php?rest_route=%2Fwp%2Fv2%2Fcomments&post=40451"}],"version-history":[{"count":1,"href":"https:\/\/diarioavanzada.com.mx\/index.php?rest_route=\/wp\/v2\/posts\/40451\/revisions"}],"predecessor-version":[{"id":40453,"href":"https:\/\/diarioavanzada.com.mx\/index.php?rest_route=\/wp\/v2\/posts\/40451\/revisions\/40453"}],"wp:featuredmedia":[{"embeddable":true,"href":"https:\/\/diarioavanzada.com.mx\/index.php?rest_route=\/wp\/v2\/media\/40452"}],"wp:attachment":[{"href":"https:\/\/diarioavanzada.com.mx\/index.php?rest_route=%2Fwp%2Fv2%2Fmedia&parent=40451"}],"wp:term":[{"taxonomy":"category","embeddable":true,"href":"https:\/\/diarioavanzada.com.mx\/index.php?rest_route=%2Fwp%2Fv2%2Fcategories&post=40451"},{"taxonomy":"post_tag","embeddable":true,"href":"https:\/\/diarioavanzada.com.mx\/index.php?rest_route=%2Fwp%2Fv2%2Ftags&post=40451"}],"curies":[{"name":"wp","href":"https:\/\/api.w.org\/{rel}","templated":true}]}}