{"id":4040,"date":"2019-03-19T11:04:17","date_gmt":"2019-03-19T16:04:17","guid":{"rendered":"https:\/\/diarioavanzada.com.mx\/?p=4040"},"modified":"2019-03-19T11:04:18","modified_gmt":"2019-03-19T16:04:18","slug":"respaldo-total-del-congreso-a-taxistas","status":"publish","type":"post","link":"https:\/\/diarioavanzada.com.mx\/?p=4040","title":{"rendered":"Respaldo total del Congreso a taxistas"},"content":{"rendered":"\n<p class=\"wp-block-paragraph\">Colima, M\u00e9xico, Comunicado (19\/03\/2019).- El Congreso del Estado respalda plenamente a los trabajadores del volante en sus justas demandas en lo relativo a dejar de hacer pagos de seguros no contemplados en la ley, al tiempo que el Grupo Parlamentario del Movimiento de Regeneraci\u00f3n Nacional (Morena) asumi\u00f3 el compromiso de apoyar econ\u00f3micamente a la familia del taxista Jos\u00e9 Ram\u00f3n C\u00e1rdenas Corona, quien muri\u00f3 luego de recibir tres balazos cuando se encontraba trabajando.<\/p>\n\n\n\n<p class=\"wp-block-paragraph\">As\u00ed lo dio a conocer el Diputado Guillermo Toscano Reyes, quien acompa\u00f1ado de sus hom\u00f3logos de Morena, Vladimir Parra Barrag\u00e1n y Julio Anguiano Urbina, recibieron en la Sala \u201cGral. Francisco J. M\u00fagica\u201d del Poder Legislativo a miembros de la Uni\u00f3n de Choferes en Movimiento de Villa de \u00c1lvarez, A.C. encabezados por su l\u00edder Horacio Torres Gonz\u00e1lez, y a familiares del taxista fallecido.<\/p>\n\n\n\n<p class=\"wp-block-paragraph\">El dirigente de los choferes expres\u00f3 la inconformidad por el pago injustificado que deben hacer a mutuales de la CNOP y CTM para poder trabajar, y cuando se requiere el servicio m\u00e9dico como el caso de su compa\u00f1ero agredido no les responden positivamente; asegura que como operadores de taxi s\u00f3lo deben pagar la licencia y gafete, y no los 500 pesos por cada tarjet\u00f3n para el seguro de la mutual; y denunci\u00f3 que a la familia del finado Ram\u00f3n C\u00e1rdenas no le han cubierto el apoyo, pues dicen que no cubren gastos por agresiones.<\/p>\n\n\n\n<p class=\"wp-block-paragraph\">Toscano Reyes reiter\u00f3 a los trabajadores del volante el respaldo total del Congreso y de la Fracci\u00f3n de Morena, e inform\u00f3 que en la primera reuni\u00f3n del siguiente periodo ordinario presentar\u00e1n un punto de acuerdo para citar a comparecer a los secretarios de Movilidad, Rafael Mart\u00ednez Brun, y de Trabajo y Previsi\u00f3n Social, Vicente Reyna P\u00e9rez, para que expliquen a las y los legisladores la situaci\u00f3n que prevalece y las acciones que realizan en este rubro para asegurar que los veh\u00edculos cuenten con seguros.<\/p>\n\n\n\n<p class=\"wp-block-paragraph\">La Semov tiene la obligaci\u00f3n de inspeccionar los veh\u00edculos y que los taxis cuenten con seguro para da\u00f1os y no como responsabilidad del conductor; ninguna de las dos autoridades hace su trabajo y cumple su responsabilidad; basta ya de que las autoridades pasen por encima de los trabajadores y privilegien a las empresas. \u201cNo podemos permitir que los trabajadores sean extorsionados mediante el pago de cuotas no previstas en la ley\u201d, dijo Toscano Reyes<\/p>\n\n\n\n<p class=\"wp-block-paragraph\">Expres\u00f3 su solidaridad a los trabajadores del volante y particularmente a la familia del taxista fallecido; y refrendo el compromiso para que se cumpla la ley. \u201cNo vamos a permitir que los taxistas paguen algo que la ley no les exige; no vamos a avalar actos o costos no estipulados\u201d, dijo el legislador de Morena.&nbsp;<\/p>\n\n\n\n<p class=\"wp-block-paragraph\">Seg\u00fan las versiones, el pasado 6 de marzo el chofer del taxi 7 de Rancho Blanco, Jos\u00e9 Ram\u00f3n C\u00e1rdenas Corona, recibi\u00f3 tres balazos cuando le dispararon al pasajero que llev\u00f3 en Villa Izcalli, muriendo el martes 12 de marzo a consecuencia de los dos impactos en la espalda y uno m\u00e1s en la pierna, que le da\u00f1aron un ri\u00f1\u00f3n, laceraci\u00f3n de v\u00edsceras y los pulmones.<\/p>\n\n\n\n<p class=\"wp-block-paragraph\">La doctora Raquel C\u00e1rdenas Corona, hermana del taxista victimado, pidi\u00f3 que la comparecencia de los Secretarios de Movilidad y del Trabajo ante el Congreso sea abierta y con acceso a los representantes del gremio de taxistas, pues deben escuchar de ellos que estamos en un lugar violento; hizo votos porque la tragedia de su hermano sea la \u00faltima y nadie m\u00e1s muera en el trabajo. Entre l\u00e1grimas, dijo que como miles de personas, su hermano sali\u00f3 a trabajar honradamente para ganar el pan y sustento de su familia; \u201cpedimos m\u00e1s sensibilidad a las autoridades\u201d, se\u00f1al\u00f3. &nbsp; &nbsp;<\/p>\n\n\n\n<p class=\"wp-block-paragraph\">Por su parte, Julio C\u00e9sar C\u00e1rdenas Salazar, hijo del taxista asesinado, asegur\u00f3 que tuvo el mejor padre del mundo que muri\u00f3 trabajando para llevar el sustento a su hogar; \u201cque su muerte sirva de ejemplo para que los choferes tengan la prestaci\u00f3n del seguro\u201d.&nbsp;<\/p>\n\n\n\n<p class=\"wp-block-paragraph\">Dijo estar molesto y enojado porque se ha difundido que recibi\u00f3 15 mil pesos de la Mutual cuando s\u00f3lo le entregaron 4 mil pesos, cuando los gastos m\u00e9dicos fueron mucho mayores. A nombre de su familia, exigi\u00f3 que se cumpla la ley y que no haya m\u00e1s muertes como la de su padre Ram\u00f3n C\u00e1rdenas Corona. Agreg\u00f3 que tiene certeza en las autoridades y dijo que el argumento que le dieron es que su padre fue asaltado.<\/p>\n\n\n\n<p class=\"wp-block-paragraph\">El dirigente de la Uni\u00f3n de Choferes en Movimiento de Villa de \u00c1lvarez, Horacio Torres Gonz\u00e1lez, inform\u00f3 que tan s\u00f3lo en el \u00e1rea conurbada de Colima y Villa de \u00c1lvarez hay cerca de mil unidades de taxis de la CNOP y la CTM, que representan alrededor de 2 mil choferes, mientras que en toda nuestra entidad son aproximadamente 6 mil choferes, y revel\u00f3 que el responsable de la mutual que no quiere hacerse cargo de los gastos es el concesionario y dirigente Hugo Ch\u00e1vez R\u00edos.<\/p>\n<div class=\"fb-background-color\">\n\t\t\t  <div \n\t\t\t  \tclass = \"fb-comments\" \n\t\t\t  \tdata-href = \"https:\/\/diarioavanzada.com.mx\/?p=4040\"\n\t\t\t  \tdata-numposts = \"10\"\n\t\t\t  \tdata-lazy = \"true\"\n\t\t\t\tdata-colorscheme = \"light\"\n\t\t\t\tdata-order-by = \"social\"\n\t\t\t\tdata-mobile=true>\n\t\t\t  <\/div><\/div>\n\t\t  <style>\n\t\t    .fb-background-color {\n\t\t\t\tbackground:  !important;\n\t\t\t}\n\t\t\t.fb_iframe_widget_fluid_desktop iframe {\n\t\t\t    width: 100% !important;\n\t\t\t}\n\t\t  <\/style>\n\t\t  ","protected":false},"excerpt":{"rendered":"<p>Colima, M\u00e9xico, Comunicado (19\/03\/2019).- El Congreso del Estado respalda plenamente a los trabajadores del volante en sus justas demandas en lo relativo a dejar de hacer pagos de seguros no contemplados en la ley, al tiempo que el Grupo Parlamentario del Movimiento de Regeneraci\u00f3n Nacional (Morena) asumi\u00f3 el compromiso de apoyar econ\u00f3micamente a la familia [&hellip;]<\/p>\n","protected":false},"author":7,"featured_media":4041,"comment_status":"open","ping_status":"open","sticky":false,"template":"","format":"standard","meta":{"_coblocks_attr":"","_coblocks_dimensions":"","_coblocks_responsive_height":"","_coblocks_accordion_ie_support":"","_crdt_document":"","advanced_seo_description":"","jetpack_seo_html_title":"","jetpack_seo_noindex":false,"_jetpack_memberships_contains_paid_content":false,"footnotes":""},"categories":[7],"tags":[],"class_list":["post-4040","post","type-post","status-publish","format-standard","has-post-thumbnail","hentry","category-noticias"],"jetpack_featured_media_url":"https:\/\/diarioavanzada.com.mx\/wp-content\/uploads\/2019\/03\/IMG_0740.jpg","jetpack-related-posts":[],"jetpack_sharing_enabled":true,"amp_enabled":true,"_links":{"self":[{"href":"https:\/\/diarioavanzada.com.mx\/index.php?rest_route=\/wp\/v2\/posts\/4040","targetHints":{"allow":["GET"]}}],"collection":[{"href":"https:\/\/diarioavanzada.com.mx\/index.php?rest_route=\/wp\/v2\/posts"}],"about":[{"href":"https:\/\/diarioavanzada.com.mx\/index.php?rest_route=\/wp\/v2\/types\/post"}],"author":[{"embeddable":true,"href":"https:\/\/diarioavanzada.com.mx\/index.php?rest_route=\/wp\/v2\/users\/7"}],"replies":[{"embeddable":true,"href":"https:\/\/diarioavanzada.com.mx\/index.php?rest_route=%2Fwp%2Fv2%2Fcomments&post=4040"}],"version-history":[{"count":0,"href":"https:\/\/diarioavanzada.com.mx\/index.php?rest_route=\/wp\/v2\/posts\/4040\/revisions"}],"wp:featuredmedia":[{"embeddable":true,"href":"https:\/\/diarioavanzada.com.mx\/index.php?rest_route=\/wp\/v2\/media\/4041"}],"wp:attachment":[{"href":"https:\/\/diarioavanzada.com.mx\/index.php?rest_route=%2Fwp%2Fv2%2Fmedia&parent=4040"}],"wp:term":[{"taxonomy":"category","embeddable":true,"href":"https:\/\/diarioavanzada.com.mx\/index.php?rest_route=%2Fwp%2Fv2%2Fcategories&post=4040"},{"taxonomy":"post_tag","embeddable":true,"href":"https:\/\/diarioavanzada.com.mx\/index.php?rest_route=%2Fwp%2Fv2%2Ftags&post=4040"}],"curies":[{"name":"wp","href":"https:\/\/api.w.org\/{rel}","templated":true}]}}