{"id":40279,"date":"2023-03-02T07:53:01","date_gmt":"2023-03-02T13:53:01","guid":{"rendered":"https:\/\/diarioavanzada.com.mx\/?p=40279"},"modified":"2023-03-02T07:53:12","modified_gmt":"2023-03-02T13:53:12","slug":"asociacion-publica-privada-esta-disenada-para-robar","status":"publish","type":"post","link":"https:\/\/diarioavanzada.com.mx\/?p=40279","title":{"rendered":"Asociaci\u00f3n p\u00fablica privada est\u00e1 dise\u00f1ada para robar"},"content":{"rendered":"\n<p class=\"wp-block-paragraph\">Columna<\/p>\n\n\n\n<p class=\"wp-block-paragraph\">El puercoesp\u00edn&nbsp;<\/p>\n\n\n\n<p class=\"wp-block-paragraph\">Uno de los m\u00e9todos favoritos del Prian para saquear el erario p\u00fablico fue desarrollar las asociaciones p\u00fablico privado donde son las instituciones p\u00fablicas quienes ponen los recursos y absorben las perdidas y los socios privados se especializan en cosechar las ganancias.<\/p>\n\n\n\n<p class=\"wp-block-paragraph\">A los pol\u00edticos les importan muy poco las p\u00e9rdidas porque las p\u00e9rdidas son con cargo al erario, es decir, que se cubren con recursos fiscales y ellos y los empresarios har\u00e1n el negocio de su vida.<\/p>\n\n\n\n<p class=\"wp-block-paragraph\">Sin eufemismo, el dise\u00f1o de las asociaciones p\u00fablico privada es el modelo de negocios que m\u00e1s se ha usado para el saqueo de los recursos p\u00fablicos por los pol\u00edticos neoliberales y sus socios de la iniciativa privada.<\/p>\n\n\n\n<p class=\"wp-block-paragraph\">Lo \u00fanico de lo que se quej\u00f3 la oposici\u00f3n es de la premura, del fast-track (v\u00eda r\u00e1pida) que usaron Morena y sus aliados para aprobar el decreto, nunca cuestionaron el porqu\u00e9 y los para qu\u00e9 de la reforma, por m\u00e1s r\u00e1pida y abusiva que haya sido la forma en que se present\u00f3, no justifica que no hayan vertido argumentaci\u00f3n &#8211;aun a prisa&#8211; para cuestionar de fondo&nbsp; la reforma presentada y aprobada.<\/p>\n\n\n\n<p class=\"wp-block-paragraph\">El dictamen reforma diversas disposiciones de la Ley de Caminos y Puentes del Estado de Colima y adiciona un \u00faltimo p\u00e1rrafo al art\u00edculo 77 de la Ley de Asociaciones P\u00fablico Privadas del Estado de Colima.<\/p>\n\n\n\n<p class=\"wp-block-paragraph\">La reforma se\u00f1ala que las concesiones no podr\u00e1n ser por plazos mayores a 20 a\u00f1os y se menciona que cuando haya v\u00edas alternas, buscar\u00e1 la operaci\u00f3n de una libre de peaje. \u201cexcepcionalmente, la Persona Titular del Poder Ejecutivo podr\u00e1 otorgar concesi\u00f3n a los gobiernos municipales o entidades paraestatales sin sujetarse al procedimiento de concurso a que se refiere esta ley\u201d menciona el decreto.&nbsp;<\/p>\n\n\n\n<p class=\"wp-block-paragraph\">El establecer un plazo no mayor de 20 a\u00f1os a las concesiones y el que haya v\u00edas alternas libres de cobro de peaje suena bien y hasta cuidadosa de los derechos y bienestar de los ciudadanos; sin embargo, que el Ejecutivo pueda otorgar concesiones &#8211;en forma excepcional&#8211; a los gobiernos municipales o entidades paraestatales sin sujetarse al procedimiento de concurso a que se refiere la misma ley, no es sino la v\u00eda legal para delegar en los municipios y alguna entidad paraestatal la asociaci\u00f3n p\u00fablica privada y se realice el gran negocio; entonces, el Ejecutivo estatal se lavar\u00e1 las manos y dir\u00e1 que est\u00e1 beneficiando a los municipios o entidad paraestatal cuando en realidad se est\u00e1 abriendo las puertas para el saqueo, donde todos, &#8211;incluyendo al gobierno estatal bajo la mesa&#8211; y habr\u00e1n&nbsp; obviado los concurso y tendr\u00e1n v\u00eda para desarrollar negocios jugosos y f\u00e1ciles.<\/p>\n\n\n\n<p class=\"wp-block-paragraph\">Tengamos memoria. No olvidemos que uno de los \u00faltimos grandes negocios de Ignacio Peralta S\u00e1nchez fue un cementerio p\u00fablico-privado donde obtuvo un negociazo asociado con su primo.<\/p>\n\n\n\n<p class=\"wp-block-paragraph\">Indira, fiel a su esencia neoliberal y neoempresarial, ya est\u00e1 en camino de abrirles las puertas a sus camaradas para seguir saqueando el erario y hacer grandes negocios para su beneficio personal.<\/p>\n\n\n\n<p class=\"wp-block-paragraph\">Para los votantes de Morena que ten\u00edan esperanzas de una rectificaci\u00f3n de su gobernadora deben abandonar toda esperanza porque el neoliberalismo es el neoliberalismo y para Indira el gobierno es un negocio, porque negocios son negocios y en eso andan.<\/p>\n\n\n\n<p class=\"wp-block-paragraph\">A la sociedad solo le toca estar al pendiente de cu\u00e1l familiar, amigo o pol\u00edtico convertido en empresario &#8211;muy conveniente y oportunamente&#8211; ser\u00e1 el primer beneficiario de estas modificaciones a las leyes de Asociaci\u00f3n P\u00fablica Privada y de Caminos y Puentes del Estado de Colima.<\/p>\n\n\n\n<p class=\"wp-block-paragraph\">Este decreto de que tiene dedicatoria la tiene y pronto sabremos los nombres de los destinatarios-beneficiarios.&nbsp;<\/p>\n\n\n\n<p class=\"wp-block-paragraph\">El saqueo sigue, quien dijo que los neoliberales hab\u00eda perdido las elecciones en Colima.<\/p>\n<div class=\"fb-background-color\">\n\t\t\t  <div \n\t\t\t  \tclass = \"fb-comments\" \n\t\t\t  \tdata-href = \"https:\/\/diarioavanzada.com.mx\/?p=40279\"\n\t\t\t  \tdata-numposts = \"10\"\n\t\t\t  \tdata-lazy = \"true\"\n\t\t\t\tdata-colorscheme = \"light\"\n\t\t\t\tdata-order-by = \"social\"\n\t\t\t\tdata-mobile=true>\n\t\t\t  <\/div><\/div>\n\t\t  <style>\n\t\t    .fb-background-color {\n\t\t\t\tbackground:  !important;\n\t\t\t}\n\t\t\t.fb_iframe_widget_fluid_desktop iframe {\n\t\t\t    width: 100% !important;\n\t\t\t}\n\t\t  <\/style>\n\t\t  ","protected":false},"excerpt":{"rendered":"<p>Columna El puercoesp\u00edn&nbsp; Uno de los m\u00e9todos favoritos del Prian para saquear el erario p\u00fablico fue desarrollar las asociaciones p\u00fablico privado donde son las instituciones p\u00fablicas quienes ponen los recursos y absorben las perdidas y los socios privados se especializan en cosechar las ganancias. A los pol\u00edticos les importan muy poco las p\u00e9rdidas porque las [&hellip;]<\/p>\n","protected":false},"author":9,"featured_media":40280,"comment_status":"closed","ping_status":"closed","sticky":false,"template":"","format":"standard","meta":{"_coblocks_attr":"","_coblocks_dimensions":"","_coblocks_responsive_height":"","_coblocks_accordion_ie_support":"","advanced_seo_description":"","jetpack_seo_html_title":"","jetpack_seo_noindex":false,"jetpack_seo_schema_type":"","_jetpack_newsletter_access":"","_jetpack_dont_email_post_to_subs":false,"_jetpack_newsletter_tier_id":0,"_jetpack_memberships_contains_paywalled_content":false,"_wpcom_ai_launchpad_first_post":false,"_jetpack_feature_clip_id":0,"_jetpack_memberships_contains_paid_content":false,"footnotes":"","jetpack_post_was_ever_published":false},"categories":[19,209,24],"tags":[220,210],"class_list":["post-40279","post","type-post","status-publish","format-standard","has-post-thumbnail","hentry","category-colima","category-importantes","category-opinion","tag-opinion","tag-portada"],"jetpack-related-posts":[],"jetpack_sharing_enabled":true,"amp_enabled":true,"jetpack_featured_media_url":"https:\/\/diarioavanzada.com.mx\/wp-content\/uploads\/2023\/03\/Billete-de-1000-pesos.png","_links":{"self":[{"href":"https:\/\/diarioavanzada.com.mx\/index.php?rest_route=\/wp\/v2\/posts\/40279","targetHints":{"allow":["GET"]}}],"collection":[{"href":"https:\/\/diarioavanzada.com.mx\/index.php?rest_route=\/wp\/v2\/posts"}],"about":[{"href":"https:\/\/diarioavanzada.com.mx\/index.php?rest_route=\/wp\/v2\/types\/post"}],"author":[{"embeddable":true,"href":"https:\/\/diarioavanzada.com.mx\/index.php?rest_route=\/wp\/v2\/users\/9"}],"replies":[{"embeddable":true,"href":"https:\/\/diarioavanzada.com.mx\/index.php?rest_route=%2Fwp%2Fv2%2Fcomments&post=40279"}],"version-history":[{"count":1,"href":"https:\/\/diarioavanzada.com.mx\/index.php?rest_route=\/wp\/v2\/posts\/40279\/revisions"}],"predecessor-version":[{"id":40281,"href":"https:\/\/diarioavanzada.com.mx\/index.php?rest_route=\/wp\/v2\/posts\/40279\/revisions\/40281"}],"wp:featuredmedia":[{"embeddable":true,"href":"https:\/\/diarioavanzada.com.mx\/index.php?rest_route=\/wp\/v2\/media\/40280"}],"wp:attachment":[{"href":"https:\/\/diarioavanzada.com.mx\/index.php?rest_route=%2Fwp%2Fv2%2Fmedia&parent=40279"}],"wp:term":[{"taxonomy":"category","embeddable":true,"href":"https:\/\/diarioavanzada.com.mx\/index.php?rest_route=%2Fwp%2Fv2%2Fcategories&post=40279"},{"taxonomy":"post_tag","embeddable":true,"href":"https:\/\/diarioavanzada.com.mx\/index.php?rest_route=%2Fwp%2Fv2%2Ftags&post=40279"}],"curies":[{"name":"wp","href":"https:\/\/api.w.org\/{rel}","templated":true}]}}