{"id":40126,"date":"2023-02-23T13:11:36","date_gmt":"2023-02-23T19:11:36","guid":{"rendered":"https:\/\/diarioavanzada.com.mx\/?p=40126"},"modified":"2023-02-23T13:11:47","modified_gmt":"2023-02-23T19:11:47","slug":"capacitaran-sobre-delitos-que-afectan-el-medio-ambiente","status":"publish","type":"post","link":"https:\/\/diarioavanzada.com.mx\/?p=40126","title":{"rendered":"Capacitar\u00e1n sobre delitos que afectan el medio ambiente"},"content":{"rendered":"\n<p class=\"wp-block-paragraph\">Colima, M\u00e9xico, Comunicado (23\/02\/2023).- Con el prop\u00f3sito de que las y los participantes conozcan diferentes aspectos del tema, as\u00ed como las estrategias implementadas a nivel global y marcos jur\u00eddicos aplicados para su prevenci\u00f3n, este mi\u00e9rcoles el rector Christian Jorge Torres Ortiz Zerme\u00f1o inaugur\u00f3 el taller sobre delitos que afectan al medio ambiente, que se realizar\u00e1 los d\u00edas 22 y 23 de febrero en la Facultad de Derecho de la Universidad de Colima<\/p>\n\n\n\n<p class=\"wp-block-paragraph\">En el evento estuvieron presentes Margarita Moreno Gonz\u00e1lez, alcaldesa de Colima y Marco Antonio del Moral, coordinador del Programa Mundial sobre Delitos que afectan al Medio Ambiente en M\u00e9xico y Centroam\u00e9rica.&nbsp;<\/p>\n\n\n\n<p class=\"wp-block-paragraph\">La realizaci\u00f3n de este taller es posible gracias a la participaci\u00f3n de la UdeC a trav\u00e9s de su Coordinaci\u00f3n General de Extensi\u00f3n, del Centro Universitario de Gesti\u00f3n Ambiental, el Instituto Universitario de Investigaciones Jur\u00eddicas y de las facultades de Derecho y de Ciencias Pol\u00edticas, en conjunto con el H. Ayuntamiento de Colima y en colaboraci\u00f3n con la Oficina de las Naciones Unidas contra la Droga y el Delito (UNODC), a trav\u00e9s de su Programa Mundial sobre Delitos que afectan al Medio Ambiente.<\/p>\n\n\n\n<p class=\"wp-block-paragraph\">Al inaugurar el evento, el rector se\u00f1al\u00f3: \u201cFrente a los graves atrasos que para el logro de los Objetivos del Desarrollo Sostenible represent\u00f3 la pandemia, tenemos el compromiso de sumar capacidades que ayuden a revertir tales impactos; la capacitaci\u00f3n da a conocer la normativa que sanciona los delitos medioambientales, adem\u00e1s, otorga la posibilidad de armonizar nuestra visi\u00f3n con lo dispuesto en los \u00e1mbitos nacional y mundial\u201d.<\/p>\n\n\n\n<p class=\"wp-block-paragraph\">Adem\u00e1s, destac\u00f3 la participaci\u00f3n de quienes realizan investigaci\u00f3n en la UdeC: \u201cNos aportar\u00e1n nuevas ense\u00f1anzas para enriquecer el Programa Transversal de Gesti\u00f3n Ambiental implementado en esta gesti\u00f3n rectoral, as\u00ed como para actualizar los contenidos curriculares de las materias relacionadas con el \u00e1rea\u201d.<\/p>\n\n\n\n<p class=\"wp-block-paragraph\">La inclusi\u00f3n de la sustentabilidad en las Instituciones de Educaci\u00f3n Superior (IES), continu\u00f3, \u201cimplica una labor sist\u00e9mica, por lo que hemos trabajado para orientar pol\u00edticas, objetivos, actividades acad\u00e9micas y procesos de gesti\u00f3n en esta direcci\u00f3n, haciendo patente el compromiso con la sustentabilidad para que la comunidad universitaria priorice la conservaci\u00f3n del ambiente como requisito para elevar su calidad de vida y la de su entorno\u201d.<\/p>\n\n\n\n<p class=\"wp-block-paragraph\">Por su parte, Margarita Moreno Gonz\u00e1lez, presidenta municipal de Colima, se\u00f1al\u00f3 que \u201cel trabajo en conjunto con la UdeC y la Oficina de las Naciones Unidas nos fortalece, porque estas alianzas dan impulso al intercambio de ideas y a la cooperaci\u00f3n con acciones transversales para lograr m\u00e1s y mejores resultados para las familias del municipio\u201d.<\/p>\n\n\n\n<p class=\"wp-block-paragraph\">La alcaldesa coment\u00f3 que nuestro estado se caracteriza por su diversidad y riqueza natural: \u201cEsto nos compromete a prevenir acciones contra el medio ambiente; adem\u00e1s, s\u00f3lo trabajando en equipo podemos responder al aumento en los delitos de este tipo; la uni\u00f3n es la mejor opci\u00f3n para crear un mejor futuro\u201d, dijo.<\/p>\n\n\n\n<p class=\"wp-block-paragraph\">Finalmente dijo que este taller \u201ces una actividad que sin duda nos permitir\u00e1 seguir construyendo este Colima por el que estamos trabajando con todo el coraz\u00f3n, porque uno de los principios que tenemos como colimenses que amamos nuestro municipio, es dejar este lugar mejor de lo que lo encontramos\u201d.<\/p>\n\n\n\n<p class=\"wp-block-paragraph\">Al tomar la palabra, Marco Antonio del Moral, coordinador del Programa Mundial sobre Delitos que afectan al Medio Ambiente en M\u00e9xico y Centroam\u00e9rica, dijo que tanto estudiantes como autoridades deben ser un ejemplo en este tema.&nbsp;<\/p>\n\n\n\n<p class=\"wp-block-paragraph\">\u201cEsta responsabilidad \u2013 prosigui\u00f3- debe ser compartida, pues de no ser as\u00ed, ser\u00e1 muy dif\u00edcil resolver los problemas que ya enfrentamos; hoy en d\u00eda se considera al medio ambiente como un derecho humano; por lo tanto, es algo que debemos acercar a todos y a todas\u201d. En ese sentido, coment\u00f3 que durante el taller se hablar\u00e1 de los retos y estrategias realizadas en M\u00e9xico y a nivel global, as\u00ed como los principales marcos jur\u00eddicos implementados para la prevenci\u00f3n y soluci\u00f3n de los delitos contra el medio ambiente.<\/p>\n\n\n\n<p class=\"wp-block-paragraph\">\u201cMe gustar\u00eda decirles que este compromiso lo lleven m\u00e1s all\u00e1 del taller, empezando por su casa, escuela y universidad, promoviendo un mayor inter\u00e9s en este tipo de temas, as\u00ed como teniendo una participaci\u00f3n p\u00fablica y pol\u00edtica para que cambie esta percepci\u00f3n, tanto en la sociedad como en las autoridades\u201d, coment\u00f3.<\/p>\n\n\n\n<p class=\"wp-block-paragraph\">Por \u00faltimo, Cristina Romero Michel, directora de la Facultad de Derecho, coment\u00f3 que estas jornadas se suman al esquema de educaci\u00f3n ambiental de la ONU: \u201cContribuyen a la visi\u00f3n 20-30 de la UdeC y evocan el ideario institucional como parte de la pertinencia que transforma, ya que es fundamental cuidar el planeta desde el centro de la vida universitaria\u201d.<\/p>\n\n\n\n<p class=\"wp-block-paragraph\">Tambi\u00e9n estuvieron en el pres\u00eddium Joel Nino, secretario general; Carlos Ram\u00edrez, coordinador general de Extensi\u00f3n y Stephanie Barrera, directora del Centro Universitario de Gesti\u00f3n Ambiental.<\/p>\n<div class=\"fb-background-color\">\n\t\t\t  <div \n\t\t\t  \tclass = \"fb-comments\" \n\t\t\t  \tdata-href = \"https:\/\/diarioavanzada.com.mx\/?p=40126\"\n\t\t\t  \tdata-numposts = \"10\"\n\t\t\t  \tdata-lazy = \"true\"\n\t\t\t\tdata-colorscheme = \"light\"\n\t\t\t\tdata-order-by = \"social\"\n\t\t\t\tdata-mobile=true>\n\t\t\t  <\/div><\/div>\n\t\t  <style>\n\t\t    .fb-background-color {\n\t\t\t\tbackground:  !important;\n\t\t\t}\n\t\t\t.fb_iframe_widget_fluid_desktop iframe {\n\t\t\t    width: 100% !important;\n\t\t\t}\n\t\t  <\/style>\n\t\t  ","protected":false},"excerpt":{"rendered":"<p>Colima, M\u00e9xico, Comunicado (23\/02\/2023).- Con el prop\u00f3sito de que las y los participantes conozcan diferentes aspectos del tema, as\u00ed como las estrategias implementadas a nivel global y marcos jur\u00eddicos aplicados para su prevenci\u00f3n, este mi\u00e9rcoles el rector Christian Jorge Torres Ortiz Zerme\u00f1o inaugur\u00f3 el taller sobre delitos que afectan al medio ambiente, que se realizar\u00e1 [&hellip;]<\/p>\n","protected":false},"author":7,"featured_media":40127,"comment_status":"closed","ping_status":"closed","sticky":false,"template":"","format":"standard","meta":{"_coblocks_attr":"","_coblocks_dimensions":"","_coblocks_responsive_height":"","_coblocks_accordion_ie_support":"","_crdt_document":"","advanced_seo_description":"","jetpack_seo_html_title":"","jetpack_seo_noindex":false,"_jetpack_memberships_contains_paid_content":false,"footnotes":""},"categories":[7],"tags":[210],"class_list":["post-40126","post","type-post","status-publish","format-standard","has-post-thumbnail","hentry","category-noticias","tag-portada"],"jetpack_featured_media_url":"https:\/\/diarioavanzada.com.mx\/wp-content\/uploads\/2023\/02\/image-137.png","jetpack-related-posts":[],"jetpack_sharing_enabled":true,"amp_enabled":true,"_links":{"self":[{"href":"https:\/\/diarioavanzada.com.mx\/index.php?rest_route=\/wp\/v2\/posts\/40126","targetHints":{"allow":["GET"]}}],"collection":[{"href":"https:\/\/diarioavanzada.com.mx\/index.php?rest_route=\/wp\/v2\/posts"}],"about":[{"href":"https:\/\/diarioavanzada.com.mx\/index.php?rest_route=\/wp\/v2\/types\/post"}],"author":[{"embeddable":true,"href":"https:\/\/diarioavanzada.com.mx\/index.php?rest_route=\/wp\/v2\/users\/7"}],"replies":[{"embeddable":true,"href":"https:\/\/diarioavanzada.com.mx\/index.php?rest_route=%2Fwp%2Fv2%2Fcomments&post=40126"}],"version-history":[{"count":1,"href":"https:\/\/diarioavanzada.com.mx\/index.php?rest_route=\/wp\/v2\/posts\/40126\/revisions"}],"predecessor-version":[{"id":40128,"href":"https:\/\/diarioavanzada.com.mx\/index.php?rest_route=\/wp\/v2\/posts\/40126\/revisions\/40128"}],"wp:featuredmedia":[{"embeddable":true,"href":"https:\/\/diarioavanzada.com.mx\/index.php?rest_route=\/wp\/v2\/media\/40127"}],"wp:attachment":[{"href":"https:\/\/diarioavanzada.com.mx\/index.php?rest_route=%2Fwp%2Fv2%2Fmedia&parent=40126"}],"wp:term":[{"taxonomy":"category","embeddable":true,"href":"https:\/\/diarioavanzada.com.mx\/index.php?rest_route=%2Fwp%2Fv2%2Fcategories&post=40126"},{"taxonomy":"post_tag","embeddable":true,"href":"https:\/\/diarioavanzada.com.mx\/index.php?rest_route=%2Fwp%2Fv2%2Ftags&post=40126"}],"curies":[{"name":"wp","href":"https:\/\/api.w.org\/{rel}","templated":true}]}}