{"id":40015,"date":"2023-02-19T09:26:17","date_gmt":"2023-02-19T15:26:17","guid":{"rendered":"https:\/\/diarioavanzada.com.mx\/?p=40015"},"modified":"2023-02-19T09:27:09","modified_gmt":"2023-02-19T15:27:09","slug":"inicia-primer-diplomado-en-enfermeria-oncologica","status":"publish","type":"post","link":"https:\/\/diarioavanzada.com.mx\/?p=40015","title":{"rendered":"Inicia primer Diplomado en Enfermer\u00eda Oncol\u00f3gica&nbsp;"},"content":{"rendered":"\n<p class=\"wp-block-paragraph\">Colima, M\u00e9xico, Comunicado (19\/02\/2023).- Este viernes, en el auditorio del Instituto Estatal de Cancerolog\u00eda (IEC), iniciaron las actividades del primer Diplomado en Enfermer\u00eda Oncol\u00f3gica, que estar\u00e1 a cargo de la Facultad de Enfermer\u00eda de la Universidad de Colima y al que se inscribieron 28 profesionales de distintas dependencias del sector salud en el estado. El diplomado, que impartir\u00e1n acad\u00e9micos de esta casa de estudios, se realizar\u00e1 del 17 de febrero al 11 de agosto de este a\u00f1o.<\/p>\n\n\n\n<p class=\"wp-block-paragraph\">Dicho diplomado, comparti\u00f3 \u00c1ngel Gabriel Hilerio L\u00f3pez, director de la Facultad de Enfermer\u00eda, naci\u00f3 de un convenio entre el IEC y la UdeC. Las y los 28 estudiantes recibir\u00e1n sus clases en el Instituto, dijo, \u201ccon la finalidad de mantener la comunicaci\u00f3n directa con los pacientes\u201d. En cuanto a los temas, agreg\u00f3, se abordar\u00e1n m\u00f3dulos desde la nutrici\u00f3n del paciente, hasta tratamiento de quimioterapia y radioterapia.<\/p>\n\n\n\n<p class=\"wp-block-paragraph\">La idea del diplomado, resalt\u00f3, \u201ces que la ense\u00f1anza salga de las aulas y sea compartida con la comunidad; la Facultad de Enfermer\u00eda tiene esa raz\u00f3n de ser y sabemos que se requiere estar formando personal; adem\u00e1s, estamos llevando la Universidad a la comunidad, a los lugares donde se presta la atenci\u00f3n\u201d.<\/p>\n\n\n\n<p class=\"wp-block-paragraph\">Al inaugurar el diplomado, el rector de la Universidad, Christian Jorge Torres Ortiz Zerme\u00f1o, dijo que este convenio es una de las acciones importantes que la instituci\u00f3n educativa realiza con el gobierno del estatal \u201cpara atender los requerimientos sociales, y lo hacemos convencidos de que la suma de capacidades reporta mejores resultados, sobre todo en un \u00e1rea tan prioritaria como la salud\u201d.<\/p>\n\n\n\n<p class=\"wp-block-paragraph\">Este diplomado, coment\u00f3, permite que los estudiantes aprovechen la experiencia y fortaleza de la Secretar\u00eda de Salud y del Instituto Estatal de Cancerolog\u00eda y que adquieran competencias necesarias para un correcto desempe\u00f1o, \u201cespecialmente considerando los datos que se reportan sobre este tipo de enfermedades en Colima\u201d.&nbsp;<\/p>\n\n\n\n<p class=\"wp-block-paragraph\">Es parte, agreg\u00f3, \u201cde la responsabilidad que las instituciones tenemos, pero tambi\u00e9n responde a la vocaci\u00f3n de servicio de nuestra casa de estudios y a nuestra determinaci\u00f3n de ofrecer una educaci\u00f3n pertinente que contribuya al bienestar social\u201d.<\/p>\n\n\n\n<p class=\"wp-block-paragraph\">Torres Ortiz Zerme\u00f1o agradeci\u00f3 la confianza de la Secretar\u00eda de Salud y del Instituto de Cancerolog\u00eda para desarrollar conjuntamente este proyecto; a la Facultad de Enfermer\u00eda y al profesorado por su dedicaci\u00f3n y a los estudiantes que forman parte de esta generaci\u00f3n, \u201cpor considerar a nuestra instituci\u00f3n como una alternativa para seguir form\u00e1ndose y mejorar su pr\u00e1ctica profesional y su situaci\u00f3n laboral, lo que repercutir\u00e1 siempre en la calidad de los servicios que prestan\u201d.<\/p>\n\n\n\n<p class=\"wp-block-paragraph\">Finalmente, Aar\u00f3n Jim\u00e9nez Garnica, en representaci\u00f3n de la secretaria de Salud estatal, Martha Janeth Espinosa Mej\u00eda, coment\u00f3 que este primer diplomado \u201cno es algo que se haga de la noche a la ma\u00f1ana\u201d, ya que implica mucho trabajo previo, \u201cy es ahora que las autoridades lo han hecho posible\u201d. Los enfermeros y enfermeras, destac\u00f3, \u201cson parte esencial para los cuidados de los pacientes con c\u00e1ncer; sin ustedes, el trabajo del onc\u00f3logo no ser\u00eda posible\u201d.<\/p>\n\n\n\n<p class=\"wp-block-paragraph\">Jim\u00e9nez Garnica, director del Instituto Estatal de Cancerolog\u00eda, reiter\u00f3 el compromiso de la instituci\u00f3n a su cargo para que los y las enfermeras sigan aprendiendo, \u201cpues son ellos y ellas quienes le dan el seguimiento a los pacientes en todo momento; por nuestra parte, tienen todo el apoyo y queremos que ustedes pongan todo de su parte\u201d.<\/p>\n\n\n\n<p class=\"wp-block-paragraph\">En el evento tambi\u00e9n estuvieron, por la UdeC, Martha Alicia Maga\u00f1a, coordinadora general de Docencia; Carlos Ram\u00edrez, coordinador general de Extensi\u00f3n y Susana Aurelia Preciado, directora general de Educaci\u00f3n Superior, y por el sector salud, Arnoldo Aguayo, subdirector de Calidad en Salud y Claudia Morrajo Gonz\u00e1lez, jefa estatal de Enfermer\u00eda.<\/p>\n<div class=\"fb-background-color\">\n\t\t\t  <div \n\t\t\t  \tclass = \"fb-comments\" \n\t\t\t  \tdata-href = \"https:\/\/diarioavanzada.com.mx\/?p=40015\"\n\t\t\t  \tdata-numposts = \"10\"\n\t\t\t  \tdata-lazy = \"true\"\n\t\t\t\tdata-colorscheme = \"light\"\n\t\t\t\tdata-order-by = \"social\"\n\t\t\t\tdata-mobile=true>\n\t\t\t  <\/div><\/div>\n\t\t  <style>\n\t\t    .fb-background-color {\n\t\t\t\tbackground:  !important;\n\t\t\t}\n\t\t\t.fb_iframe_widget_fluid_desktop iframe {\n\t\t\t    width: 100% !important;\n\t\t\t}\n\t\t  <\/style>\n\t\t  ","protected":false},"excerpt":{"rendered":"<p>Colima, M\u00e9xico, Comunicado (19\/02\/2023).- Este viernes, en el auditorio del Instituto Estatal de Cancerolog\u00eda (IEC), iniciaron las actividades del primer Diplomado en Enfermer\u00eda Oncol\u00f3gica, que estar\u00e1 a cargo de la Facultad de Enfermer\u00eda de la Universidad de Colima y al que se inscribieron 28 profesionales de distintas dependencias del sector salud en el estado. El [&hellip;]<\/p>\n","protected":false},"author":7,"featured_media":40016,"comment_status":"closed","ping_status":"closed","sticky":false,"template":"","format":"standard","meta":{"_coblocks_attr":"","_coblocks_dimensions":"","_coblocks_responsive_height":"","_coblocks_accordion_ie_support":"","_crdt_document":"","advanced_seo_description":"","jetpack_seo_html_title":"","jetpack_seo_noindex":false,"_jetpack_memberships_contains_paid_content":false,"footnotes":""},"categories":[7],"tags":[210],"class_list":["post-40015","post","type-post","status-publish","format-standard","has-post-thumbnail","hentry","category-noticias","tag-portada"],"jetpack_featured_media_url":"https:\/\/diarioavanzada.com.mx\/wp-content\/uploads\/2023\/02\/image-101.png","jetpack-related-posts":[],"jetpack_sharing_enabled":true,"amp_enabled":true,"_links":{"self":[{"href":"https:\/\/diarioavanzada.com.mx\/index.php?rest_route=\/wp\/v2\/posts\/40015","targetHints":{"allow":["GET"]}}],"collection":[{"href":"https:\/\/diarioavanzada.com.mx\/index.php?rest_route=\/wp\/v2\/posts"}],"about":[{"href":"https:\/\/diarioavanzada.com.mx\/index.php?rest_route=\/wp\/v2\/types\/post"}],"author":[{"embeddable":true,"href":"https:\/\/diarioavanzada.com.mx\/index.php?rest_route=\/wp\/v2\/users\/7"}],"replies":[{"embeddable":true,"href":"https:\/\/diarioavanzada.com.mx\/index.php?rest_route=%2Fwp%2Fv2%2Fcomments&post=40015"}],"version-history":[{"count":1,"href":"https:\/\/diarioavanzada.com.mx\/index.php?rest_route=\/wp\/v2\/posts\/40015\/revisions"}],"predecessor-version":[{"id":40017,"href":"https:\/\/diarioavanzada.com.mx\/index.php?rest_route=\/wp\/v2\/posts\/40015\/revisions\/40017"}],"wp:featuredmedia":[{"embeddable":true,"href":"https:\/\/diarioavanzada.com.mx\/index.php?rest_route=\/wp\/v2\/media\/40016"}],"wp:attachment":[{"href":"https:\/\/diarioavanzada.com.mx\/index.php?rest_route=%2Fwp%2Fv2%2Fmedia&parent=40015"}],"wp:term":[{"taxonomy":"category","embeddable":true,"href":"https:\/\/diarioavanzada.com.mx\/index.php?rest_route=%2Fwp%2Fv2%2Fcategories&post=40015"},{"taxonomy":"post_tag","embeddable":true,"href":"https:\/\/diarioavanzada.com.mx\/index.php?rest_route=%2Fwp%2Fv2%2Ftags&post=40015"}],"curies":[{"name":"wp","href":"https:\/\/api.w.org\/{rel}","templated":true}]}}