{"id":39975,"date":"2023-02-18T07:26:18","date_gmt":"2023-02-18T13:26:18","guid":{"rendered":"https:\/\/diarioavanzada.com.mx\/?p=39975"},"modified":"2023-02-18T07:26:23","modified_gmt":"2023-02-18T13:26:23","slug":"incentiva-udec-participacion-de-las-ninas-en-las-ingenierias","status":"publish","type":"post","link":"https:\/\/diarioavanzada.com.mx\/?p=39975","title":{"rendered":"Incentiva UdeC participaci\u00f3n de las ni\u00f1as en las ingenier\u00edas"},"content":{"rendered":"\n<p class=\"wp-block-paragraph\">Colima, M\u00e9xico, Comunicado (18\/02\/2023).- En d\u00edas pasados, la Facultad de Ingenier\u00eda Electromec\u00e1nica (FIE) de la Universidad de Colima, que se ubica en Manzanillo, en el marco del D\u00eda Internacional de la Mujer y la Ni\u00f1a en la Ciencia, realiz\u00f3 eventos para promover e incentivar la participaci\u00f3n de ni\u00f1as en la ingenier\u00eda.<\/p>\n\n\n\n<p class=\"wp-block-paragraph\">Con este fin, acudieron ni\u00f1as de quinto y sexto grado de primaria de la Escuela \u201cJusto Sierra\u201d, que se localiza en la comunidad de la Central, en Manzanillo. Ellas estuvieron acompa\u00f1adas por las docentes Fabiola Castillo, Alicia Verduzco y Paola Enr\u00edquez, as\u00ed como por madres de familia.<\/p>\n\n\n\n<p class=\"wp-block-paragraph\">Las actividades fueron realizadas y lideradas por estudiantes del plantel y coordinadas por el comit\u00e9 interno para la igualdad y contra la violencia de g\u00e9nero, as\u00ed como por el club interno estudiantil que apoya estas actividades, a cargo de Lizeth Almada Garc\u00eda.&nbsp;<\/p>\n\n\n\n<p class=\"wp-block-paragraph\">El evento inici\u00f3 con la bienvenida de la directora, Janeth Alcal\u00e1, y posteriormente las ni\u00f1as fueron divididas por equipos para trabajar en actividades que las pusieron en contacto con el quehacer de la ingenier\u00eda y los Objetivos de Desarrollo Sostenible (<a href=\"https:\/\/www.un.org\/sustainabledevelopment\/es\">ODS<\/a>) de la ONU, actividades que fueron desarrolladas por las y los estudiantes del plantel.<\/p>\n\n\n\n<p class=\"wp-block-paragraph\">Las peque\u00f1as se mostraron contentas y divertidas durante todo el evento y dijeron estar interesadas en lo que aprendieron. Por su parte, las madres de familia agradecieron al plantel por mostrar inter\u00e9s en realizar estas actividades y pidieron seguir fomentando este tipo de eventos en pro de la ni\u00f1ez.<\/p>\n<div class=\"fb-background-color\">\n\t\t\t  <div \n\t\t\t  \tclass = \"fb-comments\" \n\t\t\t  \tdata-href = \"https:\/\/diarioavanzada.com.mx\/?p=39975\"\n\t\t\t  \tdata-numposts = \"10\"\n\t\t\t  \tdata-lazy = \"true\"\n\t\t\t\tdata-colorscheme = \"light\"\n\t\t\t\tdata-order-by = \"social\"\n\t\t\t\tdata-mobile=true>\n\t\t\t  <\/div><\/div>\n\t\t  <style>\n\t\t    .fb-background-color {\n\t\t\t\tbackground:  !important;\n\t\t\t}\n\t\t\t.fb_iframe_widget_fluid_desktop iframe {\n\t\t\t    width: 100% !important;\n\t\t\t}\n\t\t  <\/style>\n\t\t  ","protected":false},"excerpt":{"rendered":"<p>Colima, M\u00e9xico, Comunicado (18\/02\/2023).- En d\u00edas pasados, la Facultad de Ingenier\u00eda Electromec\u00e1nica (FIE) de la Universidad de Colima, que se ubica en Manzanillo, en el marco del D\u00eda Internacional de la Mujer y la Ni\u00f1a en la Ciencia, realiz\u00f3 eventos para promover e incentivar la participaci\u00f3n de ni\u00f1as en la ingenier\u00eda. Con este fin, acudieron [&hellip;]<\/p>\n","protected":false},"author":7,"featured_media":39976,"comment_status":"closed","ping_status":"closed","sticky":false,"template":"","format":"standard","meta":{"_coblocks_attr":"","_coblocks_dimensions":"","_coblocks_responsive_height":"","_coblocks_accordion_ie_support":"","_crdt_document":"","advanced_seo_description":"","jetpack_seo_html_title":"","jetpack_seo_noindex":false,"_jetpack_memberships_contains_paid_content":false,"footnotes":""},"categories":[7],"tags":[],"class_list":["post-39975","post","type-post","status-publish","format-standard","has-post-thumbnail","hentry","category-noticias"],"jetpack_featured_media_url":"https:\/\/diarioavanzada.com.mx\/wp-content\/uploads\/2023\/02\/image-90.png","jetpack-related-posts":[],"jetpack_sharing_enabled":true,"amp_enabled":true,"_links":{"self":[{"href":"https:\/\/diarioavanzada.com.mx\/index.php?rest_route=\/wp\/v2\/posts\/39975","targetHints":{"allow":["GET"]}}],"collection":[{"href":"https:\/\/diarioavanzada.com.mx\/index.php?rest_route=\/wp\/v2\/posts"}],"about":[{"href":"https:\/\/diarioavanzada.com.mx\/index.php?rest_route=\/wp\/v2\/types\/post"}],"author":[{"embeddable":true,"href":"https:\/\/diarioavanzada.com.mx\/index.php?rest_route=\/wp\/v2\/users\/7"}],"replies":[{"embeddable":true,"href":"https:\/\/diarioavanzada.com.mx\/index.php?rest_route=%2Fwp%2Fv2%2Fcomments&post=39975"}],"version-history":[{"count":1,"href":"https:\/\/diarioavanzada.com.mx\/index.php?rest_route=\/wp\/v2\/posts\/39975\/revisions"}],"predecessor-version":[{"id":39977,"href":"https:\/\/diarioavanzada.com.mx\/index.php?rest_route=\/wp\/v2\/posts\/39975\/revisions\/39977"}],"wp:featuredmedia":[{"embeddable":true,"href":"https:\/\/diarioavanzada.com.mx\/index.php?rest_route=\/wp\/v2\/media\/39976"}],"wp:attachment":[{"href":"https:\/\/diarioavanzada.com.mx\/index.php?rest_route=%2Fwp%2Fv2%2Fmedia&parent=39975"}],"wp:term":[{"taxonomy":"category","embeddable":true,"href":"https:\/\/diarioavanzada.com.mx\/index.php?rest_route=%2Fwp%2Fv2%2Fcategories&post=39975"},{"taxonomy":"post_tag","embeddable":true,"href":"https:\/\/diarioavanzada.com.mx\/index.php?rest_route=%2Fwp%2Fv2%2Ftags&post=39975"}],"curies":[{"name":"wp","href":"https:\/\/api.w.org\/{rel}","templated":true}]}}