{"id":39686,"date":"2023-02-07T08:25:21","date_gmt":"2023-02-07T14:25:21","guid":{"rendered":"https:\/\/diarioavanzada.com.mx\/?p=39686"},"modified":"2023-02-07T08:27:25","modified_gmt":"2023-02-07T14:27:25","slug":"quien-manda-en-colima","status":"publish","type":"post","link":"https:\/\/diarioavanzada.com.mx\/?p=39686","title":{"rendered":"\u00bfQui\u00e9n manda en Colima?"},"content":{"rendered":"\n<p class=\"wp-block-paragraph\">Columna<\/p>\n\n\n\n<p class=\"wp-block-paragraph\">El puercoesp\u00edn\u00a0<\/p>\n\n\n\n<p class=\"wp-block-paragraph\">En Colima<\/p>\n\n\n\n<p class=\"wp-block-paragraph\">Son las once en punto de la noche y empieza a correr el video de un grupo de sicarios en la plaza principal de El Rinc\u00f3n de L\u00f3pez que se pasean en camionetas de lujo, visten ropa negra y, aparentemente, algunos con uniformes militares e invariablemente todos con armas de grueso calibre. Es el d\u00eda 27 de enero de 2023. El pueblo luce vac\u00edo de gente &#8211;ni perros se ven&#8211;, excepto los sicarios, que se atreven a lanzar gritos a todo pulm\u00f3n que contrastan con el miedo tras de las puertas. El video dura dos minutos. Dos minutos llenos de angustias y de incertidumbres.<\/p>\n\n\n\n<p class=\"wp-block-paragraph\">Las luces iluminan el terror hecho de carne y huesos, el jard\u00edn lleno de silencios y las casas vac\u00edas de tranquilidad y llenas de miedos.&nbsp;<\/p>\n\n\n\n<p class=\"wp-block-paragraph\">En la ciudad de Quer\u00e9taro&nbsp;<\/p>\n\n\n\n<p class=\"wp-block-paragraph\"><em>Claudia Sheinbaum en su muro del feis publica una foto donde aparece escoltada por Indira Vizca\u00edno a la derecha y la gobernadora del Guerrero a su izquierda. En la parte superior de la foto se puede leer \u201cCon dos j\u00f3venes gobernadoras brillantes, honestas y trabajadoras.\u201d<\/em><\/p>\n\n\n\n<p class=\"wp-block-paragraph\"><em>A la Sheinbaum no es necesario aclararle nada, la realidad colimense lo dice todo. De la guerrerense que se encarguen sus paisanos.<\/em><\/p>\n\n\n\n<p class=\"wp-block-paragraph\">En Colima<\/p>\n\n\n\n<p class=\"wp-block-paragraph\">Comunicado para los pueblos de El Puertecito y Rinc\u00f3n de L\u00f3pez: desde el d\u00eda de hoy 27 empieza el \u201cToque de queda\u201d. Eviten estar en las calles despu\u00e9s de las once, ya que, toda la gente que ande en la calle despu\u00e9s de la hora fijada se le considerar\u00e1 informante. Saben por quienes venimos\u2026 y aparecen un conjunto de nombres\u2026 y finalmente ratifican El Puertecito y Rinc\u00f3n de L\u00f3pez tienen due\u00f1o y son propiedad del C\u00e1rtel Jalisco Nueva Generaci\u00f3n.&nbsp;<\/p>\n\n\n\n<p class=\"wp-block-paragraph\">En Quer\u00e9taro<\/p>\n\n\n\n<p class=\"wp-block-paragraph\"><em>\u201cQuerida Claudia Sheinbaum, un gusto coincidir contigo en este proyecto transformador; eres una mujer de lucha, admirable por tu capacidad, sensibilidad y entrega.&nbsp; Te aprecio mucho y agradezco que me distingas con tu amistad. \u00a1Es tiempo de las mujeres!\u201d.<\/em><\/p>\n\n\n\n<p class=\"wp-block-paragraph\"><em>Feliz la gobernadora de viaje, fuera del estado, como de costumbre.&nbsp;<\/em><\/p>\n\n\n\n<p class=\"wp-block-paragraph\"><em>A Indira no le extra\u00f1amos, ya la conocemos, su salidas justificadas o injustificadas dan lo mismo su presencia en Colima no es necesaria, el problema para los ciudadanos es que no sabemos qui\u00e9n gobierna en Colima, qui\u00e9n tiene el control del estado.&nbsp;<\/em><\/p>\n\n\n\n<p class=\"wp-block-paragraph\">En Colima<\/p>\n\n\n\n<p class=\"wp-block-paragraph\">Contin\u00faa la lista de destinatarios de amenazas\u2026 y finalmente les lanzan un ultim\u00e1tum\u2026 tienen&nbsp; 72 horas para salir del pueblo\u2026 ya se les avis\u00f3 muchas veces\u2026 si en las pr\u00f3ximas 72 horas no se van donde los miren ser\u00e1n levantados y ejecutados, ya tienen orden de piso &#8211;reiteran&#8211;, el CJNG no anda con juegos y ya lo han visto\u2026 y tambi\u00e9n va para todos\u2026 Y finalizan reiterando que el CJNG all\u00ed est\u00e1 presente.<\/p>\n\n\n\n<p class=\"wp-block-paragraph\">En Quer\u00e9taro&nbsp;<\/p>\n\n\n\n<p class=\"wp-block-paragraph\"><em>\u201c\u00a1Feliz cumplea\u00f1os querida Evelyn Salgado Pineda! Celebro tu fuerza y claridad, y reconozco tu aportaci\u00f3n a la transformaci\u00f3n de nuestro pa\u00eds. Te deseo un nuevo a\u00f1o de vida lleno de logros y bendiciones\u201d.<\/em><\/p>\n\n\n\n<p class=\"wp-block-paragraph\"><em>El humanismo de Indira es sobrecogedor. Su trato, su finura y su preocupaci\u00f3n por los dem\u00e1s son conmovedores.&nbsp;<\/em><\/p>\n\n\n\n<p class=\"wp-block-paragraph\">Lo viejo<\/p>\n\n\n\n<p class=\"wp-block-paragraph\">Claudia Sheinbaum la califica de brillante, honesta y trabajadora. Claudia hace pol\u00edtica al viejo estilo priista. Habla de la gobernadora con puras poses verbales, que ella misma (Claudia) sabe que son falsos sus dichos, pero &#8211;seg\u00fan los c\u00e1nones de la vieja pol\u00edtica&#8211; ella tiene que lisonjear a la gobernadora porque es la que tiene el control pol\u00edtico. Esas pr\u00e1cticas eran propias del porfiriato que los posrevolucionarios hicieron suyas, porque son formas verticales y autoritarias de hacer pol\u00edtica, nada que ver con la Cuarta Transformaci\u00f3n. Adular a quien tiene el control del estado para as\u00ed ganar el voto de la mayor\u00eda de los habitantes es propio de quien controla el aparato electoral. Esa ser\u00eda una lectura superficial, pero en el fondo lo que quiere es lisonjear a la que le dieron el control del partido (Morena) donde se seleccionar\u00e1n a los futuros senadores, diputados (locales y federales) y presidentes municipales y se presume que ganar\u00e1n y luego entonces tendr\u00e1n el control de Colima, ese es el plan. Ese es un plan de \u00e9lites.&nbsp; &nbsp;<\/p>\n\n\n\n<p class=\"wp-block-paragraph\">Extra\u00f1as maneras de combinar ineptitud, frivolidad, inoperancia con control pol\u00edtico. Todo ello huele a malos augurios.<\/p>\n\n\n\n<p class=\"wp-block-paragraph\">Si Claudia dice que Indi es brillante, honesta y trabajadora ser\u00eda bueno que me dijera a m\u00ed que vivo en Colima &#8211;porque ella dice conocer bien a Indira&#8211; qui\u00e9n gobierna en Colima.<\/p>\n\n\n\n<p class=\"wp-block-paragraph\">Porque en Colima el crimen organizado se pasea por algunas plazas rurales, vac\u00edas de agentes de la ley.&nbsp;<\/p>\n\n\n\n<p class=\"wp-block-paragraph\">El Rinc\u00f3n de L\u00f3pez es un pueblo con k\u00ednder, primaria, telesecundaria y telebachillerato, no es cualquier pueblo. En ese pueblo no manda Indi, la in\u00fatil, porque es un pueblo atrincherado en sus miedos. En las calles del Puertecito y del Rinc\u00f3n de L\u00f3pez el gobierno no es la ley, otros imponen la ley y no es el gobierno de Indi. &nbsp;<\/p>\n\n\n\n<p class=\"wp-block-paragraph\">Qui\u00e9n gobierna Colima. Que alguien me diga, qui\u00e9n gobierna Colima.&nbsp;<\/p>\n\n\n\n<p class=\"wp-block-paragraph\">H\u00e1game un favor Claudia vaya y t\u00f3mese una selfi en la plaza principal de El Rinc\u00f3n de L\u00f3pez con su brillante, honesta y trabajadora amiga. Digo, si es que puede.&nbsp;<\/p>\n\n\n\n<p class=\"wp-block-paragraph\">Me surge, finalmente, una pregunta&nbsp; \u00bfCu\u00e1nta paciencia tenemos los colimenses?<\/p>\n<div class=\"fb-background-color\">\n\t\t\t  <div \n\t\t\t  \tclass = \"fb-comments\" \n\t\t\t  \tdata-href = \"https:\/\/diarioavanzada.com.mx\/?p=39686\"\n\t\t\t  \tdata-numposts = \"10\"\n\t\t\t  \tdata-lazy = \"true\"\n\t\t\t\tdata-colorscheme = \"light\"\n\t\t\t\tdata-order-by = \"social\"\n\t\t\t\tdata-mobile=true>\n\t\t\t  <\/div><\/div>\n\t\t  <style>\n\t\t    .fb-background-color {\n\t\t\t\tbackground:  !important;\n\t\t\t}\n\t\t\t.fb_iframe_widget_fluid_desktop iframe {\n\t\t\t    width: 100% !important;\n\t\t\t}\n\t\t  <\/style>\n\t\t  ","protected":false},"excerpt":{"rendered":"<p>Columna El puercoesp\u00edn\u00a0 En Colima Son las once en punto de la noche y empieza a correr el video de un grupo de sicarios en la plaza principal de El Rinc\u00f3n de L\u00f3pez que se pasean en camionetas de lujo, visten ropa negra y, aparentemente, algunos con uniformes militares e invariablemente todos con armas de [&hellip;]<\/p>\n","protected":false},"author":9,"featured_media":39687,"comment_status":"closed","ping_status":"closed","sticky":false,"template":"","format":"standard","meta":{"_coblocks_attr":"","_coblocks_dimensions":"","_coblocks_responsive_height":"","_coblocks_accordion_ie_support":"","advanced_seo_description":"","jetpack_seo_html_title":"","jetpack_seo_noindex":false,"jetpack_seo_schema_type":"","_jetpack_newsletter_access":"","_jetpack_dont_email_post_to_subs":false,"_jetpack_newsletter_tier_id":0,"_jetpack_memberships_contains_paywalled_content":false,"_wpcom_ai_launchpad_first_post":false,"_jetpack_feature_clip_id":0,"_jetpack_memberships_contains_paid_content":false,"footnotes":"","jetpack_post_was_ever_published":false},"categories":[19,209,24],"tags":[332,210],"class_list":["post-39686","post","type-post","status-publish","format-standard","has-post-thumbnail","hentry","category-colima","category-importantes","category-opinion","tag-corrupcion-2","tag-portada"],"jetpack-related-posts":[],"jetpack_sharing_enabled":true,"amp_enabled":true,"jetpack_featured_media_url":"https:\/\/diarioavanzada.com.mx\/wp-content\/uploads\/2023\/02\/image-20.png","_links":{"self":[{"href":"https:\/\/diarioavanzada.com.mx\/index.php?rest_route=\/wp\/v2\/posts\/39686","targetHints":{"allow":["GET"]}}],"collection":[{"href":"https:\/\/diarioavanzada.com.mx\/index.php?rest_route=\/wp\/v2\/posts"}],"about":[{"href":"https:\/\/diarioavanzada.com.mx\/index.php?rest_route=\/wp\/v2\/types\/post"}],"author":[{"embeddable":true,"href":"https:\/\/diarioavanzada.com.mx\/index.php?rest_route=\/wp\/v2\/users\/9"}],"replies":[{"embeddable":true,"href":"https:\/\/diarioavanzada.com.mx\/index.php?rest_route=%2Fwp%2Fv2%2Fcomments&post=39686"}],"version-history":[{"count":1,"href":"https:\/\/diarioavanzada.com.mx\/index.php?rest_route=\/wp\/v2\/posts\/39686\/revisions"}],"predecessor-version":[{"id":39690,"href":"https:\/\/diarioavanzada.com.mx\/index.php?rest_route=\/wp\/v2\/posts\/39686\/revisions\/39690"}],"wp:featuredmedia":[{"embeddable":true,"href":"https:\/\/diarioavanzada.com.mx\/index.php?rest_route=\/wp\/v2\/media\/39687"}],"wp:attachment":[{"href":"https:\/\/diarioavanzada.com.mx\/index.php?rest_route=%2Fwp%2Fv2%2Fmedia&parent=39686"}],"wp:term":[{"taxonomy":"category","embeddable":true,"href":"https:\/\/diarioavanzada.com.mx\/index.php?rest_route=%2Fwp%2Fv2%2Fcategories&post=39686"},{"taxonomy":"post_tag","embeddable":true,"href":"https:\/\/diarioavanzada.com.mx\/index.php?rest_route=%2Fwp%2Fv2%2Ftags&post=39686"}],"curies":[{"name":"wp","href":"https:\/\/api.w.org\/{rel}","templated":true}]}}