{"id":39635,"date":"2023-02-03T07:08:23","date_gmt":"2023-02-03T13:08:23","guid":{"rendered":"https:\/\/diarioavanzada.com.mx\/?p=39635"},"modified":"2023-02-03T07:08:31","modified_gmt":"2023-02-03T13:08:31","slug":"desaparecidos-y-asesinados-son-crimenes-de-estado","status":"publish","type":"post","link":"https:\/\/diarioavanzada.com.mx\/?p=39635","title":{"rendered":"Desaparecidos y asesinados son cr\u00edmenes de Estado"},"content":{"rendered":"\n<p class=\"wp-block-paragraph\">Columna<\/p>\n\n\n\n<p class=\"wp-block-paragraph\">El puercoesp\u00edn&nbsp;<\/p>\n\n\n\n<p class=\"wp-block-paragraph\">Hace un mes que desaparecieron Ricardo Arturo Lagunes Gasca y don Antonio D\u00edaz Valencia y es p\u00fablico el conflicto existente entre la empresa Ternium y los ejidatarios de la comunidad ind\u00edgena nahua de Aquila debido a la devastaci\u00f3n ecol\u00f3gica por la actividad minera y el impago de regal\u00edas al pueblo, situaciones denunciadas reiteradamente por ambos activistas, quienes adem\u00e1s realizan su labor en medio del fuego cruzado entre autoridades y crimen organizado.<\/p>\n\n\n\n<p class=\"wp-block-paragraph\">En M\u00e9xico desde los tiempos de Miguel de la Madrid, es decir, con la llegada de los neoliberales al poder, la desaparici\u00f3n de periodistas y l\u00edderes sociales, desaparecidos o asesinados, en la mayor\u00eda de los casos, le atribuyeron las responsabilidades al crimen organizando reduciendo el crimen a un delito com\u00fan. \u201cQuit\u00e1ndole\u201d el ingrediente pol\u00edtico.<\/p>\n\n\n\n<p class=\"wp-block-paragraph\">Los gobiernos posrevolucionario cuando quer\u00eda eliminar a un enemigo pol\u00edtico, principalmente l\u00edderes sindicales o campesinos,&nbsp; los hechos y la narrativa p\u00fablica los reduc\u00eda a pleitos de cantina.&nbsp;<\/p>\n\n\n\n<p class=\"wp-block-paragraph\">Cientos de casos fueron justificados as\u00ed, por el gobierno en turno, aun cuando los l\u00edderes sindicales o campesino no beb\u00edan una solo copa de licor. La narrativa era esa, simples pleitos y asesinatos de cantina.<\/p>\n\n\n\n<p class=\"wp-block-paragraph\">A como han venido evolucionado las cosas, es altamente probable, que la mayor\u00eda de los desaparecidos: lideres defensores de derechos humanos, defensores de las comunidades originarias, defensores de los recursos comunales, periodistas y ciudadanos que denuncian al crimen organizado son eliminados, desaparecidos, asesinados y simplemente la autoridad los reduce a cr\u00edmenes del fuero com\u00fan y nunca, salvo casos muy excepcionales, las desapariciones y los cr\u00edmenes son vinculados a los pol\u00edticos.<\/p>\n\n\n\n<p class=\"wp-block-paragraph\"><strong><em>Yo sostengo que, en la actualidad, la mayor\u00eda de los cr\u00edmenes: desaparecidos y asesinados son cr\u00edmenes de Estado aunque los perpetrados sean presentados como simple delincuencia organizada y el delito reducido al fuero com\u00fan sin ninguna implicaci\u00f3n pol\u00edtica.<\/em><\/strong><\/p>\n\n\n\n<p class=\"wp-block-paragraph\">Los \u00fanicos cr\u00edmenes reconocidos, hasta hoy, como cr\u00edmenes de Estado han sido los asesinatos de los 43 estudiantes de Ayotzinapa.<\/p>\n\n\n\n<p class=\"wp-block-paragraph\">El narco y su evoluci\u00f3n&nbsp;<\/p>\n\n\n\n<p class=\"wp-block-paragraph\">De acuerdo a la informaci\u00f3n period\u00edstica y la corroboraci\u00f3n de la misma informaci\u00f3n en los juicios realizados en los Estados Unidos (del Chapo y Garc\u00eda Luna, por citar dos ejemplos) el crimen organizado tom\u00f3 una relevancia suprema desde la llegada de los neoliberales al poder (1982 con Miguel de la Madrid). En tiempos de De la Madrid, se asesin\u00f3 a Manuel Buend\u00eda y nunca fue reconocido como un crimen de Estado. Con Carlos Salinas de Gortari se asesin\u00f3 a Luis Donaldo Colosio y tampoco se reconoci\u00f3 como un crimen de Estado y se recurri\u00f3 a la versi\u00f3n&nbsp; socorrida del asesino solitario.<\/p>\n\n\n\n<p class=\"wp-block-paragraph\">En el gobierno de Vicente Fox el crimen organizado, o mejor dicho, la mafia del narcotr\u00e1fico asociada con el Estado aceler\u00f3 sus v\u00ednculos con los gobierno de Fox y con Calder\u00f3n y se termin\u00f3 afinando una maquinaria muy sofisticada donde no se sabe hasta d\u00f3nde llegaba el poder del&nbsp; Estado y hasta d\u00f3nde los dominios de los criminales.<\/p>\n\n\n\n<p class=\"wp-block-paragraph\">El ascenso de Genaro Garc\u00eda Luna a la Secretar\u00eda de Seguridad Publica es el aceleramiento y la construcci\u00f3n de las redes y estructuras del narco-poder en M\u00e9xico. Los gobiernos de Fox y Calder\u00f3n fueron los propiciadores del desarrollo del narcotr\u00e1fico como un nuevo modelo de negocios entre particulares y el Estado. O particulares parapetados en el Estado haciendo negocios.<\/p>\n\n\n\n<p class=\"wp-block-paragraph\">&nbsp;Con Fox y Calder\u00f3n, Garc\u00eda Luna construy\u00f3 la red narco-Estado a niveles muy sofisticados donde no se sab\u00eda qui\u00e9n era el polic\u00eda y qui\u00e9n el criminal.<\/p>\n\n\n\n<p class=\"wp-block-paragraph\"><strong><em>Garc\u00eda Luna construy\u00f3 el andamiaje donde el Estado a trav\u00e9s de la Agencia Federal de Investigaci\u00f3n, el Cisen y al final la Secretar\u00eda de Seguridad Publica establecieron la coordinaci\u00f3n, mediaci\u00f3n y al mismo tiempo fueron coercionadores de los diversos c\u00e1rteles de droga (usaron ese doble poder de la ambig\u00fcedad). Esto significaba que la Secretar\u00eda de Seguridad regulaba los flujos del trasiego, repart\u00eda los mercados y defin\u00eda las zonas de operaci\u00f3n de cada uno de los c\u00e1rteles en el pa\u00eds;<\/em><\/strong> <strong><em>y los narcotraficantes, organizados en c\u00e1rteles, se convirtieron en el brazo armado del poder pol\u00edtico, o mejor dicho, de la sociedad pol\u00edtica mexicana, trayendo consigo el asesinato de defensores de los derechos humanos, de los pueblos originarios y sus recursos, l\u00edderes sindicales, campesinos y periodistas. Y ante la sociedad no ha habido cr\u00edmenes pol\u00edticos sino simples asesinatos de l\u00edderes y periodistas por criminales vulgares, nada que ver con la pol\u00edtica. Seg\u00fan los medios y los pol\u00edticos incrustados en las estructuras de seguridad y pol\u00edticas a trav\u00e9s de todo el pa\u00eds.<\/em><\/strong><\/p>\n\n\n\n<p class=\"wp-block-paragraph\">Son p\u00fablicas y documentas las m\u00faltiples versiones de c\u00f3mo operaban y operan los criminales en el territorio nacional usando acreditaciones (credenciales oficiales), uniformes y armamento para secuestrar, eliminar y detener a otros criminales, y yo no descarto, a periodistas y l\u00edderes sociales. Quiz\u00e1 muchas veces ellos mismos act\u00faan por su cuenta, pero la mayor\u00eda de las veces por \u00f3rdenes de pol\u00edticos (de todos los partidos pol\u00edticos).<\/p>\n\n\n\n<p class=\"wp-block-paragraph\">Tambi\u00e9n se est\u00e1 documentado de como el narcotr\u00e1fico factura para los pol\u00edticos y lava dinero para ellos y tambi\u00e9n muchas veces los pol\u00edticos lavan para ellos mismos. Financian campa\u00f1as pol\u00edticas y \u00faltimamente pon\u00edan, los narcos, a sus propios miembros en los puestos pol\u00edticos.<\/p>\n\n\n\n<p class=\"wp-block-paragraph\"><strong><em>Y finalmente tenemos el dominio hegem\u00f3nico de los narcos que pagaban y pagan a comunicadores para impulsar su narrativa y \u00faltimamente hemos conocido que directamente pagaban, y quiz\u00e1 todav\u00eda pagan, a los grandes medios para difundir la informaci\u00f3n que a ellos conviene y hasta el estilo de difusi\u00f3n.&nbsp;<\/em><\/strong><\/p>\n\n\n\n<p class=\"wp-block-paragraph\">La desaparici\u00f3n de Ricardo Arturo Lagunes Gasca y Antonio D\u00edaz Valencia son cr\u00edmenes de Estado y de esa manera debe enfocarse.<\/p>\n\n\n\n<p class=\"wp-block-paragraph\">La pasividad del gobernador de Michoac\u00e1n y de Indira en Colima los vuelve c\u00f3mplices, por omisi\u00f3n en el mejor de los casos, de los criminales y a todos nos env\u00edan el mensaje de que ellos, los gobernadores, no quieren molestar al crimen organizado.&nbsp;<\/p>\n\n\n\n<p class=\"wp-block-paragraph\">Lagunes Gasca y D\u00edaz Valencia deben de aparecer vivos.&nbsp;<\/p>\n<div class=\"fb-background-color\">\n\t\t\t  <div \n\t\t\t  \tclass = \"fb-comments\" \n\t\t\t  \tdata-href = \"https:\/\/diarioavanzada.com.mx\/?p=39635\"\n\t\t\t  \tdata-numposts = \"10\"\n\t\t\t  \tdata-lazy = \"true\"\n\t\t\t\tdata-colorscheme = \"light\"\n\t\t\t\tdata-order-by = \"social\"\n\t\t\t\tdata-mobile=true>\n\t\t\t  <\/div><\/div>\n\t\t  <style>\n\t\t    .fb-background-color {\n\t\t\t\tbackground:  !important;\n\t\t\t}\n\t\t\t.fb_iframe_widget_fluid_desktop iframe {\n\t\t\t    width: 100% !important;\n\t\t\t}\n\t\t  <\/style>\n\t\t  ","protected":false},"excerpt":{"rendered":"<p>Columna El puercoesp\u00edn&nbsp; Hace un mes que desaparecieron Ricardo Arturo Lagunes Gasca y don Antonio D\u00edaz Valencia y es p\u00fablico el conflicto existente entre la empresa Ternium y los ejidatarios de la comunidad ind\u00edgena nahua de Aquila debido a la devastaci\u00f3n ecol\u00f3gica por la actividad minera y el impago de regal\u00edas al pueblo, situaciones denunciadas [&hellip;]<\/p>\n","protected":false},"author":9,"featured_media":39338,"comment_status":"closed","ping_status":"closed","sticky":false,"template":"","format":"standard","meta":{"_coblocks_attr":"","_coblocks_dimensions":"","_coblocks_responsive_height":"","_coblocks_accordion_ie_support":"","advanced_seo_description":"","jetpack_seo_html_title":"","jetpack_seo_noindex":false,"jetpack_seo_schema_type":"","_jetpack_newsletter_access":"","_jetpack_dont_email_post_to_subs":false,"_jetpack_newsletter_tier_id":0,"_jetpack_memberships_contains_paywalled_content":false,"_wpcom_ai_launchpad_first_post":false,"_jetpack_feature_clip_id":0,"_jetpack_memberships_contains_paid_content":false,"footnotes":"","jetpack_post_was_ever_published":false},"categories":[19,209,24],"tags":[332,275,286,220,210,219,228],"class_list":["post-39635","post","type-post","status-publish","format-standard","has-post-thumbnail","hentry","category-colima","category-importantes","category-opinion","tag-corrupcion-2","tag-desaparecidos","tag-impunidad","tag-opinion","tag-portada","tag-seguridad","tag-violencia"],"jetpack-related-posts":[],"jetpack_sharing_enabled":true,"amp_enabled":true,"jetpack_featured_media_url":"https:\/\/diarioavanzada.com.mx\/wp-content\/uploads\/2023\/01\/image-94.png","_links":{"self":[{"href":"https:\/\/diarioavanzada.com.mx\/index.php?rest_route=\/wp\/v2\/posts\/39635","targetHints":{"allow":["GET"]}}],"collection":[{"href":"https:\/\/diarioavanzada.com.mx\/index.php?rest_route=\/wp\/v2\/posts"}],"about":[{"href":"https:\/\/diarioavanzada.com.mx\/index.php?rest_route=\/wp\/v2\/types\/post"}],"author":[{"embeddable":true,"href":"https:\/\/diarioavanzada.com.mx\/index.php?rest_route=\/wp\/v2\/users\/9"}],"replies":[{"embeddable":true,"href":"https:\/\/diarioavanzada.com.mx\/index.php?rest_route=%2Fwp%2Fv2%2Fcomments&post=39635"}],"version-history":[{"count":1,"href":"https:\/\/diarioavanzada.com.mx\/index.php?rest_route=\/wp\/v2\/posts\/39635\/revisions"}],"predecessor-version":[{"id":39636,"href":"https:\/\/diarioavanzada.com.mx\/index.php?rest_route=\/wp\/v2\/posts\/39635\/revisions\/39636"}],"wp:featuredmedia":[{"embeddable":true,"href":"https:\/\/diarioavanzada.com.mx\/index.php?rest_route=\/wp\/v2\/media\/39338"}],"wp:attachment":[{"href":"https:\/\/diarioavanzada.com.mx\/index.php?rest_route=%2Fwp%2Fv2%2Fmedia&parent=39635"}],"wp:term":[{"taxonomy":"category","embeddable":true,"href":"https:\/\/diarioavanzada.com.mx\/index.php?rest_route=%2Fwp%2Fv2%2Fcategories&post=39635"},{"taxonomy":"post_tag","embeddable":true,"href":"https:\/\/diarioavanzada.com.mx\/index.php?rest_route=%2Fwp%2Fv2%2Ftags&post=39635"}],"curies":[{"name":"wp","href":"https:\/\/api.w.org\/{rel}","templated":true}]}}