{"id":39620,"date":"2023-02-02T08:04:44","date_gmt":"2023-02-02T14:04:44","guid":{"rendered":"https:\/\/diarioavanzada.com.mx\/?p=39620"},"modified":"2023-02-02T08:04:50","modified_gmt":"2023-02-02T14:04:50","slug":"la-violencia-contra-las-mujeres-trans-en-colima","status":"publish","type":"post","link":"https:\/\/diarioavanzada.com.mx\/?p=39620","title":{"rendered":"La violencia contra las mujeres trans en Colima"},"content":{"rendered":"\n<p class=\"wp-block-paragraph\">Columna<\/p>\n\n\n\n<p class=\"wp-block-paragraph\">El puercoesp\u00edn\u00a0<\/p>\n\n\n\n<p class=\"wp-block-paragraph\">En Colima el gobierno sigue oscilando entre la ocurrencia y la politiquer\u00eda. Los ciudadanos esperando pol\u00edticas p\u00fablicas de Estado seguimos armados de una paciencia que no sab\u00edamos que ten\u00edamos.\u00a0<\/p>\n\n\n\n<p class=\"wp-block-paragraph\">La paciencia es por hoy la mejor arma de los colimenses porque no vemos claro cu\u00e1ndo el Gobierno del estado iniciar\u00e1 a instrumentar pol\u00edticas p\u00fablicas a favor de los diversos grupos vulnerables, sobre todo a favor de las minor\u00edas como lo son las mujeres trans.&nbsp;<\/p>\n\n\n\n<p class=\"wp-block-paragraph\">El actual gobierno se dice feminista, y hasta se tom\u00f3 una selfi en la tumba de Griselda \u00c1lvarez para que le creyeran, pero la mera verdad el feminismo de Indi, la in\u00fatil, es extra\u00f1\u00edsimo, que solo sus funcionarios quiz\u00e1 comprenden porque los simples mortales colimotes no entendemos.<\/p>\n\n\n\n<p class=\"wp-block-paragraph\">Regina Zo\u00e9 fue la primera mujer trans de Colima en poder hacer legalmente el cambio de su identidad de g\u00e9nero, en 2015, pero tuvo que viajar a la Ciudad de M\u00e9xico para lograrlo, despu\u00e9s trabaj\u00f3 por materializar ese derecho en nuestro estado. Ella impuls\u00f3 la conquista de este derecho hasta que en el 2019 se redacta y se aprueba la iniciativa para garantizarlo. Y no fue sino hasta el 13 de mayo cuando se reform\u00f3 el C\u00f3digo Civil estatal para que las personas transg\u00e9nero pudieran cambiar su acta de nacimiento.<\/p>\n\n\n\n<p class=\"wp-block-paragraph\">En Colima Regina Zo\u00e9 es una figura muy visible y destacada en la lucha por los derechos de la comunidad LGBTI y de otras lucha, como la de desaparecidos.<\/p>\n\n\n\n<p class=\"wp-block-paragraph\">Ahora Regina Zo\u00e9 est\u00e1 enfrentando una lucha contra la impunidad y otra contra el nepotismo porque como si no fuera poco, despu\u00e9s de haber sido atacada por su condici\u00f3n de trans el Poder Judicial ha recategorizado los delitos y los ha cambiado por lesiones simples, ya que, los presuntos atacantes son familiares de una jueza.<\/p>\n\n\n\n<p class=\"wp-block-paragraph\">Regina Zo\u00e9 es v\u00edctima &#8211;revictimizada&#8211; como todos los colimenses, pero todav\u00eda m\u00e1s por su condici\u00f3n de mujer trans es invisible al gobierno de Colima. Lo que hace de su caso un asunto m\u00e1s pat\u00e9tico.<\/p>\n\n\n\n<p class=\"wp-block-paragraph\">El gobierno de Indi, la in\u00fatil, no ha alzado su voz para exigir justicia para Regina Zo\u00e9. Como de costumbre guarda silencio c\u00f3mplice. En Colima est\u00e1 claro que el gobierno carece de pol\u00edticas p\u00fablicas sensibles y que combatan la violencia machista de la que fue objeto Regina Zo\u00e9.<\/p>\n\n\n\n<p class=\"wp-block-paragraph\">Las leyes que amparan a Regina Zo\u00e9 en Colima son letra muerta, adem\u00e1s&nbsp; la aplicaci\u00f3n de la ley con perspectiva de g\u00e9nero es un asunto inexistente en la realidad. Podr\u00edamos decir que Indi es una gobernadora muy macha, se parece mucho a su pap\u00e1.<\/p>\n\n\n\n<p class=\"wp-block-paragraph\">En campa\u00f1a la g\u00f3ber hizo mucha publicidad de su postura a favor de las minor\u00edas y los grupos m\u00e1s vulnerables como las mujeres, los homosexuales y grupos transg\u00e9nero. Hoy vemos tristemente que fue pura publicidad y oportunismo para ganarse a estos grupos.<\/p>\n\n\n\n<p class=\"wp-block-paragraph\">Su falta de voluntad pol\u00edtica sumada a su falta de pol\u00edticas p\u00fablicas reales en estos rubros, as\u00ed como su postura firme de apoyo al nepotismo condena a estos sectores a la indefensi\u00f3n.<\/p>\n\n\n\n<p class=\"wp-block-paragraph\">C\u00f3mo es posible que el nepotismo de una jueza condene a una persona a la injusticia y extienda el manto de la impunidad con el apoyo impl\u00edcito de una gobernadora que guarda silencio para no molestar a la jueza. Y tiene raz\u00f3n en guardar silencio, pues el nepotismo de la gobernadora es tan amplio y fuerte que hasta lo presume.<\/p>\n\n\n\n<p class=\"wp-block-paragraph\">Me acuerdo cuando los \u201canalistas pol\u00edticos\u201d, partidarios de la actual gobernadora, hac\u00edan unas cr\u00f3nicas sentimentales y lacrim\u00f3genas que recordaban los tiempos aquellos en que el gobernador Mario Anguiano Moreno la dejaba fuera del presidium y los \u201canalistas cr\u00edticos\u201d vaticinaban que eso no volver\u00eda a suceder en un potencial gobierno encabezado por una mujer como Indi. Y satanizaban a Mario Anguiano por grosero, mis\u00f3gino y ejecutor de violencia de g\u00e9nero. Ser\u00eda interesante que estos individuos volvieran a escribir y le pidieran cuentas a Indi, para que \u00e9sta explicara los porqu\u00e9s de sus conductas machista de hoy.<\/p>\n\n\n\n<p class=\"wp-block-paragraph\">Pero no, estos \u201canalistas cr\u00edticos\u201d son incapaces, porque probablemente ni ellos entiendan que le est\u00e1 pasando a esta desgobernadora.<\/p>\n\n\n\n<p class=\"wp-block-paragraph\">La explicaci\u00f3n es f\u00e1cil, siempre fue machista y grosera, lo que pasa es que no lo quer\u00edan ni quieren ver y son incapaces de ofrecer disculpas a la sociedad.<\/p>\n\n\n\n<p class=\"wp-block-paragraph\">Hoy las personas como Regina Zo\u00e9 est\u00e1n padeciendo en carne propia el machismo y el falso feminismo de la fanfarrona gobernadora.<\/p>\n\n\n\n<p class=\"wp-block-paragraph\">El nepotismo de la jueza es criminal como criminal es el nepotismo de Indi, la in\u00fatil. Ojal\u00e1 el Poder Judicial tome cartas en el asunto y no se revictimice a Regina Zo\u00e9 ni a ninguna otra persona y no se cometa una injusticia solo para favorecer a los familiares de la jueza.<\/p>\n<div class=\"fb-background-color\">\n\t\t\t  <div \n\t\t\t  \tclass = \"fb-comments\" \n\t\t\t  \tdata-href = \"https:\/\/diarioavanzada.com.mx\/?p=39620\"\n\t\t\t  \tdata-numposts = \"10\"\n\t\t\t  \tdata-lazy = \"true\"\n\t\t\t\tdata-colorscheme = \"light\"\n\t\t\t\tdata-order-by = \"social\"\n\t\t\t\tdata-mobile=true>\n\t\t\t  <\/div><\/div>\n\t\t  <style>\n\t\t    .fb-background-color {\n\t\t\t\tbackground:  !important;\n\t\t\t}\n\t\t\t.fb_iframe_widget_fluid_desktop iframe {\n\t\t\t    width: 100% !important;\n\t\t\t}\n\t\t  <\/style>\n\t\t  ","protected":false},"excerpt":{"rendered":"<p>Columna El puercoesp\u00edn\u00a0 En Colima el gobierno sigue oscilando entre la ocurrencia y la politiquer\u00eda. Los ciudadanos esperando pol\u00edticas p\u00fablicas de Estado seguimos armados de una paciencia que no sab\u00edamos que ten\u00edamos.\u00a0 La paciencia es por hoy la mejor arma de los colimenses porque no vemos claro cu\u00e1ndo el Gobierno del estado iniciar\u00e1 a instrumentar [&hellip;]<\/p>\n","protected":false},"author":9,"featured_media":39621,"comment_status":"closed","ping_status":"closed","sticky":false,"template":"","format":"standard","meta":{"_coblocks_attr":"","_coblocks_dimensions":"","_coblocks_responsive_height":"","_coblocks_accordion_ie_support":"","_crdt_document":"","advanced_seo_description":"","jetpack_seo_html_title":"","jetpack_seo_noindex":false,"_jetpack_memberships_contains_paid_content":false,"footnotes":""},"categories":[24],"tags":[210],"class_list":["post-39620","post","type-post","status-publish","format-standard","has-post-thumbnail","hentry","category-opinion","tag-portada"],"jetpack_featured_media_url":"https:\/\/diarioavanzada.com.mx\/wp-content\/uploads\/2023\/02\/image-5.png","jetpack-related-posts":[],"jetpack_sharing_enabled":true,"amp_enabled":true,"_links":{"self":[{"href":"https:\/\/diarioavanzada.com.mx\/index.php?rest_route=\/wp\/v2\/posts\/39620","targetHints":{"allow":["GET"]}}],"collection":[{"href":"https:\/\/diarioavanzada.com.mx\/index.php?rest_route=\/wp\/v2\/posts"}],"about":[{"href":"https:\/\/diarioavanzada.com.mx\/index.php?rest_route=\/wp\/v2\/types\/post"}],"author":[{"embeddable":true,"href":"https:\/\/diarioavanzada.com.mx\/index.php?rest_route=\/wp\/v2\/users\/9"}],"replies":[{"embeddable":true,"href":"https:\/\/diarioavanzada.com.mx\/index.php?rest_route=%2Fwp%2Fv2%2Fcomments&post=39620"}],"version-history":[{"count":1,"href":"https:\/\/diarioavanzada.com.mx\/index.php?rest_route=\/wp\/v2\/posts\/39620\/revisions"}],"predecessor-version":[{"id":39622,"href":"https:\/\/diarioavanzada.com.mx\/index.php?rest_route=\/wp\/v2\/posts\/39620\/revisions\/39622"}],"wp:featuredmedia":[{"embeddable":true,"href":"https:\/\/diarioavanzada.com.mx\/index.php?rest_route=\/wp\/v2\/media\/39621"}],"wp:attachment":[{"href":"https:\/\/diarioavanzada.com.mx\/index.php?rest_route=%2Fwp%2Fv2%2Fmedia&parent=39620"}],"wp:term":[{"taxonomy":"category","embeddable":true,"href":"https:\/\/diarioavanzada.com.mx\/index.php?rest_route=%2Fwp%2Fv2%2Fcategories&post=39620"},{"taxonomy":"post_tag","embeddable":true,"href":"https:\/\/diarioavanzada.com.mx\/index.php?rest_route=%2Fwp%2Fv2%2Ftags&post=39620"}],"curies":[{"name":"wp","href":"https:\/\/api.w.org\/{rel}","templated":true}]}}