{"id":39442,"date":"2023-01-25T07:33:10","date_gmt":"2023-01-25T13:33:10","guid":{"rendered":"https:\/\/diarioavanzada.com.mx\/?p=39442"},"modified":"2023-01-25T07:33:17","modified_gmt":"2023-01-25T13:33:17","slug":"atencion-preferente-para-los-adultos-mayores","status":"publish","type":"post","link":"https:\/\/diarioavanzada.com.mx\/?p=39442","title":{"rendered":"Atenci\u00f3n preferente para los adultos mayores"},"content":{"rendered":"\n<p class=\"wp-block-paragraph\">Escrito por Claudia Gabriela Aguirre Luna<\/p>\n\n\n\n<p class=\"wp-block-paragraph\">Alas de transformaci\u00f3n<\/p>\n\n\n\n<p class=\"wp-block-paragraph\">El primer mes del a\u00f1o es conocido como \u201cla cuesta de enero\u201d, recibiendo dicha denominaci\u00f3n, derivado de los m\u00faltiples pagos que se tienen que hacer en durante el referido mes, verbigracia: predial, agua y tenencia por solo nombrar algunos.<\/p>\n\n\n\n<p class=\"wp-block-paragraph\">A ra\u00edz de ello es com\u00fan ver en las diferentes dependencias filas y filas de ciudadanos responsables y cumplidos que aguardan pacientemente su turno para realizar sus pagos.<\/p>\n\n\n\n<p class=\"wp-block-paragraph\">Sin embargo, tal parece que pocas autoridades tienen presente lo se\u00f1alado por el art\u00edculo 67 Bis de la Ley para la Protecci\u00f3n de los Adultos Mayores del Estado de Colima que de forma textual se\u00f1ala:<\/p>\n\n\n\n<p class=\"wp-block-paragraph\"><em>\u201cSer\u00e1 obligaci\u00f3n de las dependencias y entidades de la administraci\u00f3n p\u00fablica estatal centralizada y paraestatal, as\u00ed como las dependencias y entidades de las administraciones p\u00fablicas municipales centralizadas y paramunicipales, en el \u00e1mbito de sus respectivas competencias y jurisdicci\u00f3n, vigilar y garantizar la defensa de los derechos de las personas adultas mayores otorg\u00e1ndoles una atenci\u00f3n preferencial que agilice los tr\u00e1mites y procedimientos administrativos a realizar en esas dependencias.<\/em><\/p>\n\n\n\n<p class=\"wp-block-paragraph\"><em>Todas las instituciones de orden p\u00fablico y privado del Estado, garantizar\u00e1n que en sus instalaciones existan las condiciones necesarias, para que se les d\u00e9 a los adultos mayores un trato digno, especial y prioritario al momento de realizar un tr\u00e1mite personal, otorg\u00e1ndoles sillas de espera y una fila preferencial.\u201d<\/em><\/p>\n\n\n\n<p class=\"wp-block-paragraph\">Lo anterior en consonancia con lo que establece la Convenci\u00f3n Interamericana sobre la Protecci\u00f3n de los Derechos Humanos de las Personas Mayores, que en su art\u00edculo 3 inciso k) establece como principio general el buen trato y la atenci\u00f3n preferencial.<\/p>\n\n\n\n<p class=\"wp-block-paragraph\">Si bien dicha ley desde el a\u00f1o 2012 contaba con la obligaci\u00f3n de brindar un trato preferencial a las personas adultas mayores en las dependencias de gobierno, as\u00ed como fomentar el trato preferencial a las personas adultas mayores en las tiendas de autoservicio y empresas mercantiles, tal parece que dicho precepto es letra muerta, y si bien existen algunas pocas dependencias que si cuentan con un trato preferencial y filas exclusivas para los adultos mayores, en la gran mayor\u00eda de dependencias como CIAPACOV; La Secretar\u00eda de Movilidad, y en casi todos los Ayuntamientos no se cuentan con sillas de espera o filas destinadas exclusivamente para los adultos mayores, ni mucho menos personal capacitado que proporcione un trato \u00e1gil y digno para atender exclusivamente a estas personas quienes en ocasiones tambi\u00e9n sufren por la falta de m\u00f3dulos accesibles con rampas y barandales.<\/p>\n\n\n\n<p class=\"wp-block-paragraph\">As\u00ed durante todo el a\u00f1o, aunque especialmente en estas fechas, es muy com\u00fan ver en cualquier lugar donde se pagan servicios, filas de personas esperando turno entre ellas a este grupo social tan importante y vulnerable, en ocasiones en pleno sol, recordemos que el trato preferencial no es una forma de discriminaci\u00f3n hacia los dem\u00e1s, si no, es el servicio equitativo que consiste en el trato justo y proporcional en las condiciones de acceso y disfrute de los satisfactorios necesarios para el bienestar de las personas Adultas Mayores.<\/p>\n\n\n\n<p class=\"wp-block-paragraph\">Garantizar los derechos de las personas adultas mayores es una obligaci\u00f3n del Estado, as\u00ed mismo proveer los mecanismos para la implementaci\u00f3n de las normas que se establecen, es por ello que se hace un llamado a las instancias correspondientes para que atiendan este problema que ha sido olvidado.<\/p>\n\n\n\n<p class=\"wp-block-paragraph\">\u00bfLa procuradur\u00eda de la defensa del adulto mayor har\u00e1 algo para que se aplique la ley? \u00bfHasta cu\u00e1ndo los gobiernos violentar\u00e1n esta disposici\u00f3n?<\/p>\n\n\n\n<p class=\"wp-block-paragraph\"><strong>ALITAS 1: <\/strong>Seguimos en espera del pronunciamiento del Congreso del Estado sobre la recomendaci\u00f3n emitida por la Comisi\u00f3n de Derechos Humanos en el caso promovido por su servidora.<\/p>\n\n\n\n<p class=\"wp-block-paragraph\">\u00bfLa aceptar\u00e1 o por conveniencia pol\u00edtica proteger\u00e1 a un agresor?<\/p>\n<div class=\"fb-background-color\">\n\t\t\t  <div \n\t\t\t  \tclass = \"fb-comments\" \n\t\t\t  \tdata-href = \"https:\/\/diarioavanzada.com.mx\/?p=39442\"\n\t\t\t  \tdata-numposts = \"10\"\n\t\t\t  \tdata-lazy = \"true\"\n\t\t\t\tdata-colorscheme = \"light\"\n\t\t\t\tdata-order-by = \"social\"\n\t\t\t\tdata-mobile=true>\n\t\t\t  <\/div><\/div>\n\t\t  <style>\n\t\t    .fb-background-color {\n\t\t\t\tbackground:  !important;\n\t\t\t}\n\t\t\t.fb_iframe_widget_fluid_desktop iframe {\n\t\t\t    width: 100% !important;\n\t\t\t}\n\t\t  <\/style>\n\t\t  ","protected":false},"excerpt":{"rendered":"<p>Escrito por Claudia Gabriela Aguirre Luna Alas de transformaci\u00f3n El primer mes del a\u00f1o es conocido como \u201cla cuesta de enero\u201d, recibiendo dicha denominaci\u00f3n, derivado de los m\u00faltiples pagos que se tienen que hacer en durante el referido mes, verbigracia: predial, agua y tenencia por solo nombrar algunos. A ra\u00edz de ello es com\u00fan ver [&hellip;]<\/p>\n","protected":false},"author":7,"featured_media":39443,"comment_status":"closed","ping_status":"closed","sticky":false,"template":"","format":"standard","meta":{"_coblocks_attr":"","_coblocks_dimensions":"","_coblocks_responsive_height":"","_coblocks_accordion_ie_support":"","_crdt_document":"","advanced_seo_description":"","jetpack_seo_html_title":"","jetpack_seo_noindex":false,"_jetpack_memberships_contains_paid_content":false,"footnotes":""},"categories":[19,209,24],"tags":[220,210],"class_list":["post-39442","post","type-post","status-publish","format-standard","has-post-thumbnail","hentry","category-colima","category-importantes","category-opinion","tag-opinion","tag-portada"],"jetpack_featured_media_url":"https:\/\/diarioavanzada.com.mx\/wp-content\/uploads\/2023\/01\/image-117.png","jetpack-related-posts":[],"jetpack_sharing_enabled":true,"amp_enabled":true,"_links":{"self":[{"href":"https:\/\/diarioavanzada.com.mx\/index.php?rest_route=\/wp\/v2\/posts\/39442","targetHints":{"allow":["GET"]}}],"collection":[{"href":"https:\/\/diarioavanzada.com.mx\/index.php?rest_route=\/wp\/v2\/posts"}],"about":[{"href":"https:\/\/diarioavanzada.com.mx\/index.php?rest_route=\/wp\/v2\/types\/post"}],"author":[{"embeddable":true,"href":"https:\/\/diarioavanzada.com.mx\/index.php?rest_route=\/wp\/v2\/users\/7"}],"replies":[{"embeddable":true,"href":"https:\/\/diarioavanzada.com.mx\/index.php?rest_route=%2Fwp%2Fv2%2Fcomments&post=39442"}],"version-history":[{"count":1,"href":"https:\/\/diarioavanzada.com.mx\/index.php?rest_route=\/wp\/v2\/posts\/39442\/revisions"}],"predecessor-version":[{"id":39444,"href":"https:\/\/diarioavanzada.com.mx\/index.php?rest_route=\/wp\/v2\/posts\/39442\/revisions\/39444"}],"wp:featuredmedia":[{"embeddable":true,"href":"https:\/\/diarioavanzada.com.mx\/index.php?rest_route=\/wp\/v2\/media\/39443"}],"wp:attachment":[{"href":"https:\/\/diarioavanzada.com.mx\/index.php?rest_route=%2Fwp%2Fv2%2Fmedia&parent=39442"}],"wp:term":[{"taxonomy":"category","embeddable":true,"href":"https:\/\/diarioavanzada.com.mx\/index.php?rest_route=%2Fwp%2Fv2%2Fcategories&post=39442"},{"taxonomy":"post_tag","embeddable":true,"href":"https:\/\/diarioavanzada.com.mx\/index.php?rest_route=%2Fwp%2Fv2%2Ftags&post=39442"}],"curies":[{"name":"wp","href":"https:\/\/api.w.org\/{rel}","templated":true}]}}