{"id":39423,"date":"2023-01-24T07:34:33","date_gmt":"2023-01-24T13:34:33","guid":{"rendered":"https:\/\/diarioavanzada.com.mx\/?p=39423"},"modified":"2023-01-24T08:49:11","modified_gmt":"2023-01-24T14:49:11","slug":"no-hace-su-trabajo-y-cobra-sueldo-millonario","status":"publish","type":"post","link":"https:\/\/diarioavanzada.com.mx\/?p=39423","title":{"rendered":"No hace su trabajo y cobra sueldo millonario&nbsp;"},"content":{"rendered":"\n<p class=\"wp-block-paragraph\">Columna<\/p>\n\n\n\n<p class=\"wp-block-paragraph\">El puercoesp\u00edn&nbsp;<\/p>\n\n\n\n<p class=\"wp-block-paragraph\">Desde la tarde del domingo 15 se encuentran desaparecidos el abogado y el l\u00edder de la comunidad nahua del municipio de Aquila, Michoac\u00e1n, Ricardo Arturo Lagunes Gasca y Antonio D\u00edaz Valencia, respectivamente, quienes fueron vistos por \u00faltima vez cuando se trasladaban por la carretera de Coahuayana a Tecom\u00e1n, Colima.<\/p>\n\n\n\n<p class=\"wp-block-paragraph\">Ambos son dos personas respetables y respetadas por su labor humana de estar al frente de la defensa de la gente m\u00e1s vulnerable.<\/p>\n\n\n\n<p class=\"wp-block-paragraph\">A nivel nacional ya se pronunciaron el presidente Andr\u00e9s Manuel L\u00f3pez Obrador, la C\u00e1mara de Diputados, el Senado de la Rep\u00fablica, la Comisi\u00f3n Nacional de Derechos Humanos, as\u00ed como cientos de organizaciones de la sociedad civil, instituciones educativas, activistas, acad\u00e9micos, as\u00ed como representantes de comunidades rurales y pueblos ind\u00edgenas, pero para los diputados locales colimenses el asunto no ha merecido su atenci\u00f3n, mucho menos una exigencia al gobierno estatal y a la Fiscal\u00eda General del Estado para que se apliquen en la localizaci\u00f3n de los desaparecidos.<\/p>\n\n\n\n<p class=\"wp-block-paragraph\">El Presidente urgi\u00f3 a los fiscales de las entidades federativas de Michoac\u00e1n y Colima. Y tuvo que hacerlo el Presidente porque la gobernadora quiso evita la fatiga y porque ni para ordenarle a su fiscal sirve la gobernadora, entonces, \u00bfqu\u00e9 hace? \u00bfA qu\u00e9 se dedica?<\/p>\n\n\n\n<p class=\"wp-block-paragraph\">En Colima desde hace tiempo que la gobernadora no hace nada. En este caso no es la excepci\u00f3n. Esta pobre mujer no le entra ni fr\u00edo ni calor, pues suceden cosas tan lamentables como \u00e9stas y ella jugando con un equipo de radiocomunicaci\u00f3n de los bomberos.<\/p>\n\n\n\n<p class=\"wp-block-paragraph\">Hace unos d\u00edas le mataron a una funcionaria de alto nivel y ella no tuvo la capacidad de comprender ni de dimensionar el tama\u00f1o del da\u00f1o que le hizo el crimen organizado a su gobierno. Ni p\u00edo dijo.&nbsp;<\/p>\n\n\n\n<p class=\"wp-block-paragraph\">Nuevamente ocurren hechos de dimensiones grandes y la gobernadora prefiere jugar con el equipo de radiocomunicaci\u00f3n de los bomberos para escaparse de la realidad, una realidad violenta y cruel que no le importa ni est\u00e1 dispuesta a hacer algo para evitarla. Ella est\u00e1 pensando en eventos d\u00f3nde comer a costillas de los ciudadanos con sus amigos que solo est\u00e1n pensando en el poder y hacer negocios con el mismo.<\/p>\n\n\n\n<p class=\"wp-block-paragraph\">Ad\u00e1n Augusto L\u00f3pez Hern\u00e1ndez tuvo que venir a solucionarse el conflicto jur\u00eddico que imped\u00eda el poner en funcionamiento la carreta transvolc\u00e1nica, adem\u00e1s le solucion\u00f3 el conflicto de los salarios con la burocracia y tiene en sus manos la crisis financiera del gobierno, y por si fuera poco, le est\u00e1 llevando, en las instancias competentes, el conflicto de los defraudados por Axe Capital.&nbsp;<\/p>\n\n\n\n<p class=\"wp-block-paragraph\">El presidente Amlo directamente le ha tenido que estar mandando efectivos de la Guardia Nacional, de la Marina Armada de M\u00e9xico y el Ej\u00e9rcito mexicano para frenar las acciones de alto impacto que ha desplegado el crimen organizado.<\/p>\n\n\n\n<p class=\"wp-block-paragraph\">En pocas palabras, los verdaderos problemas han sido tomados directamente por la federaci\u00f3n porque la in\u00fatil ha sido incapaz de enfrentar los problemas. Ni los detecta ni los anticipa, y&nbsp; cuando estos estallan, ni los enfrenta, mucho menos los resuelve, porque no le interesa resolverlos, esos nos qued\u00f3 claro a todos los colimenses.<\/p>\n\n\n\n<p class=\"wp-block-paragraph\">Las familias de Ricardo Arturo Lagunes Gasca y Antonio D\u00edaz Valencia est\u00e1n viviendo un calvario y la gobernadora ha guardado un silencio sepulcral que nos dice mucho de lo que piensa y siente.<\/p>\n\n\n\n<p class=\"wp-block-paragraph\">El gobierno de Colima guarda silencio porque:<\/p>\n\n\n\n<ol class=\"wp-block-list\"><li>Es su estrategia para no delatar la forma en que se va atacar a la delincuencia organizada, pues no, es falso porque no se aprecia en las acciones de la Secretar\u00eda de Seguridad elementos que den luz sobre una estrategia coherente y eficiente.<\/li><li>No dicen nada porque le importan muy poco los ciudadanos. S\u00ed, le importan muy poco los ciudadanos.<\/li><li>No dicen nada porque con incapaces de enfrentar el juicio de los ciudadanos. S\u00ed, su incapacidad es manifiesta y su estupidez es palmaria.<\/li><li>No dicen nada porque carecen de sensibilidad. S\u00ed, carecen de sensibilidad del sufrimiento de los colimotes y la tragedia que estamos viviendo.<\/li><li>No dicen nada porque la secretaria General de Gobierno es una inepta, incapaz de articular y coordinar una estrategia elemental para enfrentar al crimen organizado. S\u00ed, la secretaria General de Gobierno es una inepta incapaz de implementar una estrategia m\u00ednima de seguridad.<\/li><li>No dicen nada porque el fiscal es un inepto m\u00e1s preocupado por cubrir a la gobernadora y golpear a los miembros de su propio partido, como a los morenistas de Manzanillo. S\u00ed, su papel ha sido el de golpear internamente al gobierno municipal de Manzanillo y procurar justicia lo tiene sin cuidado, pues el 98 % de casos no resueltos son cifras contundentes que demuestran su incapacidad profesional y su falta de \u00e9tica profesional.<\/li><li>No dicen nada porque est\u00e1n m\u00e1s ocupados en la politiquer\u00eda. S\u00ed, est\u00e1n m\u00e1s preocupados por repartir tarjetas y hacer campa\u00f1a antes que ver los problemas fundamentales como son: crisis financiera, crisis de seguridad y b\u00fasqueda de crecimiento econ\u00f3mico.<\/li><li>No dicen nada porque los partidos y la gente no protesta ni pide su renuncia. S\u00ed, ellos, el gobierno, piensa que el que la gente, las organizaciones civiles y los partidos pol\u00edticos no pidan su renuncia creen que es una muestra de que las cosas van bien. Olvidan que Colima es una sociedad madura que no le apuesta al golpismo. La respuesta de los ciudadanos la ver\u00e1n en las pr\u00f3ximas elecciones. Ellos, el gobierno de Indi, se escuda tras de la consigna \u201csi ladran es que vamos cabalgando\u201d. Creen que guardar silencio es un derecho de ellos. Error supremo.<\/li><li>No dicen nada porque creen que el Congreso es due\u00f1o de sus silencios y que su tarea es apoyar las estupideces de Indira hasta la ignominia. S\u00ed, el Congreso est\u00e1 llevando el apoyo a Indira hasta niveles insultantes. La Historia los pondr\u00e1 en su lugar.<\/li><\/ol>\n\n\n\n<p class=\"wp-block-paragraph\">La verdad es que personas como Ricardo Arturo Lagunes Gasca y Antonio D\u00edaz Valencia deben aparecer vivos. As\u00ed lo deseamos todos los colimenses.<\/p>\n\n\n\n<p class=\"wp-block-paragraph\">Tuvo que pedirles el presidente de la Rep\u00fablica al fiscal de Colima que hiciera su trabajo porque la in\u00fatil gobernadora de Colima ni para eso sirve.<\/p>\n\n\n\n<p class=\"wp-block-paragraph\">Ganan millonadas de salario, 45 veces m\u00e1s que cualquier mortal colimense, y aun as\u00ed no les dan ganas de trabajar.<\/p>\n\n\n\n<p class=\"wp-block-paragraph\">La verdad es que tenemos funcionarios ineptos, in\u00fatiles y flojonazos. Cobran millonadas y ni siquiera hacen un trabajo m\u00ednimo. &nbsp;<\/p>\n\n\n\n<p class=\"wp-block-paragraph\">Esta gobernadora result\u00f3 toda una in\u00fatil, insensible y flojonaza.&nbsp;<\/p>\n<div class=\"fb-background-color\">\n\t\t\t  <div \n\t\t\t  \tclass = \"fb-comments\" \n\t\t\t  \tdata-href = \"https:\/\/diarioavanzada.com.mx\/?p=39423\"\n\t\t\t  \tdata-numposts = \"10\"\n\t\t\t  \tdata-lazy = \"true\"\n\t\t\t\tdata-colorscheme = \"light\"\n\t\t\t\tdata-order-by = \"social\"\n\t\t\t\tdata-mobile=true>\n\t\t\t  <\/div><\/div>\n\t\t  <style>\n\t\t    .fb-background-color {\n\t\t\t\tbackground:  !important;\n\t\t\t}\n\t\t\t.fb_iframe_widget_fluid_desktop iframe {\n\t\t\t    width: 100% !important;\n\t\t\t}\n\t\t  <\/style>\n\t\t  ","protected":false},"excerpt":{"rendered":"<p>Columna El puercoesp\u00edn&nbsp; Desde la tarde del domingo 15 se encuentran desaparecidos el abogado y el l\u00edder de la comunidad nahua del municipio de Aquila, Michoac\u00e1n, Ricardo Arturo Lagunes Gasca y Antonio D\u00edaz Valencia, respectivamente, quienes fueron vistos por \u00faltima vez cuando se trasladaban por la carretera de Coahuayana a Tecom\u00e1n, Colima. Ambos son dos [&hellip;]<\/p>\n","protected":false},"author":9,"featured_media":39424,"comment_status":"closed","ping_status":"closed","sticky":false,"template":"","format":"standard","meta":{"_coblocks_attr":"","_coblocks_dimensions":"","_coblocks_responsive_height":"","_coblocks_accordion_ie_support":"","advanced_seo_description":"","jetpack_seo_html_title":"","jetpack_seo_noindex":false,"jetpack_seo_schema_type":"","_jetpack_newsletter_access":"","_jetpack_dont_email_post_to_subs":false,"_jetpack_newsletter_tier_id":0,"_jetpack_memberships_contains_paywalled_content":false,"_wpcom_ai_launchpad_first_post":false,"_jetpack_feature_clip_id":0,"_jetpack_memberships_contains_paid_content":false,"footnotes":"","jetpack_post_was_ever_published":false},"categories":[19,209,24],"tags":[332,299,220,210,219,228],"class_list":["post-39423","post","type-post","status-publish","format-standard","has-post-thumbnail","hentry","category-colima","category-importantes","category-opinion","tag-corrupcion-2","tag-homicidio","tag-opinion","tag-portada","tag-seguridad","tag-violencia"],"jetpack-related-posts":[],"jetpack_sharing_enabled":true,"amp_enabled":true,"jetpack_featured_media_url":"https:\/\/diarioavanzada.com.mx\/wp-content\/uploads\/2023\/01\/image-114.png","_links":{"self":[{"href":"https:\/\/diarioavanzada.com.mx\/index.php?rest_route=\/wp\/v2\/posts\/39423","targetHints":{"allow":["GET"]}}],"collection":[{"href":"https:\/\/diarioavanzada.com.mx\/index.php?rest_route=\/wp\/v2\/posts"}],"about":[{"href":"https:\/\/diarioavanzada.com.mx\/index.php?rest_route=\/wp\/v2\/types\/post"}],"author":[{"embeddable":true,"href":"https:\/\/diarioavanzada.com.mx\/index.php?rest_route=\/wp\/v2\/users\/9"}],"replies":[{"embeddable":true,"href":"https:\/\/diarioavanzada.com.mx\/index.php?rest_route=%2Fwp%2Fv2%2Fcomments&post=39423"}],"version-history":[{"count":2,"href":"https:\/\/diarioavanzada.com.mx\/index.php?rest_route=\/wp\/v2\/posts\/39423\/revisions"}],"predecessor-version":[{"id":39430,"href":"https:\/\/diarioavanzada.com.mx\/index.php?rest_route=\/wp\/v2\/posts\/39423\/revisions\/39430"}],"wp:featuredmedia":[{"embeddable":true,"href":"https:\/\/diarioavanzada.com.mx\/index.php?rest_route=\/wp\/v2\/media\/39424"}],"wp:attachment":[{"href":"https:\/\/diarioavanzada.com.mx\/index.php?rest_route=%2Fwp%2Fv2%2Fmedia&parent=39423"}],"wp:term":[{"taxonomy":"category","embeddable":true,"href":"https:\/\/diarioavanzada.com.mx\/index.php?rest_route=%2Fwp%2Fv2%2Fcategories&post=39423"},{"taxonomy":"post_tag","embeddable":true,"href":"https:\/\/diarioavanzada.com.mx\/index.php?rest_route=%2Fwp%2Fv2%2Ftags&post=39423"}],"curies":[{"name":"wp","href":"https:\/\/api.w.org\/{rel}","templated":true}]}}