{"id":39343,"date":"2023-01-17T07:51:03","date_gmt":"2023-01-17T13:51:03","guid":{"rendered":"https:\/\/diarioavanzada.com.mx\/?p=39343"},"modified":"2023-01-17T07:51:13","modified_gmt":"2023-01-17T13:51:13","slug":"el-inegi-es-misogino","status":"publish","type":"post","link":"https:\/\/diarioavanzada.com.mx\/?p=39343","title":{"rendered":"El Inegi es mis\u00f3gino"},"content":{"rendered":"\n<p class=\"wp-block-paragraph\">Columna<\/p>\n\n\n\n<p class=\"wp-block-paragraph\">El puercoesp\u00edn&nbsp;<\/p>\n\n\n\n<p class=\"wp-block-paragraph\">C\u00f3mo es posible que el Inegi se atreva a decir que el gobierno de Indira es el que muestra el peor desempe\u00f1o anual, en todo el pa\u00eds, en actividades tan importantes como la construcci\u00f3n, la miner\u00eda y la distribuci\u00f3n de energ\u00eda el\u00e9ctrica.<\/p>\n\n\n\n<p class=\"wp-block-paragraph\">Solo unos mis\u00f3ginos se atreven a tanto. Esos del Inegi son unos mis\u00f3ginos, pues de seguro lo que afirman lo dicen porque es una mujer la que gobierna y su patolog\u00eda misoginia&nbsp; los conduce a afirmar tales cosas, seguramente eso dir\u00e1n los matraqueros y el equipo de comunicaci\u00f3n de social por lo publicado por el Inegi en materia de desempe\u00f1o econ\u00f3mico del pa\u00eds. O m\u00ednimamente dir\u00e1n que se trata de violencia de g\u00e9nero, despu\u00e9s, enunciar\u00e1n cualquier insulto apropiado para el caso y, finalmente, como colof\u00f3n amenazar\u00e1n, a trav\u00e9s de sus bots, con lastimar f\u00edsicamente si contin\u00faan&nbsp; con sus falsedades. Y lo digo porque ese es el esquema de comportamiento que han observado en los \u00faltimos catorce meses con diecis\u00e9is d\u00edas que llevan en el gobierno.<\/p>\n\n\n\n<p class=\"wp-block-paragraph\">En el documento denominado Indicador Mensual de la Actividad Industrial por Entidad Federativa&nbsp; en el periodo de un a\u00f1o, es decir, de septiembre de 2021 a septiembre de 2022&nbsp; dos meses son responsabilidad de Nacho Peralta y los otros diez a Indira Vizca\u00edno.<\/p>\n\n\n\n<p class=\"wp-block-paragraph\">En Colima la actividad industrial cay\u00f3 28.9 % con respecto al mismo mes de 2021, siendo Colima el estado que presenta el peor desempe\u00f1o en este rubro, contrariamente los estados tuvieron un crecimiento en promedio del 3.8 %; la miner\u00eda, la industria m\u00e1s importante en Colima, decreci\u00f3 un 19.4 %; en materia de distribuci\u00f3n de energ\u00eda el\u00e9ctrica, suministro de agua y gas la ca\u00edda de Colima es del orden del 40.1 %, el promedio de crecimiento nacional fue de 5.9 %; en materia de construcci\u00f3n Colima su desempe\u00f1o tuvo un decrecimiento del 38.9 %, ocupando el \u00faltimo lugar en la tabla por su desempe\u00f1o.<\/p>\n\n\n\n<p class=\"wp-block-paragraph\">Los dos \u00faltimos meses de Nacho y los primeros diez de Indira fueron catastr\u00f3ficos para el desempe\u00f1o de la econom\u00eda. Qu\u00e9 pecado habremos cometido los colimenses para padecer gobiernos tan malos.<\/p>\n\n\n\n<p class=\"wp-block-paragraph\">Cuando uno ve los desempe\u00f1os econ\u00f3micos, luego entiende por qu\u00e9 la gente tiene en el pen\u00falitmo lugar a Indira en su desempe\u00f1o como gobernante, pues no se trata de un estado de \u00e1nimo sino la percepci\u00f3n fundada de que las cosas van mal en Colima.<\/p>\n\n\n\n<p class=\"wp-block-paragraph\">El desempe\u00f1o econ\u00f3mico es catastr\u00f3fico pero la gobernadora sigue sac\u00e1ndose selfis, hace giras pol\u00edticas por el pa\u00eds a la menor provocaci\u00f3n, no atiende la inseguridad, entre otras muchas actividades inherentes a su cargo.<\/p>\n\n\n\n<p class=\"wp-block-paragraph\">La seguridad es otro problema que cada d\u00eda crece al grado que la otrora mesa de la paz se convirti\u00f3 en la <em>Mesa del Fracaso&nbsp;<\/em> porque sencillamente la inseguridad crece en Colima d\u00eda a d\u00eda.<\/p>\n\n\n\n<p class=\"wp-block-paragraph\">Los bots y matraqueros ya tienen sus frases favoritas y dir\u00e1n a grito abierto, a tuitazos y textos en el feis que el Inegi es un mis\u00f3gino, que su informaci\u00f3n no es otra cosa sino violencia de g\u00e9nero, lo insultar\u00e1n y finalmente lo amenazar\u00e1n.<\/p>\n\n\n\n<p class=\"wp-block-paragraph\">Cuando Roberto Saviano regres\u00f3, temporalmente a N\u00e1poles, despu\u00e9s de haber sido desterrado por haber escrito, a sus 26 a\u00f1os, <em>Gomorra, <\/em>donde describe los modos de operar de la mafia de N\u00e1poles&nbsp; los mafiosos lo acusaban de ser \u00e9l el generador de un discurso de odio, cuando los criminales los comet\u00edan la mafia, sus aliados de la iniciativa privada y del Estado, cuando \u00e9l simplemente describ\u00eda y analizaba los hechos de mafias asociadas con el Estado para crear lo que se ha denominado el <em>Crimen Organizado<\/em>. Pol\u00edticos y mafiosos acusaban a Saviano de ser el generador del odio cuando eran ellos los asesinos y rateros, que, con sus acciones, fueron envileciendo a la sociedad napolitana.<\/p>\n\n\n\n<p class=\"wp-block-paragraph\">En Colima los bots acusan hoy en d\u00eda a sus cr\u00edticos de generar odio. Qu\u00e9 les pasa a los funcionarios que ante su incapacidad administrativa y pol\u00edtica&nbsp; han decidido odiar.<\/p>\n\n\n\n<p class=\"wp-block-paragraph\">Indira puso en la Secretar\u00eda General de Gobierno y seguridad a su nana, en la Fiscal\u00eda a su ahijado, en Fomento Econ\u00f3mico a su amiga, en el DIF a su hermano, es decir, parientes y amigos sin acreditaci\u00f3n de capacidad en la materia y su \u00fanica credencial es su relaci\u00f3n de parentesco o amistad, nepotismo puro, que ya est\u00e1 produciendo las nefastas consecuencias en la econom\u00eda y la seguridad del estado, tal pareciera que la gobernadora odia a Colima.<\/p>\n\n\n\n<p class=\"wp-block-paragraph\">\u00bfPor qu\u00e9 Indira odia tanto a Colima?<\/p>\n\n\n\n<p class=\"wp-block-paragraph\">Y lo digo porque se necesita tenerle mucho odio al estado que se gobierna para tenerlo en el desastre que lo tiene y lo que viene.<\/p>\n\n\n\n<p class=\"wp-block-paragraph\">Por qu\u00e9 tanto odio y por qu\u00e9 acusar a los otros de ser los generadores del odio cuando son ellos, los gobernantes por omisi\u00f3n o por acci\u00f3n, los generadores del desastre econ\u00f3mico y la tragedia y cruentas y macabras cosas que suceden como las cabezas y torsos aparecidos en Coquimatl\u00e1n.<\/p>\n\n\n\n<p class=\"wp-block-paragraph\">Indira est\u00e1 ubicada entre los peores gobernantes de todo el pa\u00eds&nbsp; porque gobierna mal, los \u00edndices econ\u00f3micos lo demuestran, los cuerpos regados en las calles lo evidencian, su ineptitud e inacci\u00f3n lo refuerzan y su abandono del estado, para irse de fiesta a la CDMX, confirman su indolencia.<\/p>\n\n\n\n<p class=\"wp-block-paragraph\">Se necesita odiar a Colima mucho para tenerlo en las condiciones en las que estamos.&nbsp;<\/p>\n\n\n\n<p class=\"wp-block-paragraph\">La econom\u00eda anda mal, la seguridad anda mal, no es raro que su popularidad ande por los suelos, es la peque\u00f1a venganza de los ciudadanos.<\/p>\n\n\n\n<p class=\"wp-block-paragraph\">Pero el gobierno de Colima solo dir\u00e1: el Inegi es mis\u00f3gino y est\u00e1 ejerciendo violencia de g\u00e9nero.&nbsp;<\/p>\n\n\n\n<p class=\"wp-block-paragraph\">Pobre Inegi qu\u00e9 cosas dice, c\u00f3mo se atreve.<\/p>\n<div class=\"fb-background-color\">\n\t\t\t  <div \n\t\t\t  \tclass = \"fb-comments\" \n\t\t\t  \tdata-href = \"https:\/\/diarioavanzada.com.mx\/?p=39343\"\n\t\t\t  \tdata-numposts = \"10\"\n\t\t\t  \tdata-lazy = \"true\"\n\t\t\t\tdata-colorscheme = \"light\"\n\t\t\t\tdata-order-by = \"social\"\n\t\t\t\tdata-mobile=true>\n\t\t\t  <\/div><\/div>\n\t\t  <style>\n\t\t    .fb-background-color {\n\t\t\t\tbackground:  !important;\n\t\t\t}\n\t\t\t.fb_iframe_widget_fluid_desktop iframe {\n\t\t\t    width: 100% !important;\n\t\t\t}\n\t\t  <\/style>\n\t\t  ","protected":false},"excerpt":{"rendered":"<p>Columna El puercoesp\u00edn&nbsp; C\u00f3mo es posible que el Inegi se atreva a decir que el gobierno de Indira es el que muestra el peor desempe\u00f1o anual, en todo el pa\u00eds, en actividades tan importantes como la construcci\u00f3n, la miner\u00eda y la distribuci\u00f3n de energ\u00eda el\u00e9ctrica. Solo unos mis\u00f3ginos se atreven a tanto. Esos del Inegi [&hellip;]<\/p>\n","protected":false},"author":9,"featured_media":39344,"comment_status":"closed","ping_status":"closed","sticky":false,"template":"","format":"standard","meta":{"_coblocks_attr":"","_coblocks_dimensions":"","_coblocks_responsive_height":"","_coblocks_accordion_ie_support":"","advanced_seo_description":"","jetpack_seo_html_title":"","jetpack_seo_noindex":false,"jetpack_seo_schema_type":"","_jetpack_newsletter_access":"","_jetpack_dont_email_post_to_subs":false,"_jetpack_newsletter_tier_id":0,"_jetpack_memberships_contains_paywalled_content":false,"_wpcom_ai_launchpad_first_post":false,"_jetpack_feature_clip_id":0,"_jetpack_memberships_contains_paid_content":false,"footnotes":"","jetpack_post_was_ever_published":false},"categories":[19,209,24],"tags":[220,210],"class_list":["post-39343","post","type-post","status-publish","format-standard","has-post-thumbnail","hentry","category-colima","category-importantes","category-opinion","tag-opinion","tag-portada"],"jetpack-related-posts":[],"jetpack_sharing_enabled":true,"amp_enabled":true,"jetpack_featured_media_url":"https:\/\/diarioavanzada.com.mx\/wp-content\/uploads\/2023\/01\/image-96.png","_links":{"self":[{"href":"https:\/\/diarioavanzada.com.mx\/index.php?rest_route=\/wp\/v2\/posts\/39343","targetHints":{"allow":["GET"]}}],"collection":[{"href":"https:\/\/diarioavanzada.com.mx\/index.php?rest_route=\/wp\/v2\/posts"}],"about":[{"href":"https:\/\/diarioavanzada.com.mx\/index.php?rest_route=\/wp\/v2\/types\/post"}],"author":[{"embeddable":true,"href":"https:\/\/diarioavanzada.com.mx\/index.php?rest_route=\/wp\/v2\/users\/9"}],"replies":[{"embeddable":true,"href":"https:\/\/diarioavanzada.com.mx\/index.php?rest_route=%2Fwp%2Fv2%2Fcomments&post=39343"}],"version-history":[{"count":1,"href":"https:\/\/diarioavanzada.com.mx\/index.php?rest_route=\/wp\/v2\/posts\/39343\/revisions"}],"predecessor-version":[{"id":39345,"href":"https:\/\/diarioavanzada.com.mx\/index.php?rest_route=\/wp\/v2\/posts\/39343\/revisions\/39345"}],"wp:featuredmedia":[{"embeddable":true,"href":"https:\/\/diarioavanzada.com.mx\/index.php?rest_route=\/wp\/v2\/media\/39344"}],"wp:attachment":[{"href":"https:\/\/diarioavanzada.com.mx\/index.php?rest_route=%2Fwp%2Fv2%2Fmedia&parent=39343"}],"wp:term":[{"taxonomy":"category","embeddable":true,"href":"https:\/\/diarioavanzada.com.mx\/index.php?rest_route=%2Fwp%2Fv2%2Fcategories&post=39343"},{"taxonomy":"post_tag","embeddable":true,"href":"https:\/\/diarioavanzada.com.mx\/index.php?rest_route=%2Fwp%2Fv2%2Ftags&post=39343"}],"curies":[{"name":"wp","href":"https:\/\/api.w.org\/{rel}","templated":true}]}}