{"id":39297,"date":"2023-01-13T06:18:16","date_gmt":"2023-01-13T12:18:16","guid":{"rendered":"https:\/\/diarioavanzada.com.mx\/?p=39297"},"modified":"2023-01-13T06:19:38","modified_gmt":"2023-01-13T12:19:38","slug":"uno-de-cada-diez-colimenses-se-ha-contagiado-de-covid","status":"publish","type":"post","link":"https:\/\/diarioavanzada.com.mx\/?p=39297","title":{"rendered":"Uno de cada diez colimenses se ha contagiado de Covid"},"content":{"rendered":"\n<p class=\"wp-block-paragraph\">Colima, M\u00e9xico, Avanzada (13\/01\/2023).- Desde el inicio de la pandemia, en marzo de 2020, hasta la fecha, uno de cada diez colimenses se ha contagiado de Covid, de acuerdo con las cifras oficiales de las autoridades de salud.<\/p>\n\n\n\n<p class=\"wp-block-paragraph\">De acuerdo con la Secretar\u00eda de Salud del Gobierno del Estado de Colima, hasta el 9 de enero se hab\u00edan contabilizado 64 mil 932 casos positivos de covid 19 en la entidad, lo que representa 8.87 por ciento de la poblaci\u00f3n total del estado reportada por el Censo de Poblaci\u00f3n y Vivienda 2020 del Instituto Nacional de Estad\u00edstica y Geograf\u00eda (Inegi).<\/p>\n\n\n\n<p class=\"wp-block-paragraph\">Ese porcentaje supera en m\u00e1s de la mitad la proporci\u00f3n de contagios ocurridos a escala nacional, pues en el mismo periodo enfermaron de covid en M\u00e9xico 7 millones 284 mil 502 personas, cantidad que representa 5.78 por ciento de la poblaci\u00f3n total del pa\u00eds.<\/p>\n\n\n\n<p class=\"wp-block-paragraph\">Asimismo, la proporci\u00f3n de personas fallecidas por covid en Colima supera la media nacional, pues en esta entidad han perdido la vida 2 mil 451 personas durante toda la pandemia, cifra equivalente a 0.33 por ciento de la poblaci\u00f3n total, en tanto que a nivel nacional los fallecimientos son 331 mil 333, que representan 0.26 por ciento de la poblaci\u00f3n nacional.<\/p>\n\n\n\n<p class=\"wp-block-paragraph\">Seg\u00fan datos de la Secretar\u00eda de Salud del Gobierno de Colima, en la semana m\u00e1s reciente, del 3 al 9 de enero de 2023, se registraron en la entidad 317 casos nuevos y dos decesos por coronavirus, con lo que se alcanza un total de 64 mil 932 casos positivos y 2 mil 451 defunciones acumuladas durante toda la pandemia de Covid-19.<\/p>\n\n\n\n<p class=\"wp-block-paragraph\">La dependencia estatal se\u00f1al\u00f3 que los decesos ocurrieron en dos hombres de entre 70 y 95 a\u00f1os de edad; uno se encontraba hospitalizado grave y otro recib\u00eda atenci\u00f3n ambulatoria. Por residencia, uno era del municipio de Colima y otro de Cuauht\u00e9moc.<\/p>\n\n\n\n<p class=\"wp-block-paragraph\">Hubo 182 mujeres diagnosticadas como positivas al SARS-CoV-2, de entre 1 y 89 a\u00f1os de edad; 112 residen en Colima, 35 en Villa de \u00c1lvarez, 33 en Manzanillo y dos en Coquimatl\u00e1n; 181 reciben atenci\u00f3n ambulatoria y una se encuentra hospitalizada grave.<\/p>\n\n\n\n<p class=\"wp-block-paragraph\">Adem\u00e1s, 135 hombres fueron diagnosticados positivos, de entre 1 y 95 a\u00f1os de edad; 133 reciben atenci\u00f3n ambulatoria y dos se encuentran hospitalizados graves. Por residencia, 81 son de Colima, 24 de Manzanillo, 21 de Villa de \u00c1lvarez, cinco de Tecom\u00e1n, dos de Cuauht\u00e9moc, uno de Armer\u00eda y uno de Minatitl\u00e1n.<\/p>\n\n\n\n<p class=\"wp-block-paragraph\">Esta semana se registraron cinco casos for\u00e1neos, en tres hombres y dos mujeres de entre 25 y 55 a\u00f1os de edad; cuatro casos reciben atenci\u00f3n ambulatoria y uno m\u00e1s est\u00e1 hospitalizado estable. Todos ser\u00e1n registrados en su entidad de origen.<\/p>\n\n\n\n<p class=\"wp-block-paragraph\">La Secretar\u00eda de Salud sugiri\u00f3 mantener el uso de cubrebocas, seguir con la distancia de por lo menos dos metros entre personas, evitar aglomeraciones, optar por espacios ventilados y fundamentalmente vacunarse contra el Covid-19.<\/p>\n<div class=\"fb-background-color\">\n\t\t\t  <div \n\t\t\t  \tclass = \"fb-comments\" \n\t\t\t  \tdata-href = \"https:\/\/diarioavanzada.com.mx\/?p=39297\"\n\t\t\t  \tdata-numposts = \"10\"\n\t\t\t  \tdata-lazy = \"true\"\n\t\t\t\tdata-colorscheme = \"light\"\n\t\t\t\tdata-order-by = \"social\"\n\t\t\t\tdata-mobile=true>\n\t\t\t  <\/div><\/div>\n\t\t  <style>\n\t\t    .fb-background-color {\n\t\t\t\tbackground:  !important;\n\t\t\t}\n\t\t\t.fb_iframe_widget_fluid_desktop iframe {\n\t\t\t    width: 100% !important;\n\t\t\t}\n\t\t  <\/style>\n\t\t  ","protected":false},"excerpt":{"rendered":"<p>Colima, M\u00e9xico, Avanzada (13\/01\/2023).- Desde el inicio de la pandemia, en marzo de 2020, hasta la fecha, uno de cada diez colimenses se ha contagiado de Covid, de acuerdo con las cifras oficiales de las autoridades de salud. De acuerdo con la Secretar\u00eda de Salud del Gobierno del Estado de Colima, hasta el 9 de [&hellip;]<\/p>\n","protected":false},"author":7,"featured_media":25992,"comment_status":"closed","ping_status":"closed","sticky":false,"template":"","format":"standard","meta":{"_coblocks_attr":"","_coblocks_dimensions":"","_coblocks_responsive_height":"","_coblocks_accordion_ie_support":"","advanced_seo_description":"","jetpack_seo_html_title":"","jetpack_seo_noindex":false,"jetpack_seo_schema_type":"","_jetpack_newsletter_access":"","_jetpack_dont_email_post_to_subs":false,"_jetpack_newsletter_tier_id":0,"_jetpack_memberships_contains_paywalled_content":false,"_wpcom_ai_launchpad_first_post":false,"_jetpack_feature_clip_id":0,"_jetpack_memberships_contains_paid_content":false,"footnotes":"","jetpack_post_was_ever_published":false},"categories":[19,209,27],"tags":[300,210,218],"class_list":["post-39297","post","type-post","status-publish","format-standard","has-post-thumbnail","hentry","category-colima","category-importantes","category-salud","tag-covid-19","tag-portada","tag-salud"],"jetpack-related-posts":[],"jetpack_sharing_enabled":true,"amp_enabled":true,"jetpack_featured_media_url":"https:\/\/diarioavanzada.com.mx\/wp-content\/uploads\/2021\/09\/Covid.jpg","_links":{"self":[{"href":"https:\/\/diarioavanzada.com.mx\/index.php?rest_route=\/wp\/v2\/posts\/39297","targetHints":{"allow":["GET"]}}],"collection":[{"href":"https:\/\/diarioavanzada.com.mx\/index.php?rest_route=\/wp\/v2\/posts"}],"about":[{"href":"https:\/\/diarioavanzada.com.mx\/index.php?rest_route=\/wp\/v2\/types\/post"}],"author":[{"embeddable":true,"href":"https:\/\/diarioavanzada.com.mx\/index.php?rest_route=\/wp\/v2\/users\/7"}],"replies":[{"embeddable":true,"href":"https:\/\/diarioavanzada.com.mx\/index.php?rest_route=%2Fwp%2Fv2%2Fcomments&post=39297"}],"version-history":[{"count":1,"href":"https:\/\/diarioavanzada.com.mx\/index.php?rest_route=\/wp\/v2\/posts\/39297\/revisions"}],"predecessor-version":[{"id":39298,"href":"https:\/\/diarioavanzada.com.mx\/index.php?rest_route=\/wp\/v2\/posts\/39297\/revisions\/39298"}],"wp:featuredmedia":[{"embeddable":true,"href":"https:\/\/diarioavanzada.com.mx\/index.php?rest_route=\/wp\/v2\/media\/25992"}],"wp:attachment":[{"href":"https:\/\/diarioavanzada.com.mx\/index.php?rest_route=%2Fwp%2Fv2%2Fmedia&parent=39297"}],"wp:term":[{"taxonomy":"category","embeddable":true,"href":"https:\/\/diarioavanzada.com.mx\/index.php?rest_route=%2Fwp%2Fv2%2Fcategories&post=39297"},{"taxonomy":"post_tag","embeddable":true,"href":"https:\/\/diarioavanzada.com.mx\/index.php?rest_route=%2Fwp%2Fv2%2Ftags&post=39297"}],"curies":[{"name":"wp","href":"https:\/\/api.w.org\/{rel}","templated":true}]}}