{"id":39172,"date":"2023-01-09T06:56:34","date_gmt":"2023-01-09T12:56:34","guid":{"rendered":"https:\/\/diarioavanzada.com.mx\/?p=39172"},"modified":"2023-01-09T06:56:44","modified_gmt":"2023-01-09T12:56:44","slug":"fiambre","status":"publish","type":"post","link":"https:\/\/diarioavanzada.com.mx\/?p=39172","title":{"rendered":"Fiambre"},"content":{"rendered":"\n<p class=\"wp-block-paragraph\">Columna<\/p>\n\n\n\n<p class=\"wp-block-paragraph\">El puercoesp\u00edn&nbsp;<\/p>\n\n\n\n<p class=\"wp-block-paragraph\">La burbuja de la <strong><em>Mafia de las Amiguis<\/em><\/strong>&nbsp;<\/p>\n\n\n\n<p class=\"wp-block-paragraph\">Sof\u00eda Coppola dirigi\u00f3 <em>Mar\u00eda Antonieta<\/em> (2006. Interpretad por Kirsten Dusnt) que retrata un mundo sofisticado y decadente del Palacio de Versalles lleno de falsos aduladores, titiriteros y chismoso. Seg\u00fan Coppola \u00e9sta vive en una burbuja donde la reina jam\u00e1s interact\u00faa con sus s\u00fabditos. La pel\u00edcula retrata magistralmente los vestidos, los postres y la vida feliz de los d\u00e9spotas. Los deleites del poder y sus excesos que ignoran sistem\u00e1ticamente al mundo real (de realidad que no de realeza).<\/p>\n\n\n\n<p class=\"wp-block-paragraph\">Me gust\u00f3 mucho como proyecta Coppola la famosa frase aquella de que si el pueblo no tiene pan para comer, pues que coman pasteles, que expres\u00f3 Mar\u00eda Antonieta en su momento.<\/p>\n\n\n\n<p class=\"wp-block-paragraph\">La pel\u00edcula termina con toda la tragedia del personaje cuando Mar\u00eda Antonieta abre las ventanas del Palacio de Versalles y \u00e9sta descubre al pueblo franc\u00e9s protagonizando la revoluci\u00f3n que puso fin a la monarqu\u00eda francesa.<\/p>\n\n\n\n<p class=\"wp-block-paragraph\">Cuando Mar\u00eda Antonieta sali\u00f3 de su burbuja el destino la hab\u00eda alcanzado. La pel\u00edcula y su costosa producci\u00f3n refleja estos dos mundos tan distantes y tan ajenos que en un momento dado convergen y siempre es demasiado tarde para quienes detentan el poder.&nbsp;<\/p>\n\n\n\n<p class=\"wp-block-paragraph\">Las burbujas del poder estallan impredeciblemente como pompas de jab\u00f3n ingr\u00e1vidas. La <em>Mafia de las Amiguis <\/em>est\u00e1 sobreinflando su propia burbuja y son felices en su voluminoso crecimiento. &nbsp;<\/p>\n\n\n\n<p class=\"wp-block-paragraph\">La burbuja del Bienestar<\/p>\n\n\n\n<p class=\"wp-block-paragraph\">Desde los tiempos de Indira y Julio Le\u00f3n, como delegados de la Secretar\u00eda del Bienestar, los adultos mayores han sido obligados a hacer tediosas filas in\u00fatiles para recibir sus pensiones con el \u00fanico objetivo de que los beneficiarios de la pensi\u00f3n universal vean y reconozcan a los bur\u00f3cratas que les est\u00e1n \u201chaciendo el favor\u201d.<\/p>\n\n\n\n<p class=\"wp-block-paragraph\">Viridiana Valencia sigue actuando igual y, todav\u00eda m\u00e1s grave, est\u00e1 haciendo de los eventos verdaderos m\u00edtines de campa\u00f1a y en sus redes sociales est\u00e1 utilizando las fotograf\u00edas con los adultos mayores como propaganda para su persona.<\/p>\n\n\n\n<p class=\"wp-block-paragraph\">Mientras el fiscal del estado denostaba a una v\u00edctima m\u00e1s y hac\u00eda uso de su puesto para enfilar sus bater\u00edas contra la presidenta municipal de Manzanillo, provocando indignaci\u00f3n entre los ciudadanos colimenses. Viridiana Valencia y su patrona Indira, la in\u00fatil, estaban haciendo campa\u00f1a con los adultos mayores.&nbsp;<\/p>\n\n\n\n<p class=\"wp-block-paragraph\">Ambas aprovechando el cambio de tarjetas que tiene como objetivos bancarizar a los adultos mayores de menores ingresos y que \u00e9stos reciban el beneficio del Estado mexicano directamente. La delegada a parte de hacer esperar a los adultos mayores horas, muchas horas, para que las bur\u00f3cratas, trastornadas por el poder, puedan llegar a la hora que les da la gana y saludar a los beneficiarios.<\/p>\n\n\n\n<p class=\"wp-block-paragraph\">La delegada han optado por ofender a los m\u00e1s ancianos y enfermos, pues existen casos pat\u00e9ticos donde adultos mayores de aproximadamente 92 a\u00f1os y enfermos no pueden ir y son obligados, bajo la amenaza de no ot\u00f3rgales la tarjeta y, por ende, suspenderles la pensi\u00f3n universal. La presi\u00f3n es grande para los viejitos enfermos que se est\u00e1n siendo angustiados innecesariamente.&nbsp;<\/p>\n\n\n\n<p class=\"wp-block-paragraph\">El nivel de deshumanizaci\u00f3n de Viridiana Valencia parece ir creciendo cada d\u00eda que pasa. Resulta que Jes\u00fas Antonio Eustaquio, el trabajador de la Delegaci\u00f3n de Programas para el Bienestar Colima que, desapareci\u00f3 el 24 de agosto, pues resulta que la Fiscal\u00eda General del Estado de Colima lo hall\u00f3 muerto pocos d\u00edas despu\u00e9s, pero fue hasta el 29 de diciembre que lo identificaron y notificaron a sus familiares.&nbsp;<\/p>\n\n\n\n<p class=\"wp-block-paragraph\">Estos actos inhumanos, de una funcionaria encargada de labores tan humanas, parecen sacados de una pel\u00edcula de mentes perversas.&nbsp;<\/p>\n\n\n\n<p class=\"wp-block-paragraph\">Caso muy similar le ocurri\u00f3 a&nbsp; la familia de una joven desaparecida del municipio de Coquimatl\u00e1n &nbsp; que la Fiscal\u00eda le caus\u00f3 mucho dolor a su madre por su negligencia e ineptitud.<\/p>\n\n\n\n<p class=\"wp-block-paragraph\">Viridiana no tiene esp\u00edritu. Adem\u00e1s la bur\u00f3crata, diputada con licencia, parece disfrutar de lucrar con la dignidad de las personas, pues adem\u00e1s de causar lentitud y elevados tiempos de espera a los adultos mayores, utiliza la imagen de estos al hacer propaganda pagada en las redes sociales. Bueno ser\u00eda investigar si los recursos son propios o son de la Secretaria de Bienestar que en cualquiera de los supuestos ser\u00eda poco \u00e9tico e incluso ilegal.<\/p>\n\n\n\n<p class=\"wp-block-paragraph\">La gobernadora la acompa\u00f1a feliz y le hace comparsa. Amabas son fieles a su visi\u00f3n patrimonialista del poder y lucran con la dignidad de los dem\u00e1s como si se tratara de vulgar mercanc\u00eda.<\/p>\n\n\n\n<p class=\"wp-block-paragraph\">Viridiana Valencia, Indira Vizca\u00edno, Julio Le\u00f3n, Eduardo Jurado, Guadalupe Sol\u00eds y el Bryant no entienden que aparte de carecer de esp\u00edritu est\u00e1n ya encabezando un gobierno fiambre. Est\u00e1n fr\u00edos. La <em>Mafia de las Amiguis<\/em> est\u00e1 pol\u00edticamente muerta solo hace falta que alguien se los diga.&nbsp;<\/p>\n\n\n\n<p class=\"wp-block-paragraph\">Cuando Morena lleg\u00f3 al poder fue la instrumentaci\u00f3n de los programas de bienestar, particularmente las pensiones universales y el sistema de becas, tuvieron \u00e9xito porque se eliminaron intermediarios y, por tanto, que los montos reales no llegaran disminuidos por los moches que les aplicaban los partidos, los sindicatos&nbsp; y las asociaciones responsables de la distribuci\u00f3n de los beneficios, adem\u00e1s la entrega directa, sobre todo, dignific\u00f3 a los beneficiarios porque fueron tratados por primera vez en forma digna y respetuosa. Todo lo anterior, la <em>Mafia de las Amiguis,<\/em> lo echaron por la borda. En la actualidad la gobernadora y la banda que la acompa\u00f1a, principalmente Viridiana Valencia est\u00e1n desvirtuando los programas sociales en su parte esencial, el trato humano. Sin trato humano los programas se resquebrajan y vuelven a ser viles instrumentos electoreros como siempre.<\/p>\n\n\n\n<p class=\"wp-block-paragraph\">Nadie les ha dicho a la <em>Mafia de las Amiguis<\/em> que su gobierno est\u00e1 muerto.<\/p>\n\n\n\n<p class=\"wp-block-paragraph\">En las pr\u00f3ximas elecciones se enter\u00e1n porque son un gobierno fiambre desde hoy.&nbsp;<\/p>\n\n\n\n<p class=\"wp-block-paragraph\">Cuando la <em>Mafia de las Amiguis<\/em> regrese a la realidad se encontrar\u00e1n con su original precariedad pol\u00edtica de la que emergieron.<\/p>\n<div class=\"fb-background-color\">\n\t\t\t  <div \n\t\t\t  \tclass = \"fb-comments\" \n\t\t\t  \tdata-href = \"https:\/\/diarioavanzada.com.mx\/?p=39172\"\n\t\t\t  \tdata-numposts = \"10\"\n\t\t\t  \tdata-lazy = \"true\"\n\t\t\t\tdata-colorscheme = \"light\"\n\t\t\t\tdata-order-by = \"social\"\n\t\t\t\tdata-mobile=true>\n\t\t\t  <\/div><\/div>\n\t\t  <style>\n\t\t    .fb-background-color {\n\t\t\t\tbackground:  !important;\n\t\t\t}\n\t\t\t.fb_iframe_widget_fluid_desktop iframe {\n\t\t\t    width: 100% !important;\n\t\t\t}\n\t\t  <\/style>\n\t\t  ","protected":false},"excerpt":{"rendered":"<p>Columna El puercoesp\u00edn&nbsp; La burbuja de la Mafia de las Amiguis&nbsp; Sof\u00eda Coppola dirigi\u00f3 Mar\u00eda Antonieta (2006. Interpretad por Kirsten Dusnt) que retrata un mundo sofisticado y decadente del Palacio de Versalles lleno de falsos aduladores, titiriteros y chismoso. Seg\u00fan Coppola \u00e9sta vive en una burbuja donde la reina jam\u00e1s interact\u00faa con sus s\u00fabditos. La [&hellip;]<\/p>\n","protected":false},"author":9,"featured_media":39173,"comment_status":"closed","ping_status":"closed","sticky":false,"template":"","format":"standard","meta":{"_coblocks_attr":"","_coblocks_dimensions":"","_coblocks_responsive_height":"","_coblocks_accordion_ie_support":"","advanced_seo_description":"","jetpack_seo_html_title":"","jetpack_seo_noindex":false,"jetpack_seo_schema_type":"","_jetpack_newsletter_access":"","_jetpack_dont_email_post_to_subs":false,"_jetpack_newsletter_tier_id":0,"_jetpack_memberships_contains_paywalled_content":false,"_wpcom_ai_launchpad_first_post":false,"_jetpack_feature_clip_id":0,"_jetpack_memberships_contains_paid_content":false,"footnotes":"","jetpack_post_was_ever_published":false},"categories":[19,209],"tags":[220,210],"class_list":["post-39172","post","type-post","status-publish","format-standard","has-post-thumbnail","hentry","category-colima","category-importantes","tag-opinion","tag-portada"],"jetpack-related-posts":[],"jetpack_sharing_enabled":true,"amp_enabled":true,"jetpack_featured_media_url":"https:\/\/diarioavanzada.com.mx\/wp-content\/uploads\/2023\/01\/image-46.png","_links":{"self":[{"href":"https:\/\/diarioavanzada.com.mx\/index.php?rest_route=\/wp\/v2\/posts\/39172","targetHints":{"allow":["GET"]}}],"collection":[{"href":"https:\/\/diarioavanzada.com.mx\/index.php?rest_route=\/wp\/v2\/posts"}],"about":[{"href":"https:\/\/diarioavanzada.com.mx\/index.php?rest_route=\/wp\/v2\/types\/post"}],"author":[{"embeddable":true,"href":"https:\/\/diarioavanzada.com.mx\/index.php?rest_route=\/wp\/v2\/users\/9"}],"replies":[{"embeddable":true,"href":"https:\/\/diarioavanzada.com.mx\/index.php?rest_route=%2Fwp%2Fv2%2Fcomments&post=39172"}],"version-history":[{"count":1,"href":"https:\/\/diarioavanzada.com.mx\/index.php?rest_route=\/wp\/v2\/posts\/39172\/revisions"}],"predecessor-version":[{"id":39174,"href":"https:\/\/diarioavanzada.com.mx\/index.php?rest_route=\/wp\/v2\/posts\/39172\/revisions\/39174"}],"wp:featuredmedia":[{"embeddable":true,"href":"https:\/\/diarioavanzada.com.mx\/index.php?rest_route=\/wp\/v2\/media\/39173"}],"wp:attachment":[{"href":"https:\/\/diarioavanzada.com.mx\/index.php?rest_route=%2Fwp%2Fv2%2Fmedia&parent=39172"}],"wp:term":[{"taxonomy":"category","embeddable":true,"href":"https:\/\/diarioavanzada.com.mx\/index.php?rest_route=%2Fwp%2Fv2%2Fcategories&post=39172"},{"taxonomy":"post_tag","embeddable":true,"href":"https:\/\/diarioavanzada.com.mx\/index.php?rest_route=%2Fwp%2Fv2%2Ftags&post=39172"}],"curies":[{"name":"wp","href":"https:\/\/api.w.org\/{rel}","templated":true}]}}