{"id":39155,"date":"2023-01-06T07:55:58","date_gmt":"2023-01-06T13:55:58","guid":{"rendered":"https:\/\/diarioavanzada.com.mx\/?p=39155"},"modified":"2023-01-06T07:56:06","modified_gmt":"2023-01-06T13:56:06","slug":"ovidio-guzman-a-la-carcel-y-la-derecha-en-apuros","status":"publish","type":"post","link":"https:\/\/diarioavanzada.com.mx\/?p=39155","title":{"rendered":"Ovidio Guzm\u00e1n a la c\u00e1rcel y la derecha en apuros"},"content":{"rendered":"\n<p class=\"wp-block-paragraph\">Columna<\/p>\n\n\n\n<p class=\"wp-block-paragraph\">El puercoesp\u00edn&nbsp;<\/p>\n\n\n\n<p class=\"wp-block-paragraph\">La masacre del Cereso 3 en Chihuahua fue la gota que derram\u00f3 el vaso. El asesinato de 17 personas y la fuga de 30 reos de alto perfil delictivo motiv\u00f3 al\u00a0 Gobierno de M\u00e9xico a tomar la decisi\u00f3n de cambiar su estrategia de combate al narcotr\u00e1fico.<\/p>\n\n\n\n<p class=\"wp-block-paragraph\">Un elemento pol\u00edtico que aceler\u00f3 tambi\u00e9n la decisi\u00f3n del Gobierno de M\u00e9xico fue la hegemon\u00eda de la derecha en el Poder Judicial. La toma del control del Poder Judicial mediante el dominio de la Suprema Corte de Justicia de la Naci\u00f3n, celebrada estridentemente por la derecha, produjo un cambio sustancial en la estrategia. Ahora los delincuentes ser\u00e1n capturados y puestos a disposici\u00f3n de ellos (Poder Judicial) y solo de ellos depender\u00e1 si los regresan a la calle o se hace justicia. En pocas palabras la 4T lanz\u00f3&nbsp; el bal\u00f3n a la cancha de la derecha.<\/p>\n\n\n\n<p class=\"wp-block-paragraph\">Las reacciones<\/p>\n\n\n\n<p class=\"wp-block-paragraph\">Lilly T\u00e9llez y X\u00f3chtil G\u00e1lvez valoraron la importancia del hecho y reconocieron el \u00e9xito de las fuerzas armadas. Observ\u00e1ndose claramente que el reconocimiento lo hacen contra su voluntad, pues no hace mucho tiempo, hicieron una f\u00e9rrea y estridente campa\u00f1a para que los militares regresaran a sus cuarteles. Como buenas c\u00ednicas tienen tambi\u00e9n memoria fr\u00e1gil.&nbsp;<\/p>\n\n\n\n<p class=\"wp-block-paragraph\">Vicente Fox qued\u00f3 impactado y solo atin\u00f3 a expresar su frustraci\u00f3n al publicar el siguiente tuit: \u201cAL IMPERIO LO QUE PIDA\u2026 A LOS MEXICANOS QUE SE JODAN\u2026\u201d<\/p>\n\n\n\n<p class=\"wp-block-paragraph\">El boc\u00f3n de Fox, fiel a su estilo, diciendo las tonter\u00edas de siempre donde destila odio, frustraci\u00f3n y estupidez. El tuit es la contradicci\u00f3n perfecta y el cinismo de quien tiene como tareas cotidianas odiar a quien no piensa como \u00e9l.<\/p>\n\n\n\n<p class=\"wp-block-paragraph\">Felipe Calder\u00f3n hacia las tres de la tarde dio muestras de vida y public\u00f3 un tuit que dice: <em>\u201cM\u00e1s all\u00e1 de motivaciones y circunstancias espec\u00edficas asociadas a la detenci\u00f3n del d\u00eda de hoy, las acciones encaminadas a restaurar el maltrecho Estado de Derecho deben apoyarse. Mi reconocimiento a las FFAA SEDENA y SEMAR&nbsp; por la realizaci\u00f3n exitosa de tan delicada operaci\u00f3n.\u201d<\/em><\/p>\n\n\n\n<p class=\"wp-block-paragraph\">Qu\u00e9 se podr\u00e1 desencadenar:<\/p>\n\n\n\n<p class=\"wp-block-paragraph\">Uno.- El cambio de estrategia del Gobierno de M\u00e9xico en el combate al narcotr\u00e1fico es una respuesta de \u00e9ste al excesos de los c\u00e1rteles del narcotr\u00e1fico al realizar una nueva masacre, similar a la realizada en Colima hace un a\u00f1o, con la variable que liberaron a 30 delincuentes de alta peligrosidad y retan a la autoridad, pero muy importantemente, la cooperaci\u00f3n por omisi\u00f3n o por complicidad de las autoridades locales queda al descubierto. Y yo presumo que el Gobierno de M\u00e9xico relevar\u00e1 a las autoridades locales por la v\u00eda de los hechos &#8211;que no son de confianza o que francamente tienen documentada su asociaci\u00f3n&#8211; y sin formalizarlo para evitar las descalificaciones de la derecha que acusa &#8211;sin probar&#8211; un supuesto autoritarismo y centralizaci\u00f3n del poder. Lo cierto es que se trabajar\u00e1 desde el centro y con golpes quir\u00fargicos, as\u00ed se trate de aliados o miembros del mismo partido o de la oposici\u00f3n.<\/p>\n\n\n\n<p class=\"wp-block-paragraph\">Dos.- Los criminales ser\u00e1n puestos a disposici\u00f3n&nbsp; de los jueces para que sean ellos, ahora que dominan y tienen bajo su control el Poder Judicial, para que los juzguen y no los dejen en libertad bajo los pretextos absurdos nimios soportados en las falencias de la violaci\u00f3n del debido proceso.<\/p>\n\n\n\n<p class=\"wp-block-paragraph\">Ahora, por su parte el Ejecutivo, con la comodidad de poder hacer uso de la fuerza, pues la derecha con sus reclamos de abandonar los \u201cabrazos y no balazos\u201d, es decir, habr\u00e1 permiso para hacer uso de mayor fuerza sin que se pueda censurar las acciones de las fuerzas armadas y la Guardia Nacional.<\/p>\n\n\n\n<p class=\"wp-block-paragraph\">En otras palabras el Gobierno de M\u00e9xico los detendr\u00e1 y los pondr\u00e1 a disposici\u00f3n del Poder Judicial y si, eventualmente, los ponen de nuevo en la calle, ser\u00e1n ellos y solo ellos los responsables que, en consecuencia, tendr\u00e1n que rendirle cuentas al pueblos de M\u00e9xico.<\/p>\n\n\n\n<p class=\"wp-block-paragraph\">Tres.- Una extradici\u00f3n pronta y expedita hacia los EEUU de Ovidio podr\u00eda ser otra posibilidad, pues el juicio contra Garc\u00eda Luna inicia el pr\u00f3ximo lunes y eventualmente la Fiscal\u00eda norteamericana podr\u00eda haber negociado la presentaci\u00f3n de Ovidio Guzm\u00e1n como un testigo de cargo que tenga informaci\u00f3n privilegiada que incrimine a Felipe Calder\u00f3n. Esta posibilidad de negociaci\u00f3n est\u00e1 en manos del Gobierno de M\u00e9xico.<\/p>\n\n\n\n<p class=\"wp-block-paragraph\">En cualquiera de los anteriores escenarios la derecha pierde pol\u00edticamente porque su apuesta por conservar el esquema del r\u00e9gimen de saqueo no tiene futuro inmediato en M\u00e9xico.<\/p>\n\n\n\n<p class=\"wp-block-paragraph\">Lo cierto y evidente hoy es que el bal\u00f3n qued\u00f3 en la cancha del Poder Judicial. Y los gobiernos de las entidades federativas que le apuestan a seguir asociados con el crimen organizado como Guanajuato, Jalisco, Coahuila, Zacatecas, entre otros, no son ya viables pol\u00edticamente.<\/p>\n\n\n\n<p class=\"wp-block-paragraph\">La felicitaci\u00f3n de Francisco Javier Cabeza de Vaca a la nueva presidenta de la SCJN fue el colmo del cinismo, pues un pr\u00f3fugo de la justicia, con ficha roja en la interpol se atrevi\u00f3 a felicitar a la nueva presidenta como lanzando el telegrama que el Poder Judicial es parte de su territorio.<\/p>\n\n\n\n<p class=\"wp-block-paragraph\">Lo verdaderamente importante es que Felipe Calder\u00f3n, Cabeza de Vaca, y los poderes locales y el Poder Judicial estar\u00e1n bajo el escrutinio de la sociedad que, de entrada, los repudia por sus actos criminales.<\/p>\n\n\n\n<p class=\"wp-block-paragraph\">Este a\u00f1o inici\u00f3 una nueva faceta del gobierno de la 4T. Vienen tiempos dif\u00edciles, pero tambi\u00e9n tiempos de cambios y de optimismo, seg\u00fan mi opini\u00f3n, que le dar\u00e1n un \u00e9nfasis&nbsp; a la captura de l\u00edderes del crimen organizado, pues las acciones de la fuerza p\u00fablica y las respuestas de los criminales &#8211;de las dimensiones que fueren&#8211; podr\u00e1n ser justificadas con base en la campa\u00f1a de tolerancia a la violencia que la derecha, sin propon\u00e9rselo, vacun\u00f3 al gobierno de Amlo, aqu\u00ed aplica aquello de que nadie sabe para qui\u00e9n trabaja.&nbsp;<\/p>\n\n\n\n<p class=\"wp-block-paragraph\">Ayer Twitter vivi\u00f3 el silencio de la derecha. Y tienen raz\u00f3n en callar, para ellos fue un d\u00eda triste.&nbsp;<\/p>\n\n\n\n<p class=\"wp-block-paragraph\">Lo positivo es que no se hayan atrevido a decir: \u201cyo soy Ovidio\u201d. Eso en s\u00ed mismo es una buena noticia.<\/p>\n<div class=\"fb-background-color\">\n\t\t\t  <div \n\t\t\t  \tclass = \"fb-comments\" \n\t\t\t  \tdata-href = \"https:\/\/diarioavanzada.com.mx\/?p=39155\"\n\t\t\t  \tdata-numposts = \"10\"\n\t\t\t  \tdata-lazy = \"true\"\n\t\t\t\tdata-colorscheme = \"light\"\n\t\t\t\tdata-order-by = \"social\"\n\t\t\t\tdata-mobile=true>\n\t\t\t  <\/div><\/div>\n\t\t  <style>\n\t\t    .fb-background-color {\n\t\t\t\tbackground:  !important;\n\t\t\t}\n\t\t\t.fb_iframe_widget_fluid_desktop iframe {\n\t\t\t    width: 100% !important;\n\t\t\t}\n\t\t  <\/style>\n\t\t  ","protected":false},"excerpt":{"rendered":"<p>Columna El puercoesp\u00edn&nbsp; La masacre del Cereso 3 en Chihuahua fue la gota que derram\u00f3 el vaso. El asesinato de 17 personas y la fuga de 30 reos de alto perfil delictivo motiv\u00f3 al\u00a0 Gobierno de M\u00e9xico a tomar la decisi\u00f3n de cambiar su estrategia de combate al narcotr\u00e1fico. Un elemento pol\u00edtico que aceler\u00f3 tambi\u00e9n [&hellip;]<\/p>\n","protected":false},"author":9,"featured_media":39156,"comment_status":"closed","ping_status":"closed","sticky":false,"template":"","format":"standard","meta":{"_coblocks_attr":"","_coblocks_dimensions":"","_coblocks_responsive_height":"","_coblocks_accordion_ie_support":"","advanced_seo_description":"","jetpack_seo_html_title":"","jetpack_seo_noindex":false,"jetpack_seo_schema_type":"","_jetpack_newsletter_access":"","_jetpack_dont_email_post_to_subs":false,"_jetpack_newsletter_tier_id":0,"_jetpack_memberships_contains_paywalled_content":false,"_wpcom_ai_launchpad_first_post":false,"_jetpack_feature_clip_id":0,"_jetpack_memberships_contains_paid_content":false,"footnotes":"","jetpack_post_was_ever_published":false},"categories":[19,209,24],"tags":[299,220,210,219,228],"class_list":["post-39155","post","type-post","status-publish","format-standard","has-post-thumbnail","hentry","category-colima","category-importantes","category-opinion","tag-homicidio","tag-opinion","tag-portada","tag-seguridad","tag-violencia"],"jetpack-related-posts":[],"jetpack_sharing_enabled":true,"amp_enabled":true,"jetpack_featured_media_url":"https:\/\/diarioavanzada.com.mx\/wp-content\/uploads\/2023\/01\/image-43.png","_links":{"self":[{"href":"https:\/\/diarioavanzada.com.mx\/index.php?rest_route=\/wp\/v2\/posts\/39155","targetHints":{"allow":["GET"]}}],"collection":[{"href":"https:\/\/diarioavanzada.com.mx\/index.php?rest_route=\/wp\/v2\/posts"}],"about":[{"href":"https:\/\/diarioavanzada.com.mx\/index.php?rest_route=\/wp\/v2\/types\/post"}],"author":[{"embeddable":true,"href":"https:\/\/diarioavanzada.com.mx\/index.php?rest_route=\/wp\/v2\/users\/9"}],"replies":[{"embeddable":true,"href":"https:\/\/diarioavanzada.com.mx\/index.php?rest_route=%2Fwp%2Fv2%2Fcomments&post=39155"}],"version-history":[{"count":1,"href":"https:\/\/diarioavanzada.com.mx\/index.php?rest_route=\/wp\/v2\/posts\/39155\/revisions"}],"predecessor-version":[{"id":39157,"href":"https:\/\/diarioavanzada.com.mx\/index.php?rest_route=\/wp\/v2\/posts\/39155\/revisions\/39157"}],"wp:featuredmedia":[{"embeddable":true,"href":"https:\/\/diarioavanzada.com.mx\/index.php?rest_route=\/wp\/v2\/media\/39156"}],"wp:attachment":[{"href":"https:\/\/diarioavanzada.com.mx\/index.php?rest_route=%2Fwp%2Fv2%2Fmedia&parent=39155"}],"wp:term":[{"taxonomy":"category","embeddable":true,"href":"https:\/\/diarioavanzada.com.mx\/index.php?rest_route=%2Fwp%2Fv2%2Fcategories&post=39155"},{"taxonomy":"post_tag","embeddable":true,"href":"https:\/\/diarioavanzada.com.mx\/index.php?rest_route=%2Fwp%2Fv2%2Ftags&post=39155"}],"curies":[{"name":"wp","href":"https:\/\/api.w.org\/{rel}","templated":true}]}}