{"id":39101,"date":"2023-01-04T06:33:47","date_gmt":"2023-01-04T12:33:47","guid":{"rendered":"https:\/\/diarioavanzada.com.mx\/?p=39101"},"modified":"2023-01-04T06:37:55","modified_gmt":"2023-01-04T12:37:55","slug":"tan-carece-la-fiscalia-de-todo-que-carece-de-fiscal","status":"publish","type":"post","link":"https:\/\/diarioavanzada.com.mx\/?p=39101","title":{"rendered":"Tan carece la Fiscal\u00eda de todo que carece de fiscal"},"content":{"rendered":"\n<p class=\"wp-block-paragraph\">Columna<br>El puercoesp\u00edn\u00a0<\/p>\n\n\n\n<p class=\"wp-block-paragraph\">La frase publicada en su feis por Griselda Mart\u00ednez, presidenta municipal de Manzanillo, es lapidaria porque describe con toda su crudeza y contundencia\u00a0 a todo el \u201cgobierno\u201d de Indi, la in\u00fatil, un gobierno que carece de agenda y que, poco a poco, ha venido agotando la paciencia de los colimenses.<\/p>\n\n\n\n<p class=\"wp-block-paragraph\">No hacen lo que deben hacer y hacen cosas que carecen de sentido y que tendr\u00e1n intrascendencia en la vida de los colimenses.<\/p>\n\n\n\n<p class=\"wp-block-paragraph\">Colima tiene un a\u00f1o bajo fuego intenso del crimen organizado y el gobierno local no ha querido, o no ha podido, instrumentar una m\u00ednima estrategia de seguridad que d\u00e9 resultados b\u00e1sicos que nos otorguen una m\u00ednima esperanza y se den visos de que la metralla y el acoso de los criminales ceder\u00e1 ante las acciones del gobierno.<\/p>\n\n\n\n<p class=\"wp-block-paragraph\">No hay estrategia local, y si la hay, \u00e9sta no ha funcionado. Pero tambi\u00e9n es preocupante que el gobierno estatal no tenga una agenda donde se defina lo prioritario y lo accesorio.<\/p>\n\n\n\n<p class=\"wp-block-paragraph\">Si hacemos una encuesta entre los funcionarios del gabinete dif\u00edcilmente atinar\u00edan a consensuar tres objetivos b\u00e1sicos en los que est\u00e9n enfocados todos en&nbsp; el gobierno, independientemente de sus objetivos espec\u00edficos y particulares de cada dependencia.<\/p>\n\n\n\n<p class=\"wp-block-paragraph\">Ni la misma gobernadora podr\u00eda definir tres objetivos prioritarios, ni ella misma lo podr\u00eda hacer, porque sencillamente no los tienen definidos ni les interesa definirlos. Su pr\u00e1ctica pol\u00edtica los evidencia.&nbsp;<\/p>\n\n\n\n<p class=\"wp-block-paragraph\">La Fiscal\u00eda con sus deshonrosa ineficiencia del 99 por ciento de casos irresolutos sigue actuando tan campante, y todav\u00eda peor, neg\u00e1ndose a rendir cuentas\u00a0 a los ciudadanos.<\/p>\n\n\n\n<p class=\"wp-block-paragraph\">Un ejemplo de pol\u00edticas evasivas&nbsp;<\/p>\n\n\n\n<p class=\"wp-block-paragraph\">El Instituto Colimense de la Mujeres es el paradigma de c\u00f3mo se instrumentan pol\u00edticas p\u00fablicas evasivas, que tan solo tienen el objetivo de justificar el gasto p\u00fablico y decir que est\u00e1n haciendo algo, cuando en realidad est\u00e1n evadiendo sus responsabilidades que la ley las mandatan dejando solas a las mujeres con sus problem\u00e1ticas end\u00e9micas, como el acoso, la violencia de g\u00e9nero, la falta de acompa\u00f1amiento, los asesinatos, entre otras cosas. Por cierto, Colima figura entre los primeros lugares nacionales de feminicidios y no se conoce una estrategia concreta contra este flagelo.<\/p>\n\n\n\n<p class=\"wp-block-paragraph\">En su paradigm\u00e1tica evasi\u00f3n las mujeres del Instituto est\u00e1n ahora en una \u00e9pica cruzada contra el amor rom\u00e1ntico o el romanticismo machista (Facebook 19 de diciembre de 2022. 17.12 horas ICM).<\/p>\n\n\n\n<p class=\"wp-block-paragraph\">Cuando, seg\u00fan yo, se deber\u00eda enfocar contra de las patolog\u00edas y las distorsiones sociales que se apoyan en el amor rom\u00e1ntico para ejercer violencia. Ir frontalmente contra el amor rom\u00e1ntico se entiende como que el amor es un problema y no una v\u00eda de apoyo para superar desviaciones y patolog\u00edas que se sustentan perversamente en el amor.<\/p>\n\n\n\n<p class=\"wp-block-paragraph\">En la novela <em>Crimen y Castigo<\/em> perteneciente al realismo ruso, y germen de la filosof\u00eda existencial, Dostoievski plantea magistralmente el porqu\u00e9 el amor es capaz de redimir a los seres humanos como sucede con los personajes de <em>Crimen y Castigo,<\/em> pues cuando el personaje principal, Rask\u00f3lnikov, reconoce su capacidad de amar a Sonia, ambos se redimen a trav\u00e9s del amor y comienzan una vida nueva.<\/p>\n\n\n\n<p class=\"wp-block-paragraph\">Este es solo un ejemplo de c\u00f3mo se ataca un valor humano universal bajo la consigna de una lucha contra la violencia que me parece francamente fallida que debe de reconsiderarse al atacar frontalmente el amor rom\u00e1ntico. Una cosa es el amor rom\u00e1ntico y otra cosa sus patolog\u00edas y distorsiones que son las que deben ponerse en debate.&nbsp;<\/p>\n\n\n\n<p class=\"wp-block-paragraph\">El Instituto se ve carente de recursos no solo econ\u00f3micos sino de ideas y estrategias que ponen en duda la viabilidad de las bur\u00f3cratas al frente de esta instituci\u00f3n.<\/p>\n\n\n\n<p class=\"wp-block-paragraph\">Ep\u00edlogo<\/p>\n\n\n\n<p class=\"wp-block-paragraph\">El gobierno estatal no tiene viabilidad y, lamentablemente, tampoco la est\u00e1 buscando y parafraseando&nbsp; Griselda Mart\u00ednez podemos decir que todo el gobierno donde destacan la Secretaria General de Gobierno, Seguridad, Fiscal\u00eda, Instituto de las Mujeres, Educaci\u00f3n, Trabajo, Econom\u00eda y Finanzas carecen de muchas cosas y, adem\u00e1s,&nbsp; de titulares capaces que las conduzcan con tino y eficiencia.&nbsp;<\/p>\n\n\n\n<p class=\"wp-block-paragraph\">No hay gobierno solo inercia de tareas que los trabajadores de base cumplen para que el gobierno del estado no colapse.&nbsp;<\/p>\n\n\n\n<p class=\"wp-block-paragraph\">Tan carecen de todo, en las dependencias del gobierno, que carecen de titulares.<\/p>\n<div class=\"fb-background-color\">\n\t\t\t  <div \n\t\t\t  \tclass = \"fb-comments\" \n\t\t\t  \tdata-href = \"https:\/\/diarioavanzada.com.mx\/?p=39101\"\n\t\t\t  \tdata-numposts = \"10\"\n\t\t\t  \tdata-lazy = \"true\"\n\t\t\t\tdata-colorscheme = \"light\"\n\t\t\t\tdata-order-by = \"social\"\n\t\t\t\tdata-mobile=true>\n\t\t\t  <\/div><\/div>\n\t\t  <style>\n\t\t    .fb-background-color {\n\t\t\t\tbackground:  !important;\n\t\t\t}\n\t\t\t.fb_iframe_widget_fluid_desktop iframe {\n\t\t\t    width: 100% !important;\n\t\t\t}\n\t\t  <\/style>\n\t\t  ","protected":false},"excerpt":{"rendered":"<p>ColumnaEl puercoesp\u00edn\u00a0 La frase publicada en su feis por Griselda Mart\u00ednez, presidenta municipal de Manzanillo, es lapidaria porque describe con toda su crudeza y contundencia\u00a0 a todo el \u201cgobierno\u201d de Indi, la in\u00fatil, un gobierno que carece de agenda y que, poco a poco, ha venido agotando la paciencia de los colimenses. No hacen lo [&hellip;]<\/p>\n","protected":false},"author":9,"featured_media":39102,"comment_status":"closed","ping_status":"closed","sticky":false,"template":"","format":"standard","meta":{"_coblocks_attr":"","_coblocks_dimensions":"","_coblocks_responsive_height":"","_coblocks_accordion_ie_support":"","advanced_seo_description":"","jetpack_seo_html_title":"","jetpack_seo_noindex":false,"jetpack_seo_schema_type":"","_jetpack_newsletter_access":"","_jetpack_dont_email_post_to_subs":false,"_jetpack_newsletter_tier_id":0,"_jetpack_memberships_contains_paywalled_content":false,"_wpcom_ai_launchpad_first_post":false,"_jetpack_feature_clip_id":0,"_jetpack_memberships_contains_paid_content":false,"footnotes":"","jetpack_post_was_ever_published":false},"categories":[19,209,24],"tags":[220,210],"class_list":["post-39101","post","type-post","status-publish","format-standard","has-post-thumbnail","hentry","category-colima","category-importantes","category-opinion","tag-opinion","tag-portada"],"jetpack-related-posts":[],"jetpack_sharing_enabled":true,"amp_enabled":true,"jetpack_featured_media_url":"https:\/\/diarioavanzada.com.mx\/wp-content\/uploads\/2023\/01\/image-23.png","_links":{"self":[{"href":"https:\/\/diarioavanzada.com.mx\/index.php?rest_route=\/wp\/v2\/posts\/39101","targetHints":{"allow":["GET"]}}],"collection":[{"href":"https:\/\/diarioavanzada.com.mx\/index.php?rest_route=\/wp\/v2\/posts"}],"about":[{"href":"https:\/\/diarioavanzada.com.mx\/index.php?rest_route=\/wp\/v2\/types\/post"}],"author":[{"embeddable":true,"href":"https:\/\/diarioavanzada.com.mx\/index.php?rest_route=\/wp\/v2\/users\/9"}],"replies":[{"embeddable":true,"href":"https:\/\/diarioavanzada.com.mx\/index.php?rest_route=%2Fwp%2Fv2%2Fcomments&post=39101"}],"version-history":[{"count":3,"href":"https:\/\/diarioavanzada.com.mx\/index.php?rest_route=\/wp\/v2\/posts\/39101\/revisions"}],"predecessor-version":[{"id":39105,"href":"https:\/\/diarioavanzada.com.mx\/index.php?rest_route=\/wp\/v2\/posts\/39101\/revisions\/39105"}],"wp:featuredmedia":[{"embeddable":true,"href":"https:\/\/diarioavanzada.com.mx\/index.php?rest_route=\/wp\/v2\/media\/39102"}],"wp:attachment":[{"href":"https:\/\/diarioavanzada.com.mx\/index.php?rest_route=%2Fwp%2Fv2%2Fmedia&parent=39101"}],"wp:term":[{"taxonomy":"category","embeddable":true,"href":"https:\/\/diarioavanzada.com.mx\/index.php?rest_route=%2Fwp%2Fv2%2Fcategories&post=39101"},{"taxonomy":"post_tag","embeddable":true,"href":"https:\/\/diarioavanzada.com.mx\/index.php?rest_route=%2Fwp%2Fv2%2Ftags&post=39101"}],"curies":[{"name":"wp","href":"https:\/\/api.w.org\/{rel}","templated":true}]}}