{"id":3903,"date":"2019-03-13T10:05:55","date_gmt":"2019-03-13T15:05:55","guid":{"rendered":"https:\/\/diarioavanzada.com.mx\/?p=3903"},"modified":"2019-03-13T10:05:55","modified_gmt":"2019-03-13T15:05:55","slug":"nadie-hace-nada-por-parar-esta-violencia-hermano-de-anciana-asesinada","status":"publish","type":"post","link":"https:\/\/diarioavanzada.com.mx\/?p=3903","title":{"rendered":"\u201cNadie hace nada por parar esta violencia\u201d: Hermano de anciana asesinada"},"content":{"rendered":"<p class=\"p1\">Colima, M\u00e9xico, Avanzada (12\/03\/2019).- Cerca de cien personas marcharon silenciosamente la noche de este martes con la exigencia de que se haga justicia en los casos de tres ancianas asesinadas, presuntamente con el m\u00f3vil de robo, entre los meses de diciembre y febrero en sus domicilios del primer cuadro de la ciudad.<\/p>\n<p class=\"p1\">La manifestaci\u00f3n fue convocada por familiares de la se\u00f1ora Raquel Hern\u00e1ndez, de 79 a\u00f1os de edad, quien fue privada de la vida el pasado 24 de febrero en su casa de la calle Matamoros, a un costado de la iglesia de El Refugio.<\/p>\n<p class=\"p1\">Antes, hab\u00edan sido asesinadas Consuelo, de 92 a\u00f1os, el pasado 1 de diciembre por la misma calle, y Teresa, de 86, el 1 de enero por la calle 27 de septiembre, todas con un modus operandi similar.<\/p>\n<p class=\"p1\">Los manifestantes, entre quienes participaron representantes del Centro de Apoyo a la Mujer (CAM) y del Observatorio Ciudadano Nacional del Feminicidio (OCNF), vest\u00edan en su mayor\u00eda con ropa blanca y portaban lonas y pancartas exigiendo poner alto a los feminicidios en Colima.<\/p>\n<p class=\"p1\">Al concluir la marcha, cuyo trayecto fue por la calle Madero, del jard\u00edn N\u00fa\u00f1ez al jard\u00edn Libertad, se realiz\u00f3 un mitin afuera del Palacio de Gobierno, donde el se\u00f1or Luis Fernando Hern\u00e1ndez Cervantes, hermano de Raquel, agradeci\u00f3 a quienes han acompa\u00f1ado a la familia en su dolor y expres\u00f3 su repudio a la violencia en el estado.<\/p>\n<p class=\"p1\">Mediante un altavoz, hizo un llamado a los tres niveles de gobierno a garantizar la seguridad de la poblaci\u00f3n, pues \u201cno es posible que nuestra entidad se encuentre en los primeros lugares de violencia a nivel nacional y no es posible que permanezcamos imp\u00e1vidos ante tanta violencia\u201d.<\/p>\n<p class=\"p1\">Con la voz entrecortada por el dolor, Hern\u00e1ndez Cervantes denunci\u00f3 que \u201cnadie hace nada por parar esta situaci\u00f3n que estamos viviendo, no es posible que haya m\u00e1s v\u00edctimas\u2026 en mi familia somos gente de paz, no le hacemos mal a nadie, somos originarios de Tonila, Jalisco, pero le hemos apostado a esta entidad\u201d.<\/p>\n<p class=\"p1\">Coment\u00f3 que por la estatura, la talla y la edad de su hermana, ella \u201cno pod\u00eda defenderse de lo que le sucedi\u00f3, una mujer que si me llegaba al hombro era mucho, de escasos cuarenta kilos de peso, que iba a cumplir 80 a\u00f1os de edad en el mes de julio\u201d.<\/p>\n<p class=\"p1\">En su intervenci\u00f3n, Mar\u00eda del Carmen Garc\u00eda Garc\u00eda, representante en Colima del OCNF, se\u00f1al\u00f3 que en los a\u00f1os 2017 y 2018 Colima se ha disputado el primero y el segundo lugar a nivel nacional con Baja California en relaci\u00f3n con la tasa de homicidios dolosos de mujeres.<\/p>\n<p class=\"p1\">Lo anterior, dijo, es grave sumado a que en la generalidad de los delitos contra las mujeres Colima destaca en casi todos los primeros lugares, de acuerdo con cifras del Secretariado Ejecutivo del Sistema Nacional de Seguridad P\u00fablica (SESNSP).<\/p>\n<p class=\"p1\">\u201cEs preocupante \u2014coment\u00f3 Mar\u00eda del Carmen Garc\u00eda\u2014<span class=\"Apple-converted-space\">\u00a0 <\/span>que existiendo una normatividad espec\u00edfica como tipo penal y protocolo en feminicidio para investigar las muertes violentas de mujeres, las instituciones encargadas no lo clasifiquen as\u00ed\u201d.<\/p>\n<p class=\"p1\">Puso como ejemplo que en 2018 hubo en Colima 79 asesinatos de mujeres, de los que s\u00f3lo 13 fueron clasificados como feminicidios, equivalentes a 16.45 por ciento.<\/p>\n<p class=\"p1\">Por su parte, Clementina Nava P\u00e9rez, representante del CAM, se\u00f1al\u00f3 que conforme a lo establecido en el art\u00edculo 124 del C\u00f3digo Penal del Estado los asesinatos de las tres ancianas tienen caracter\u00edsticas para ser clasificados como feminicidios, pues se cometieron aprovechando su condici\u00f3n de ser mujeres, de vivir o estar solas y de tener avanzada edad.<\/p>\n<p class=\"p1\">Expuso: \u201cNos duele la violencia en general y nos pone tristes que la inseguridad nos orille a encerrarnos en la casa d\u00eda y noche para no estar expuestas a la violencia que lacera a las familias, que viola sistem\u00e1ticamente los derechos humanos, principalmente el derecho a la vida, a la integridad personal, a la libertad y al acceso de las mujeres a la justicia\u201d.<\/p>\n<p class=\"p1\">Nava P\u00e9rez a\u00f1adi\u00f3 que cerrar las puertas de las casas \u201ces autoprotecci\u00f3n, es reconocer que pas\u00f3 algo muy grave y nos protegemos, pero la respuesta social a mediano y largo plazo no es el encierro, no podemos permitir que el tejido social se rompa m\u00e1s con la incomunicaci\u00f3n, la desconfianza y dejar que la impunidad perviva\u201d.<\/p>\n<p class=\"p1\">Concluy\u00f3: \u201cTenemos que recuperarnos, estrechar los lazos, es algo que todav\u00eda tendr\u00edamos que platicarlo entre vecinos, pero eso ser\u00e1 posible tambi\u00e9n cuando conozcamos que hay castigo para los que arrebataron la vida a estas tres mujeres, las cuales son, junto con muchas otras mujeres, m\u00e1rtires de la delincuencia y de la violencia\u201d.<\/p>\n<div class=\"fb-background-color\">\n\t\t\t  <div \n\t\t\t  \tclass = \"fb-comments\" \n\t\t\t  \tdata-href = \"https:\/\/diarioavanzada.com.mx\/?p=3903\"\n\t\t\t  \tdata-numposts = \"10\"\n\t\t\t  \tdata-lazy = \"true\"\n\t\t\t\tdata-colorscheme = \"light\"\n\t\t\t\tdata-order-by = \"social\"\n\t\t\t\tdata-mobile=true>\n\t\t\t  <\/div><\/div>\n\t\t  <style>\n\t\t    .fb-background-color {\n\t\t\t\tbackground:  !important;\n\t\t\t}\n\t\t\t.fb_iframe_widget_fluid_desktop iframe {\n\t\t\t    width: 100% !important;\n\t\t\t}\n\t\t  <\/style>\n\t\t  ","protected":false},"excerpt":{"rendered":"<p>Colima, M\u00e9xico, Avanzada (12\/03\/2019).- Cerca de cien personas marcharon silenciosamente la noche de este martes con la exigencia de que se haga justicia en los casos de tres ancianas asesinadas, presuntamente con el m\u00f3vil de robo, entre los meses de diciembre y febrero en sus domicilios del primer cuadro de la ciudad. La manifestaci\u00f3n fue [&hellip;]<\/p>\n","protected":false},"author":6,"featured_media":3901,"comment_status":"open","ping_status":"open","sticky":false,"template":"","format":"standard","meta":{"_coblocks_attr":"","_coblocks_dimensions":"","_coblocks_responsive_height":"","_coblocks_accordion_ie_support":"","_crdt_document":"","advanced_seo_description":"","jetpack_seo_html_title":"","jetpack_seo_noindex":false,"_jetpack_memberships_contains_paid_content":false,"footnotes":""},"categories":[29],"tags":[],"class_list":["post-3903","post","type-post","status-publish","format-standard","has-post-thumbnail","hentry","category-sociedad"],"jetpack_featured_media_url":"https:\/\/diarioavanzada.com.mx\/wp-content\/uploads\/2019\/03\/5411C698-65CA-4332-9BFF-E24680378F15.png","jetpack-related-posts":[],"jetpack_sharing_enabled":true,"amp_enabled":true,"_links":{"self":[{"href":"https:\/\/diarioavanzada.com.mx\/index.php?rest_route=\/wp\/v2\/posts\/3903","targetHints":{"allow":["GET"]}}],"collection":[{"href":"https:\/\/diarioavanzada.com.mx\/index.php?rest_route=\/wp\/v2\/posts"}],"about":[{"href":"https:\/\/diarioavanzada.com.mx\/index.php?rest_route=\/wp\/v2\/types\/post"}],"author":[{"embeddable":true,"href":"https:\/\/diarioavanzada.com.mx\/index.php?rest_route=\/wp\/v2\/users\/6"}],"replies":[{"embeddable":true,"href":"https:\/\/diarioavanzada.com.mx\/index.php?rest_route=%2Fwp%2Fv2%2Fcomments&post=3903"}],"version-history":[{"count":0,"href":"https:\/\/diarioavanzada.com.mx\/index.php?rest_route=\/wp\/v2\/posts\/3903\/revisions"}],"wp:featuredmedia":[{"embeddable":true,"href":"https:\/\/diarioavanzada.com.mx\/index.php?rest_route=\/wp\/v2\/media\/3901"}],"wp:attachment":[{"href":"https:\/\/diarioavanzada.com.mx\/index.php?rest_route=%2Fwp%2Fv2%2Fmedia&parent=3903"}],"wp:term":[{"taxonomy":"category","embeddable":true,"href":"https:\/\/diarioavanzada.com.mx\/index.php?rest_route=%2Fwp%2Fv2%2Fcategories&post=3903"},{"taxonomy":"post_tag","embeddable":true,"href":"https:\/\/diarioavanzada.com.mx\/index.php?rest_route=%2Fwp%2Fv2%2Ftags&post=3903"}],"curies":[{"name":"wp","href":"https:\/\/api.w.org\/{rel}","templated":true}]}}