{"id":3887,"date":"2019-03-12T16:33:24","date_gmt":"2019-03-12T21:33:24","guid":{"rendered":"https:\/\/diarioavanzada.com.mx\/?p=3887"},"modified":"2019-03-12T16:33:24","modified_gmt":"2019-03-12T21:33:24","slug":"practicas-sociales-y-simbolicas-nos-hacen-hombres-y-mujeres-lourdes-pacheco","status":"publish","type":"post","link":"https:\/\/diarioavanzada.com.mx\/?p=3887","title":{"rendered":"Pr\u00e1cticas sociales y simb\u00f3licas nos hacen hombres y mujeres: Lourdes Pacheco"},"content":{"rendered":"<p class=\"p1\">Colima, M\u00e9xico, Comunicado (12\/03\/2019).- \u201cLa fragilidad de la mariposa: Transformar lo pr\u00f3ximo para cambiar el vuelo\u201d fue el t\u00edtulo de la conferencia que imparti\u00f3 la investigadora de la Universidad Aut\u00f3noma de Nayarit, Lourdes Pacheco Ladr\u00f3n de Guevara, por el D\u00eda Internacional de las Mujeres, en el Auditorio \u201cCarlos de la Madrid\u201d de la Universidad de Colima.<\/p>\n<p class=\"p1\">En representaci\u00f3n del rector de la UdeC, Jos\u00e9 Eduardo Hern\u00e1ndez Nava asisti\u00f3 a la conferencia la delegada del campus Colima, Priscilia \u00c1lvarez Guti\u00e9rrez, quien dijo que este d\u00eda \u201cobliga a reflexionar sobre los avances logrados en el reconocimiento de los Derecho Humanos de las mujeres, y tambi\u00e9n sobre los temas que a\u00fan siguen pendientes\u201d.<\/p>\n<p class=\"p1\">Reconstruir la memoria hist\u00f3rica, se\u00f1al\u00f3, \u201cnos hace part\u00edcipes de la transformaci\u00f3n porque nos impulsa a tomar acciones para contribuir a la soluci\u00f3n de estas problem\u00e1ticas que a\u00fan persisten\u201d.<\/p>\n<p class=\"p1\">Asimismo, manifest\u00f3 que la educaci\u00f3n \u201ces el eje de la transformaci\u00f3n\u201d, de ah\u00ed la importancia de que la perspectiva de g\u00e9nero se aborde de manera trasversal para que se establezcan estrategias que favorezcan y promuevan la igual de derechos y oportunidades entre mujeres y hombres.<\/p>\n<p class=\"p1\">\u201cLa UdeC, comprometida con la responsabilidad social, no es ajena a esta prioridad; por ello, la sensibilizaci\u00f3n de la comunidad universitaria sobre los derechos humanos de las mujeres resulta una de las acciones primordiales para la formaci\u00f3n de ciudadan\u00eda informada y comprometida con el entorno social\u201d, agreg\u00f3.<\/p>\n<p class=\"p1\">En su conferencia, Lourdes Pacheco se\u00f1al\u00f3 que desde el nacimiento comienzan una serie de aprendizajes simb\u00f3licos que se interiorizan y se destacan en la comunidad donde se socializa, como la familia y la escuela y que, \u201ca trav\u00e9s de estos significados simb\u00f3licos y pr\u00e1cticas diarias, nos convertimos en hombres y mujeres\u201d, dijo.<\/p>\n<p class=\"p1\">Coment\u00f3 que, para las mujeres, el aprendizaje de consentimiento de la fragilidad se da gracias a las siguientes formas de presentaci\u00f3n de lo femenino: la sumisi\u00f3n, abnegaci\u00f3n y la falta de poder: \u201cNo me refiero a la falta de poder p\u00fablico, sino a que las mujeres no pueden decidir sobre su propio cuerpo, vida, destino, etc\u00e9tera\u201d.<\/p>\n<p class=\"p1\">Por ejemplo, dijo que en las im\u00e1genes de las v\u00edrgenes se marca la cuesti\u00f3n de la sumisi\u00f3n, pues por lo general se presentan con ojos llorosos o posturas implorantes y vinculadas con la maternidad.<\/p>\n<p class=\"p1\">En su disertaci\u00f3n, analiz\u00f3 el orden de g\u00e9nero que se aprende en la escuela mediante tres libros de texto gratuito de diferentes d\u00e9cadas, donde se establecen los roles de cada uno de los integrantes de la familia, y se ense\u00f1a a las ni\u00f1as cu\u00e1l es su lugar en el hogar, \u201cpues siempre hacen ellas los quehaceres de la casa\u201d.<\/p>\n<p class=\"p1\">Manifest\u00f3 que, en la actualidad, en la educaci\u00f3n b\u00e1sica, la matr\u00edcula escolar es fundamentalmente femenina, pero que los responsables no se dan cuenta de ello y siguen estableciendo al ni\u00f1o como el sujeto de la educaci\u00f3n.<\/p>\n<p class=\"p1\">Asimismo, Lourdes Pacheco coment\u00f3 que \u201cestamos educados y educadas en un orden de g\u00e9nero; en la sociedad tradicional el hombre es el proveedor, es padre de familia, y despu\u00e9s de Dios est\u00e1 el hombre. En la sociedad moderna, es el jefe de familia y hace lo importante. Las mujeres ya pueden salir a las calles a trabajar, pero a trabajos que les corresponden a las mujeres: enfermeras, profesoras\u2026\u201d.<\/p>\n<p class=\"p1\">Por \u00faltimo, indic\u00f3 que ahora, en la sociedad globalizada, se tienen modelos globalizados: \u201cYa no se sabe exactamente cu\u00e1les son los l\u00edmites entre hombres y mujeres; hay nuevos imaginarios y nos fundamentamos en un discurso de derechos\u201d, afirm\u00f3.<\/p>\n<p class=\"p1\">Cabe destacar que este evento fue organizado por la ACU, la FEUC, FEC y el Centro Universitarios de Estudios de G\u00e9nero de la Universidad de Colima, con la finalidad de sensibilizar a los universitarios sobre los derechos humanos de las mujer<\/p>\n<p class=\"p3\"><span class=\"Apple-converted-space\">\u00a0\u00a0 \u00a0<\/span><\/p>\n<p class=\"p4\"><span class=\"Apple-converted-space\">\u00a0\u00a0<\/span><\/p>\n<div class=\"fb-background-color\">\n\t\t\t  <div \n\t\t\t  \tclass = \"fb-comments\" \n\t\t\t  \tdata-href = \"https:\/\/diarioavanzada.com.mx\/?p=3887\"\n\t\t\t  \tdata-numposts = \"10\"\n\t\t\t  \tdata-lazy = \"true\"\n\t\t\t\tdata-colorscheme = \"light\"\n\t\t\t\tdata-order-by = \"social\"\n\t\t\t\tdata-mobile=true>\n\t\t\t  <\/div><\/div>\n\t\t  <style>\n\t\t    .fb-background-color {\n\t\t\t\tbackground:  !important;\n\t\t\t}\n\t\t\t.fb_iframe_widget_fluid_desktop iframe {\n\t\t\t    width: 100% !important;\n\t\t\t}\n\t\t  <\/style>\n\t\t  ","protected":false},"excerpt":{"rendered":"<p>Colima, M\u00e9xico, Comunicado (12\/03\/2019).- \u201cLa fragilidad de la mariposa: Transformar lo pr\u00f3ximo para cambiar el vuelo\u201d fue el t\u00edtulo de la conferencia que imparti\u00f3 la investigadora de la Universidad Aut\u00f3noma de Nayarit, Lourdes Pacheco Ladr\u00f3n de Guevara, por el D\u00eda Internacional de las Mujeres, en el Auditorio \u201cCarlos de la Madrid\u201d de la Universidad de [&hellip;]<\/p>\n","protected":false},"author":7,"featured_media":3888,"comment_status":"open","ping_status":"open","sticky":false,"template":"","format":"standard","meta":{"_coblocks_attr":"","_coblocks_dimensions":"","_coblocks_responsive_height":"","_coblocks_accordion_ie_support":"","_crdt_document":"","advanced_seo_description":"","jetpack_seo_html_title":"","jetpack_seo_noindex":false,"_jetpack_memberships_contains_paid_content":false,"footnotes":""},"categories":[25],"tags":[],"class_list":["post-3887","post","type-post","status-publish","format-standard","has-post-thumbnail","hentry","category-cultura"],"jetpack_featured_media_url":"https:\/\/diarioavanzada.com.mx\/wp-content\/uploads\/2019\/03\/Dictan_conferencia_La_fragilidad_de_la_mariposa.jpg","jetpack-related-posts":[],"jetpack_sharing_enabled":true,"amp_enabled":true,"_links":{"self":[{"href":"https:\/\/diarioavanzada.com.mx\/index.php?rest_route=\/wp\/v2\/posts\/3887","targetHints":{"allow":["GET"]}}],"collection":[{"href":"https:\/\/diarioavanzada.com.mx\/index.php?rest_route=\/wp\/v2\/posts"}],"about":[{"href":"https:\/\/diarioavanzada.com.mx\/index.php?rest_route=\/wp\/v2\/types\/post"}],"author":[{"embeddable":true,"href":"https:\/\/diarioavanzada.com.mx\/index.php?rest_route=\/wp\/v2\/users\/7"}],"replies":[{"embeddable":true,"href":"https:\/\/diarioavanzada.com.mx\/index.php?rest_route=%2Fwp%2Fv2%2Fcomments&post=3887"}],"version-history":[{"count":0,"href":"https:\/\/diarioavanzada.com.mx\/index.php?rest_route=\/wp\/v2\/posts\/3887\/revisions"}],"wp:featuredmedia":[{"embeddable":true,"href":"https:\/\/diarioavanzada.com.mx\/index.php?rest_route=\/wp\/v2\/media\/3888"}],"wp:attachment":[{"href":"https:\/\/diarioavanzada.com.mx\/index.php?rest_route=%2Fwp%2Fv2%2Fmedia&parent=3887"}],"wp:term":[{"taxonomy":"category","embeddable":true,"href":"https:\/\/diarioavanzada.com.mx\/index.php?rest_route=%2Fwp%2Fv2%2Fcategories&post=3887"},{"taxonomy":"post_tag","embeddable":true,"href":"https:\/\/diarioavanzada.com.mx\/index.php?rest_route=%2Fwp%2Fv2%2Ftags&post=3887"}],"curies":[{"name":"wp","href":"https:\/\/api.w.org\/{rel}","templated":true}]}}