{"id":38858,"date":"2022-12-21T08:37:43","date_gmt":"2022-12-21T14:37:43","guid":{"rendered":"https:\/\/diarioavanzada.com.mx\/?p=38858"},"modified":"2022-12-21T08:37:50","modified_gmt":"2022-12-21T14:37:50","slug":"indice-del-estado-de-derecho-en-colima","status":"publish","type":"post","link":"https:\/\/diarioavanzada.com.mx\/?p=38858","title":{"rendered":"\u00cdndice del estado de derecho en Colima"},"content":{"rendered":"\n<p class=\"wp-block-paragraph\">Columna<\/p>\n\n\n\n<p class=\"wp-block-paragraph\">El puercoesp\u00edn\u00a0<\/p>\n\n\n\n<p class=\"wp-block-paragraph\">El estado de derecho es un principio de gobernanza en el que todas las personas, instituciones y entidades est\u00e1n sujetas al cumplimiento de la ley, la cual es respetuosa de los derechos humanos y se aplica de forma equitativa, justa y eficiente; es un principio rector que vincula a autoridades y ciudadan\u00eda mediante el establecimiento de derechos, obligaciones y l\u00edmites para que las personas puedan vivir en armon\u00eda, acceder a mejores oportunidades, participar en las decisiones de sus comunidades, y disfrutar de una vida y un patrimonio seguros; es uno de los pilares sobre los cuales las sociedades pueden impulsar la igualdad de oportunidades, el desarrollo sostenible, la democracia efectiva y la paz.<\/p>\n\n\n\n<p class=\"wp-block-paragraph\">As\u00ed lo defini\u00f3 el estado de derecho Alejandro Ponce quien realiz\u00f3 el estudio en M\u00e9xico para World Justice Project. En dicho estudio se confirman las percepciones que las encuestadoras han publicado del estado de Colima. Y que se siente y respira en Colima.<\/p>\n\n\n\n<p class=\"wp-block-paragraph\">En los ocho factores que se evaluaron, el estado de Colima, en dos sale mal, en tres muy mal y en tres m\u00e1s catastr\u00f3fico.&nbsp;<\/p>\n\n\n\n<p class=\"wp-block-paragraph\">De acuerdo con el estudio, Colima perdi\u00f3 .02 puntos en relaci\u00f3n al periodo 2020-2021 lo que lo ubica en el lugar 17 de todos los estados con un puntaje de .40 puntos cuando el promedio es de .41 puntos. Esto significa que el estado de derecho se deterior\u00f3 en el actual periodo de 2021-2022.<\/p>\n\n\n\n<p class=\"wp-block-paragraph\">El \u00cdndice ofrece nuevos datos organizados en ocho factores que enmarcan el concepto de estado de derecho: l\u00edmites al poder gubernamental, ausencia de corrupci\u00f3n, gobierno abierto, derechos fundamentales, orden y seguridad, cumplimiento regulatorio, justicia civil y justicia penal. Estos factores se desagregan en 42 sub-factores. Los puntajes de esta edici\u00f3n reflejan las perspectivas y experiencias de m\u00e1s de 12,800 personas en todo el pa\u00eds y de 2,100 especialistas en justicia civil, justicia penal, justicia laboral y salud p\u00fablica, adem\u00e1s de los resultados de una multiplicidad de encuestas y bases de datos sobre estos temas (fuentes terciarias).<\/p>\n\n\n\n<p class=\"wp-block-paragraph\">Los puntajes generales cayeron en 14 entidades (Campeche, Chiapas, Ciudad de M\u00e9xico, Coahuila, Colima, Guerrero, Hidalgo, Michoac\u00e1n, Morelos, Nayarit, Oaxaca, San Luis Potos\u00ed, Sonora y Tabasco), subieron en seis (Durango, Guanajuato, Nuevo Le\u00f3n, Quer\u00e9taro, Sinaloa y Tamaulipas), y permanecieron sin cambio en 12 (Aguascalientes, Baja California, Baja California Sur, Chihuahua, Estado de M\u00e9xico, Jalisco, Puebla, Quintana Roo, Tlaxcala, Veracruz, Yucat\u00e1n y Zacatecas).<\/p>\n\n\n\n<p class=\"wp-block-paragraph\">El puntaje de los l\u00edmites al poder gubernamental baj\u00f3 en 17 estados del pa\u00eds (Aguascalientes, Baja California, Ciudad de M\u00e9xico, Coahuila, Colima, Estado de M\u00e9xico, Hidalgo, Jalisco, Morelos, Nayarit, Oaxaca, Quintana Roo, San Luis Potos\u00ed, Sinaloa, Sonora, Tabasco y Zacatecas) y permaneci\u00f3 sin cambios en 9 (Baja California Sur, Campeche, Chiapas, Guanajuato, Guerrero, Michoac\u00e1n, Nuevo Le\u00f3n, Puebla y Tlaxcala). Estas ca\u00eddas se explican por dos tendencias. La primera es el debilitamiento del Poder Legislativo local y del Poder Judicial para actuar como contrapesos eficaces al Ejecutivo estatal. En Colima todos hemos visto como Viridiana Valencia, en su momento, y en la actualidad Armando Reyna Maga\u00f1a y sus compa\u00f1eros de Morena han convertido el Congreso en un grupo de subordinados al Ejecutivo que nada hacen para mejorar los asuntos de la actividad p\u00fablica. El Poder Judicial est\u00e1 lleno de corrupci\u00f3n donde los acosos hacia las mujeres y el sexo como moneda de cambio son un esc\u00e1ndalo, el sometimiento del Poder Judicial es la l\u00f3gica consecuente para que las cosas sigan igual. Lo cual deteriora el equilibrio de poderes y, b\u00e1sicamente, ponerle l\u00edmites al Poder Ejecutivo.<\/p>\n\n\n\n<p class=\"wp-block-paragraph\">Colima, particularmente en el factor de orden y seguridad, apenas si alcanza un puntaje de 0.32 puntos los que lo ubica dentro el lugar n\u00famero 24 de todos los estados, lo que confirma que en Colima las polic\u00edas estatales, municipales y la Fiscal\u00eda son un desastre y los n\u00fameros&nbsp; lo confirman, no se trata ya una medici\u00f3n de percepci\u00f3n, sino tambi\u00e9n de eficiencia y logros. Colima en el factor de seguridad y orden es un desastre. Por otro lado, la efectividad de las investigaciones hechas por la polic\u00eda y el Ministerio P\u00fablico contin\u00faa siendo el mayor reto en materia de Justicia Penal, muestra de ello es la cifra negra \u2013los delitos que no se denuncian\u2013 la cual lleg\u00f3 al 93.3 % en el pa\u00eds, seg\u00fan la Encuesta Nacional de Victimizaci\u00f3n y Percepci\u00f3n sobre Seguridad P\u00fablica (ENVIPE) 2021 del INEGI.<\/p>\n\n\n\n<p class=\"wp-block-paragraph\">En el \u00e1rea de la Justicia Penal cayeron los \u00edndices en 14 estados del pa\u00eds (Aguascalientes, Campeche, Chihuahua, Colima, Coahuila, Estado de M\u00e9xico, Guerrero, Hidalgo, Morelos, Nayarit, Puebla, San Luis Potos\u00ed, Sonora y Tabasco). Otro punto negativo del gobierno actual de Colima.<\/p>\n\n\n\n<p class=\"wp-block-paragraph\">Colima se encuentra entre los estados que est\u00e1n deteriorando su estado de derecho y los factores m\u00e1s importantes que contribuyeron a ello son: un deterioro en el equilibrio de poderes, empeoramiento de la aplicaciones de planes del orden y seguridad, o sea, de los aparatos de seguridad locales y la corrupci\u00f3n.<\/p>\n\n\n\n<p class=\"wp-block-paragraph\">Por eso en Colima el gobierno sigue en su escape constante de la existencia para no enfrentar los problemas reales.&nbsp;<\/p>\n\n\n\n<p class=\"wp-block-paragraph\">Las cifras y los estudios ya est\u00e1n demostrando lo que los colimenses vivimos a diario: descomposici\u00f3n de los Poderes P\u00fablicos; ineficacia se los aparatos de seguridad y el nulo combate a la corrupci\u00f3n.<\/p>\n\n\n\n<p class=\"wp-block-paragraph\">El crecimiento de la cifra negra de los delitos &#8211;cr\u00edmenes no denunciados&#8211; y la baj\u00edsima efectividad para resolver los denunciados (apenas resuelven el uno por ciento) tienen a Colima en jaque y a los colimenses al borde de un ataque de nervios.&nbsp;<\/p>\n<div class=\"fb-background-color\">\n\t\t\t  <div \n\t\t\t  \tclass = \"fb-comments\" \n\t\t\t  \tdata-href = \"https:\/\/diarioavanzada.com.mx\/?p=38858\"\n\t\t\t  \tdata-numposts = \"10\"\n\t\t\t  \tdata-lazy = \"true\"\n\t\t\t\tdata-colorscheme = \"light\"\n\t\t\t\tdata-order-by = \"social\"\n\t\t\t\tdata-mobile=true>\n\t\t\t  <\/div><\/div>\n\t\t  <style>\n\t\t    .fb-background-color {\n\t\t\t\tbackground:  !important;\n\t\t\t}\n\t\t\t.fb_iframe_widget_fluid_desktop iframe {\n\t\t\t    width: 100% !important;\n\t\t\t}\n\t\t  <\/style>\n\t\t  ","protected":false},"excerpt":{"rendered":"<p>Columna El puercoesp\u00edn\u00a0 El estado de derecho es un principio de gobernanza en el que todas las personas, instituciones y entidades est\u00e1n sujetas al cumplimiento de la ley, la cual es respetuosa de los derechos humanos y se aplica de forma equitativa, justa y eficiente; es un principio rector que vincula a autoridades y ciudadan\u00eda [&hellip;]<\/p>\n","protected":false},"author":9,"featured_media":38861,"comment_status":"closed","ping_status":"closed","sticky":false,"template":"","format":"standard","meta":{"_coblocks_attr":"","_coblocks_dimensions":"","_coblocks_responsive_height":"","_coblocks_accordion_ie_support":"","advanced_seo_description":"","jetpack_seo_html_title":"","jetpack_seo_noindex":false,"jetpack_seo_schema_type":"","_jetpack_newsletter_access":"","_jetpack_dont_email_post_to_subs":false,"_jetpack_newsletter_tier_id":0,"_jetpack_memberships_contains_paywalled_content":false,"_wpcom_ai_launchpad_first_post":false,"_jetpack_feature_clip_id":0,"_jetpack_memberships_contains_paid_content":false,"footnotes":"","jetpack_post_was_ever_published":false},"categories":[19,209,24],"tags":[220,210],"class_list":["post-38858","post","type-post","status-publish","format-standard","has-post-thumbnail","hentry","category-colima","category-importantes","category-opinion","tag-opinion","tag-portada"],"jetpack-related-posts":[],"jetpack_sharing_enabled":true,"amp_enabled":true,"jetpack_featured_media_url":"https:\/\/diarioavanzada.com.mx\/wp-content\/uploads\/2022\/12\/Justicia.jpg","_links":{"self":[{"href":"https:\/\/diarioavanzada.com.mx\/index.php?rest_route=\/wp\/v2\/posts\/38858","targetHints":{"allow":["GET"]}}],"collection":[{"href":"https:\/\/diarioavanzada.com.mx\/index.php?rest_route=\/wp\/v2\/posts"}],"about":[{"href":"https:\/\/diarioavanzada.com.mx\/index.php?rest_route=\/wp\/v2\/types\/post"}],"author":[{"embeddable":true,"href":"https:\/\/diarioavanzada.com.mx\/index.php?rest_route=\/wp\/v2\/users\/9"}],"replies":[{"embeddable":true,"href":"https:\/\/diarioavanzada.com.mx\/index.php?rest_route=%2Fwp%2Fv2%2Fcomments&post=38858"}],"version-history":[{"count":1,"href":"https:\/\/diarioavanzada.com.mx\/index.php?rest_route=\/wp\/v2\/posts\/38858\/revisions"}],"predecessor-version":[{"id":38862,"href":"https:\/\/diarioavanzada.com.mx\/index.php?rest_route=\/wp\/v2\/posts\/38858\/revisions\/38862"}],"wp:featuredmedia":[{"embeddable":true,"href":"https:\/\/diarioavanzada.com.mx\/index.php?rest_route=\/wp\/v2\/media\/38861"}],"wp:attachment":[{"href":"https:\/\/diarioavanzada.com.mx\/index.php?rest_route=%2Fwp%2Fv2%2Fmedia&parent=38858"}],"wp:term":[{"taxonomy":"category","embeddable":true,"href":"https:\/\/diarioavanzada.com.mx\/index.php?rest_route=%2Fwp%2Fv2%2Fcategories&post=38858"},{"taxonomy":"post_tag","embeddable":true,"href":"https:\/\/diarioavanzada.com.mx\/index.php?rest_route=%2Fwp%2Fv2%2Ftags&post=38858"}],"curies":[{"name":"wp","href":"https:\/\/api.w.org\/{rel}","templated":true}]}}