{"id":38815,"date":"2022-12-20T08:08:05","date_gmt":"2022-12-20T14:08:05","guid":{"rendered":"https:\/\/diarioavanzada.com.mx\/?p=38815"},"modified":"2022-12-20T08:08:12","modified_gmt":"2022-12-20T14:08:12","slug":"encerrados-a-piedra-y-lodo","status":"publish","type":"post","link":"https:\/\/diarioavanzada.com.mx\/?p=38815","title":{"rendered":"Encerrados a piedra y lodo"},"content":{"rendered":"\n<p class=\"wp-block-paragraph\">Columna<\/p>\n\n\n\n<p class=\"wp-block-paragraph\">El puercoesp\u00edn&nbsp;<\/p>\n\n\n\n<p class=\"wp-block-paragraph\">La gente tuvo que tomar el libramiento Ejercito Nacional para que la Fiscal\u00eda los escuchara y tomara cartas en el asunto y buscara a sus familiares.<\/p>\n\n\n\n<p class=\"wp-block-paragraph\">La zona metropolitana se inund\u00f3 de tr\u00e1fico pesado y todos estuvimos en peligro. Las personas ofendidas hab\u00edan logrado su objetivo,&nbsp; ser escuchadas.<\/p>\n\n\n\n<p class=\"wp-block-paragraph\">Y luego Fiscal\u00eda General del Estado tom\u00f3 cartas en el asunto. Sus decisiones fueron fulminantes, reprimir a los manifestantes e iniciarles carpetas de investigaci\u00f3n para que no lo volvieran hacer. F\u00e1cil, en lugar de trabajar optaron por reprimir.<\/p>\n\n\n\n<p class=\"wp-block-paragraph\">Los ciudadanos&nbsp; presionaron para que la Fiscal\u00eda cumpliera con la ley y rindiera un informe frente al Congreso y lo hizo, pero los muy sinverg\u00fcenzas lo hicieron en privado.&nbsp;<\/p>\n\n\n\n<p class=\"wp-block-paragraph\">Para los ciudadanos est\u00e1 claro que la Fiscal\u00eda no tiene la m\u00ednima intenci\u00f3n de procurar justicia, pues de cien casos solo resuelve uno.<\/p>\n\n\n\n<p class=\"wp-block-paragraph\">Los ofendidos por tener un&nbsp; familiar desaparecido tienen que aguantarse porque su familiar no ser\u00e1 buscado y h\u00e1ganle como quieran, su familiar seguir\u00e1 desaparecido. La Fiscal\u00eda no sabemos qu\u00e9 est\u00e1 haciendo, pero buscando a los desaparecidos no, eso es seguro.<\/p>\n\n\n\n<p class=\"wp-block-paragraph\">Los familiares de una mujer muerta deben resignarse a tragarse su dolor y olvidarse de la justicia porque en Colima la Fiscal\u00eda no tiene tiempo de procurar justicia. El dolor de las mujeres muertas les importa un bledo. Ellos est\u00e1n felices cobrando altos salarios que es lo importante.<\/p>\n\n\n\n<p class=\"wp-block-paragraph\">Las familias que viven el infierno de la violencia intrafamiliar deben asumir que el destino as\u00ed lo quiso y la violencia pervivir\u00e1 en sus hogares porque la Fiscal\u00eda, no sabemos qu\u00e9 est\u00e1 haciendo, porque procurar justicia no.<\/p>\n\n\n\n<p class=\"wp-block-paragraph\">Humillados y ofendidos<\/p>\n\n\n\n<p class=\"wp-block-paragraph\">Quienes han iniciado un verdadero calvario son las personas defraudadas por Axel Capital y no lo digo por el dinero del que fueron despojados, sino por el trato inhumano y grosero que les est\u00e1 dando la Fiscal\u00eda del estado, cuyo titular es el ahijado de la gobernadora in\u00fatil que cada d\u00eda que pasa parece esmerarse m\u00e1s por honrar el mote de in\u00fatil que le ha dado el pueblo de Colima.<\/p>\n\n\n\n<p class=\"wp-block-paragraph\">Las personas defraudadas por Axel Capital primero tuvieron que recurrir ante el secretario de Gobernaci\u00f3n para ser atendidos porque para el fiscal de Colima no son prioridad. Hab\u00edan puesto sus denuncias, pero la fiscal\u00eda fiel a sus principios, no hizo ni hace nada porque est\u00e1 m\u00e1s que claro que los ciudadanos es su \u00faltima prioridad.<\/p>\n\n\n\n<p class=\"wp-block-paragraph\">No busca a los desaparecidos, supongo que no son su prioridad.<\/p>\n\n\n\n<p class=\"wp-block-paragraph\">No investiga ni busca castigo para los asesinatos, supongo que no son su prioridad.<\/p>\n\n\n\n<p class=\"wp-block-paragraph\">No investiga ni busca castigo para los feminicidas, supongo que no son prioridad.<\/p>\n\n\n\n<p class=\"wp-block-paragraph\">La estad\u00edsticas lo confirman nada parece ser prioridad para la Fiscal\u00eda, pues el 99 % de los asesinatos no son resueltos.<\/p>\n\n\n\n<p class=\"wp-block-paragraph\">El secretario de Gobernaci\u00f3n del Gobierno de M\u00e9xico gir\u00f3 instrucciones para que los defraudados por Axel Capital fueran atendidos; sin embargo, a pesar de haber pedido audiencia, a pesar de tender programada una audiencia para ser recibidos, el d\u00eda de ayer a las dos en punto de la tarde fueron informados que no ser\u00eda recibidos por el procurador porque no son prioridad. Se trataba de la segunda vez que les cancelaba la audiencia, as\u00ed arbitrariamente, por un funcionario indolente.<\/p>\n\n\n\n<p class=\"wp-block-paragraph\">\u00bfQu\u00e9 es lo prioritario para la Fiscal\u00eda? Tomarse selfis, navegar en las aplicaciones de la inteligencia artificial para elaborarse afiches, nadar desnudos en los r\u00edos del estado.&nbsp;<\/p>\n\n\n\n<p class=\"wp-block-paragraph\">Los defraudados por Axel Capital, seg\u00fan la Fiscal\u00eda, no merecen ser atendidos ni recibidos porque algo m\u00e1s importante tienen que hacer.<\/p>\n\n\n\n<p class=\"wp-block-paragraph\">Por qu\u00e9 insultan, humillan y ofenden a los ciudadanos que precisan de sus servicios y sus atenci\u00f3n en un trance tan dif\u00edcil.<\/p>\n\n\n\n<p class=\"wp-block-paragraph\">Se esconden para no dar informes, se esconden de los ciudadanos para no hacer su trabajo.<\/p>\n\n\n\n<p class=\"wp-block-paragraph\">\u00bfQu\u00e9 carajos est\u00e1n haciendo? Esa es la pregunta que los colimenses nos hacemos. Qu\u00e9 est\u00e1n haciendo.<\/p>\n\n\n\n<p class=\"wp-block-paragraph\">Ahora los ciudadanos como los defraudados por Axel Capital ni manifestarse pueden porque si llegan a tomar el libramiento saben que ser\u00e1 reprimidos por una gobernadora in\u00fatil, que sabr\u00e1 dios que hace porque gobernar no.<\/p>\n\n\n\n<p class=\"wp-block-paragraph\">\u00bfSer\u00e1 que en el asunto de Axel Capital hay un mar de fondo?&nbsp;<\/p>\n<div class=\"fb-background-color\">\n\t\t\t  <div \n\t\t\t  \tclass = \"fb-comments\" \n\t\t\t  \tdata-href = \"https:\/\/diarioavanzada.com.mx\/?p=38815\"\n\t\t\t  \tdata-numposts = \"10\"\n\t\t\t  \tdata-lazy = \"true\"\n\t\t\t\tdata-colorscheme = \"light\"\n\t\t\t\tdata-order-by = \"social\"\n\t\t\t\tdata-mobile=true>\n\t\t\t  <\/div><\/div>\n\t\t  <style>\n\t\t    .fb-background-color {\n\t\t\t\tbackground:  !important;\n\t\t\t}\n\t\t\t.fb_iframe_widget_fluid_desktop iframe {\n\t\t\t    width: 100% !important;\n\t\t\t}\n\t\t  <\/style>\n\t\t  ","protected":false},"excerpt":{"rendered":"<p>Columna El puercoesp\u00edn&nbsp; La gente tuvo que tomar el libramiento Ejercito Nacional para que la Fiscal\u00eda los escuchara y tomara cartas en el asunto y buscara a sus familiares. La zona metropolitana se inund\u00f3 de tr\u00e1fico pesado y todos estuvimos en peligro. Las personas ofendidas hab\u00edan logrado su objetivo,&nbsp; ser escuchadas. Y luego Fiscal\u00eda General [&hellip;]<\/p>\n","protected":false},"author":9,"featured_media":38816,"comment_status":"closed","ping_status":"closed","sticky":false,"template":"","format":"standard","meta":{"_coblocks_attr":"","_coblocks_dimensions":"","_coblocks_responsive_height":"","_coblocks_accordion_ie_support":"","advanced_seo_description":"","jetpack_seo_html_title":"","jetpack_seo_noindex":false,"jetpack_seo_schema_type":"","_jetpack_newsletter_access":"","_jetpack_dont_email_post_to_subs":false,"_jetpack_newsletter_tier_id":0,"_jetpack_memberships_contains_paywalled_content":false,"_wpcom_ai_launchpad_first_post":false,"_jetpack_feature_clip_id":0,"_jetpack_memberships_contains_paid_content":false,"footnotes":"","jetpack_post_was_ever_published":false},"categories":[19,209,24],"tags":[220,210],"class_list":["post-38815","post","type-post","status-publish","format-standard","has-post-thumbnail","hentry","category-colima","category-importantes","category-opinion","tag-opinion","tag-portada"],"jetpack-related-posts":[],"jetpack_sharing_enabled":true,"amp_enabled":true,"jetpack_featured_media_url":"https:\/\/diarioavanzada.com.mx\/wp-content\/uploads\/2022\/12\/image-159.png","_links":{"self":[{"href":"https:\/\/diarioavanzada.com.mx\/index.php?rest_route=\/wp\/v2\/posts\/38815","targetHints":{"allow":["GET"]}}],"collection":[{"href":"https:\/\/diarioavanzada.com.mx\/index.php?rest_route=\/wp\/v2\/posts"}],"about":[{"href":"https:\/\/diarioavanzada.com.mx\/index.php?rest_route=\/wp\/v2\/types\/post"}],"author":[{"embeddable":true,"href":"https:\/\/diarioavanzada.com.mx\/index.php?rest_route=\/wp\/v2\/users\/9"}],"replies":[{"embeddable":true,"href":"https:\/\/diarioavanzada.com.mx\/index.php?rest_route=%2Fwp%2Fv2%2Fcomments&post=38815"}],"version-history":[{"count":1,"href":"https:\/\/diarioavanzada.com.mx\/index.php?rest_route=\/wp\/v2\/posts\/38815\/revisions"}],"predecessor-version":[{"id":38817,"href":"https:\/\/diarioavanzada.com.mx\/index.php?rest_route=\/wp\/v2\/posts\/38815\/revisions\/38817"}],"wp:featuredmedia":[{"embeddable":true,"href":"https:\/\/diarioavanzada.com.mx\/index.php?rest_route=\/wp\/v2\/media\/38816"}],"wp:attachment":[{"href":"https:\/\/diarioavanzada.com.mx\/index.php?rest_route=%2Fwp%2Fv2%2Fmedia&parent=38815"}],"wp:term":[{"taxonomy":"category","embeddable":true,"href":"https:\/\/diarioavanzada.com.mx\/index.php?rest_route=%2Fwp%2Fv2%2Fcategories&post=38815"},{"taxonomy":"post_tag","embeddable":true,"href":"https:\/\/diarioavanzada.com.mx\/index.php?rest_route=%2Fwp%2Fv2%2Ftags&post=38815"}],"curies":[{"name":"wp","href":"https:\/\/api.w.org\/{rel}","templated":true}]}}