{"id":38597,"date":"2022-12-12T07:22:27","date_gmt":"2022-12-12T13:22:27","guid":{"rendered":"https:\/\/diarioavanzada.com.mx\/?p=38597"},"modified":"2022-12-12T07:27:00","modified_gmt":"2022-12-12T13:27:00","slug":"la-hoguera-de-las-vanidades","status":"publish","type":"post","link":"https:\/\/diarioavanzada.com.mx\/?p=38597","title":{"rendered":"La hoguera de las vanidades"},"content":{"rendered":"\n<p class=\"wp-block-paragraph\">Columna<\/p>\n\n\n\n<p class=\"wp-block-paragraph\">El puercoesp\u00edn&nbsp;<\/p>\n\n\n\n<p class=\"wp-block-paragraph\">Por Federico L\u00f3pez Ram\u00edrez<\/p>\n\n\n\n<p class=\"wp-block-paragraph\">Colima est\u00e1 pasando por un problema serio. El gobierno ha decidido fugarse y convertirse en una hoguera de las vanidades de las nuevas ricas que ostentan el poder en Colima.\u00a0<\/p>\n\n\n\n<p class=\"wp-block-paragraph\">La <strong><em>Mafia de las Amiguis<\/em><\/strong>, o nuevas ricas pol\u00edticas de Colima, volvi\u00f3 a hacer una de las suyas. Como Colima est\u00e1 pac\u00edfico, en armon\u00eda, con una econom\u00eda creciendo y todo floreciendo en paz y equilibrio, por tanto, las amiguis decidieron seguir jugando a ser gobierno (lo pat\u00e9tico es que no solo juegan a ser, sino que lo son, y eso est\u00e1 produciendo serias consecuencias que solo podr\u00e1n ponderarse en el mediano y largo plazos).<\/p>\n\n\n\n<p class=\"wp-block-paragraph\"><em>\u201c<\/em><strong><em>Muy atentos a las tendencias, en el equipo de comunicaci\u00f3n me generaron estas im\u00e1genes. \u00bfQue (sic) te parecen?, \u00bfya tienes las tuyas?\u201d<\/em><\/strong>escribi\u00f3 la g\u00f3ber en su portal y ni tardas ni perezosas Viri publica<strong><em>\u00a1Me sub\u00ed al tren!,<\/em><\/strong>Rosy agrega<em> \u00a1<\/em><strong><em>Nos subimos al tren! \u00bfApoco (sic) no est\u00e1n padr\u00edsimas?<\/em><\/strong><\/p>\n\n\n\n<p class=\"wp-block-paragraph\">Los textos fueron acompa\u00f1ados de las im\u00e1genes alusivas.&nbsp;<\/p>\n\n\n\n<p class=\"wp-block-paragraph\">Las faltas de ortograf\u00eda son lo de menos.<\/p>\n\n\n\n<p class=\"wp-block-paragraph\">Es inconcebible que todo un equipo de comunicaci\u00f3n dedique su tiempo a estar generando im\u00e1genes para la los juegos l\u00fadico de funcionarias p\u00fablicas que, aparte de su ineptitud palmaria, disfrutan malgastando los recursos econ\u00f3micos y usan los recursos humanos para jugar a ser gobierno. Poner al equipo de comunicaci\u00f3n a producir im\u00e1genes para jugar es el colmo del infantilismo de este gobierno fracasado.<\/p>\n\n\n\n<p class=\"wp-block-paragraph\">Act\u00faan igual que la derecha porque son de derecha<\/p>\n\n\n\n<p class=\"wp-block-paragraph\">L\u00eda Lim\u00f3n, alcaldesa de \u00c1lvaro Obreg\u00f3n; X\u00f3chitl G\u00e1lvez, senadora de la Rep\u00fablica y; Santiago Creel, presidente de la Mesa Directiva de la C\u00e1mara de Diputados federal, fieles a sus formas de actuar, tambi\u00e9n entraron en este juego fr\u00edvolo e infantil, aparentemente emp\u00e1tico con la sociedad y carentes de esencia pol\u00edtica, optan por la frivolidad para evadir sus responsabilidades pol\u00edticas, sobre todo, Creel un golpista irresponsable que, apoy\u00f3 el golpe de Estado en Per\u00fa, olvidando que en la C\u00e1mara su puesto representa el car\u00e1cter colegiado y plural, dejando en verg\u00fcenza un poder p\u00fablico que tiene todo menos seriedad y congruencia con la Constituci\u00f3n de la Rep\u00fablica que dicen respetar y combatir el autoritarismo. Sus actos los evidencian como autoritarios y f\u00e9rreos combatientes de toda participaci\u00f3n popular en la vida p\u00fablica.&nbsp;<\/p>\n\n\n\n<p class=\"wp-block-paragraph\">Indira act\u00faa igual que ellos porque en el fondo comparte la visi\u00f3n de derecha y la aplica aqu\u00ed en Colima, fiel a los principios conservadores. &nbsp; &nbsp;<\/p>\n\n\n\n<p class=\"wp-block-paragraph\">Definitivamente estas muchachas y muchachos llegaron para fracasar, sin duda, que la loter\u00eda de la pol\u00edtica los coloc\u00f3 en un lugar privilegiado, por aquello del poder pol\u00edtico y el dinero es solo un accidente, pero no han sabido hacer nada con ellos, salvo negocios para ellos y sus c\u00f3mplices.&nbsp;<\/p>\n\n\n\n<p class=\"wp-block-paragraph\">Ya transcurri\u00f3 un a\u00f1o sin agenda ni proyecto. Dicen que van iniciar este a\u00f1o su \u201ctransformaci\u00f3n\u201d lo cierto es que si hacemos una prospectiva de su informe (es un decir) y su campa\u00f1a publicitaria el siguiente a\u00f1o ser\u00e1 igual. La curva de aprendizaje no les sirvi\u00f3 de nada y siguen tan novatos como llegaron. Lo que sigue, indudablemente, es que lo \u00fanico relevante en sus quehaceres pol\u00edticos es hacer una estupidez tras otra y, lo encantador y fascinante, ser\u00e1 cual estupidez supera a la anterior y con qu\u00e9 ingenio fue superada.&nbsp;<\/p>\n\n\n\n<p class=\"wp-block-paragraph\">El acad\u00e9mico Sa\u00fal Mart\u00ednez Gonz\u00e1lez concluy\u00f3, en sus dos trabajos publicados en <strong>Diario Avanzada<\/strong>, donde revis\u00f3 la formaci\u00f3n y trayectoria de los diputados de Morena que\u00a0 \u201c<em>ninguno de los diputados tiene la m\u00ednima formaci\u00f3n de izquierda, ni tampoco trayectoria y militancia en partidos pol\u00edticos de izquierda. Al igual que la gobernadora nunca han sido de izquierda, siempre han sido oficialistas con vestimenta de izquierda que se han beneficiado ampliamente de los gobiernos anteriores. La mayor\u00eda de estos diputados de MORENA fueron empleados de Indira Vizca\u00edno en la Delegaci\u00f3n de Programas de Bienestar y siguen siendo empleados\u00a0 de la gobernadora en la C\u00e1mara de Diputados. Entonces, \u00bfqui\u00e9n gobierna en Colima, es decir, qui\u00e9n es\u00a0\u2018La mano que\u00a0 mece la cuna\u2019? En el nuevo PRI disfrazado de MORENA<\/em>\u201d.<\/p>\n\n\n\n<p class=\"wp-block-paragraph\">Dicho sea de paso, si hacemos un an\u00e1lisis riguroso de los funcionarios del gabinete el resultado ser\u00eda muy similar con alguna excepci\u00f3n.<\/p>\n\n\n\n<p class=\"wp-block-paragraph\">Para que exista pr\u00e1ctica revolucionaria es necesaria una teor\u00eda revolucionaria, asimismo es necesaria una formaci\u00f3n revolucionaria para poder tener una pr\u00e1ctica revolucionaria.&nbsp;<\/p>\n\n\n\n<p class=\"wp-block-paragraph\">El presidente dijo en su toma de posesi\u00f3n&nbsp; \u201cYo ya no me pertenezco\u201d en franca alusi\u00f3n a que se convert\u00eda, en ese momento, en un siervo de la naci\u00f3n.<\/p>\n\n\n\n<p class=\"wp-block-paragraph\">Este grupo de nuevos ricos y usurpadores, iniciaron una nueva etapa en su vida muy parecida (guardando las proporciones) a la narrada por Tom Wolfe en su novela <strong>La hoguera de las vanidades<\/strong> donde el autor recrea el universo de los adinerados ejecutivos de finanzas y sus interacciones con el resto de la sociedad (ubicada en la sociedad neoyorquina).<\/p>\n\n\n\n<p class=\"wp-block-paragraph\">Colima tiene en estos nuevos ricos la proyecci\u00f3n de una vidas relajadas, que de pronto les lleg\u00f3 dinero y poder y no saben qu\u00e9 hacer, convirtiendo sus vidas en una caricatura de p\u00faberes sin rumbo ni causas que asumir. Viviendo la vida al d\u00eda sin darse cuenta el da\u00f1o que le causan a una sociedad.<\/p>\n\n\n\n<p class=\"wp-block-paragraph\">Muchas y mejores estupideces est\u00e1n por venir en esta tropical hoguera de las vanidades protagonizada por la <strong>Mafia de las Amiguis<\/strong>.&nbsp;<\/p>\n\n\n\n<p class=\"wp-block-paragraph\">Con este ritmo ser\u00e1 una verdadera sorpresa si en las elecciones intermedias de 2024 logran obtener los diputados suficientes para seguir controlando el Poder Legislativo porque instrumentar un plan B, es decir, la compra de los diputados suficientes para lograr una mayor\u00eda comprada simplemente representar\u00e1 un encarecimiento del negocio y muy malas noticia para los colimenses.&nbsp;<\/p>\n\n\n\n<p class=\"wp-block-paragraph\">Las estupideces avanzan y prometen ser m\u00e1s intensas y sensuales. &nbsp;<\/p>\n<div class=\"fb-background-color\">\n\t\t\t  <div \n\t\t\t  \tclass = \"fb-comments\" \n\t\t\t  \tdata-href = \"https:\/\/diarioavanzada.com.mx\/?p=38597\"\n\t\t\t  \tdata-numposts = \"10\"\n\t\t\t  \tdata-lazy = \"true\"\n\t\t\t\tdata-colorscheme = \"light\"\n\t\t\t\tdata-order-by = \"social\"\n\t\t\t\tdata-mobile=true>\n\t\t\t  <\/div><\/div>\n\t\t  <style>\n\t\t    .fb-background-color {\n\t\t\t\tbackground:  !important;\n\t\t\t}\n\t\t\t.fb_iframe_widget_fluid_desktop iframe {\n\t\t\t    width: 100% !important;\n\t\t\t}\n\t\t  <\/style>\n\t\t  ","protected":false},"excerpt":{"rendered":"<p>Columna El puercoesp\u00edn&nbsp; Por Federico L\u00f3pez Ram\u00edrez Colima est\u00e1 pasando por un problema serio. El gobierno ha decidido fugarse y convertirse en una hoguera de las vanidades de las nuevas ricas que ostentan el poder en Colima.\u00a0 La Mafia de las Amiguis, o nuevas ricas pol\u00edticas de Colima, volvi\u00f3 a hacer una de las suyas. [&hellip;]<\/p>\n","protected":false},"author":9,"featured_media":38598,"comment_status":"closed","ping_status":"closed","sticky":false,"template":"","format":"standard","meta":{"_coblocks_attr":"","_coblocks_dimensions":"","_coblocks_responsive_height":"","_coblocks_accordion_ie_support":"","advanced_seo_description":"","jetpack_seo_html_title":"","jetpack_seo_noindex":false,"jetpack_seo_schema_type":"","_jetpack_newsletter_access":"","_jetpack_dont_email_post_to_subs":false,"_jetpack_newsletter_tier_id":0,"_jetpack_memberships_contains_paywalled_content":false,"_wpcom_ai_launchpad_first_post":false,"_jetpack_feature_clip_id":0,"_jetpack_memberships_contains_paid_content":false,"footnotes":"","jetpack_post_was_ever_published":false},"categories":[19,209],"tags":[220,210],"class_list":["post-38597","post","type-post","status-publish","format-standard","has-post-thumbnail","hentry","category-colima","category-importantes","tag-opinion","tag-portada"],"jetpack-related-posts":[],"jetpack_sharing_enabled":true,"amp_enabled":true,"jetpack_featured_media_url":"https:\/\/diarioavanzada.com.mx\/wp-content\/uploads\/2022\/12\/image-86.png","_links":{"self":[{"href":"https:\/\/diarioavanzada.com.mx\/index.php?rest_route=\/wp\/v2\/posts\/38597","targetHints":{"allow":["GET"]}}],"collection":[{"href":"https:\/\/diarioavanzada.com.mx\/index.php?rest_route=\/wp\/v2\/posts"}],"about":[{"href":"https:\/\/diarioavanzada.com.mx\/index.php?rest_route=\/wp\/v2\/types\/post"}],"author":[{"embeddable":true,"href":"https:\/\/diarioavanzada.com.mx\/index.php?rest_route=\/wp\/v2\/users\/9"}],"replies":[{"embeddable":true,"href":"https:\/\/diarioavanzada.com.mx\/index.php?rest_route=%2Fwp%2Fv2%2Fcomments&post=38597"}],"version-history":[{"count":2,"href":"https:\/\/diarioavanzada.com.mx\/index.php?rest_route=\/wp\/v2\/posts\/38597\/revisions"}],"predecessor-version":[{"id":38600,"href":"https:\/\/diarioavanzada.com.mx\/index.php?rest_route=\/wp\/v2\/posts\/38597\/revisions\/38600"}],"wp:featuredmedia":[{"embeddable":true,"href":"https:\/\/diarioavanzada.com.mx\/index.php?rest_route=\/wp\/v2\/media\/38598"}],"wp:attachment":[{"href":"https:\/\/diarioavanzada.com.mx\/index.php?rest_route=%2Fwp%2Fv2%2Fmedia&parent=38597"}],"wp:term":[{"taxonomy":"category","embeddable":true,"href":"https:\/\/diarioavanzada.com.mx\/index.php?rest_route=%2Fwp%2Fv2%2Fcategories&post=38597"},{"taxonomy":"post_tag","embeddable":true,"href":"https:\/\/diarioavanzada.com.mx\/index.php?rest_route=%2Fwp%2Fv2%2Ftags&post=38597"}],"curies":[{"name":"wp","href":"https:\/\/api.w.org\/{rel}","templated":true}]}}