{"id":3849,"date":"2019-02-02T10:09:51","date_gmt":"2019-02-02T15:09:51","guid":{"rendered":"https:\/\/diarioavanzada.com.mx\/?p=3849"},"modified":"2019-03-12T07:16:26","modified_gmt":"2019-03-12T12:16:26","slug":"rinde-udec-homenaje-postumo-a-guillermo-ruelas-ocampo-protagonista-de-la-historia-universitaria","status":"publish","type":"post","link":"https:\/\/diarioavanzada.com.mx\/?p=3849","title":{"rendered":"Rinde UdeC homenaje p\u00f3stumo a Guillermo Ruelas Ocampo, protagonista de la historia universitaria"},"content":{"rendered":"\n<p class=\"wp-block-paragraph\">Colima, M\u00e9xico, Comunicado (02\/02\/2019).- Este viernes por la ma\u00f1ana, la Universidad de Colima rindi\u00f3 un homenaje p\u00f3stumo, de cuerpo presente, a Jos\u00e9 Guillermo Ruelas Ocampo, egresado de la primera generaci\u00f3n de la Facultad de Derecho y catedr\u00e1tico de la misma, formador de m\u00e1s de 50 generaciones de abogados y quien ocup\u00f3 varios cargos en el servicio p\u00fablico estatal. Dicho homenaje estuvo encabezado por el gobernador Ignacio Peralta S\u00e1nchez y el rector Jos\u00e9 Eduardo Hern\u00e1ndez Nava.<\/p>\n\n\n\n<p class=\"wp-block-paragraph\">Familiares, amigos, autoridades universitarias y estatales, as\u00ed como alumnos y maestros, se reunieron en la explanada de la Facultad de Derecho para brindarle un \u00faltimo adi\u00f3s a Ruelas Ocampo, \u201cquien nos ense\u00f1\u00f3 que el soplo de la vida es una inspiraci\u00f3n para actuar con humildad; nos ense\u00f1\u00f3 que la verdad es la fuerza de la vida en todas las etapas de la historia\u201d, dijo Hern\u00e1ndez Nava.<\/p>\n\n\n\n<p class=\"wp-block-paragraph\">\u201cSiempre son tristes las despedidas; m\u00e1s, si el que se va tuvo en vida la dimensi\u00f3n humana de los intelectuales mexicanos, la sencillez de los maestros y la generosidad de los elegidos por Dios. \u00c9ste es el caso de uno de los intelectuales m\u00e1s se\u00f1eros e imprescindibles de Colima y la Universidad de Colima: Guillermo Ruelas Ocampo\u201d, agreg\u00f3 el rector.<\/p>\n\n\n\n<p class=\"wp-block-paragraph\">Nacido en la ciudad de Colima el 14 de junio de 1941, estudi\u00f3 Derecho en la UdeC. Su inter\u00e9s acad\u00e9mico, record\u00f3 Hern\u00e1ndez Nava, lo llev\u00f3 a obtener grados de maestr\u00eda y doctorado en Ciencias Penales; \u201cfue congruente con la vida acad\u00e9mica que, por tantas d\u00e9cadas ininterrumpidas, ocup\u00f3 buena parte de su tiempo y esfuerzo\u201d.<\/p>\n\n\n\n<p class=\"wp-block-paragraph\">Su entrega, honestidad y probada integridad, continu\u00f3 el rector, \u201clo llevaron a ocupar el cargo de Procurador General de Justicia del Estado de Colima de 1970 a 1974; de manera paralela, fue profesor universitario y luego catedr\u00e1tico de la Facultad de Derecho, hasta convertirse en maestro em\u00e9rito de la Universidad en 2003\u201d.<\/p>\n\n\n\n<p class=\"wp-block-paragraph\">\u201cFue protagonista de la historia universitaria \u2013prosigui\u00f3\u2013 en su vertiente acad\u00e9mica y pieza clave del desarrollo institucional al participar en sus \u00f3rganos de gobierno, adem\u00e1s de destacado jurista, audaz y acertado en el dise\u00f1o de la estructura jur\u00eddica del moderno estado de Colima\u201d. En este sentido, fue uno de los juristas que participaron en la creaci\u00f3n de un nuevo C\u00f3digo Penal para el Estado de Colima en 1985, en la elaboraci\u00f3n de la Ley sobre Responsabilidad Patrimonial del Estado y en las reformas a la Ley de lo Contencioso en 2002.<\/p>\n\n\n\n<p class=\"wp-block-paragraph\">Esta labor le hizo merecedor de varias distinciones acad\u00e9micas, como las medallas \u201cPedro Torres Ortiz\u201d, \u201cJos\u00e9 S. Ben\u00edtez\u201d, \u201cUniversidad de Colima\u201d, as\u00ed como la \u201cMiguel de la Madrid Castro\u201d y la \u201cRam\u00f3n Saucedo Morales\u201d, estas dos otorgadas en conjunto por la UdeC y el Colegio de Abogados de Colima.<\/p>\n\n\n\n<p class=\"wp-block-paragraph\">Por lo anterior, Hern\u00e1ndez Nava anunci\u00f3 que, en reconocimiento a toda su obra, se impondr\u00e1 a la Sala de Titulaci\u00f3n de la Facultad de Derecho su nombre: \u201cLo que hizo Don Guillermo fue sembrar, y hoy Colima est\u00e1 cosechando muchas semillas que a lo largo de sus casi 80 a\u00f1os de vida fue dejando para bien del estado y de la UdeC\u201d.<\/p>\n\n\n\n<p class=\"wp-block-paragraph\">En nombre de sus familiares, Bernardo Alfredo Salazar Santana, presidente del Supremo Tribunal de Justicia del Estado, mencion\u00f3 que la vida de Ruelas Ocampo est\u00e1 ligada a la Facultad de Derecho de la UdeC: \u201cNo se puede entender la historia de esta facultad sin voltear a ver la historia personal del maestro Ruelas Ocampo. Tampoco se puede entender la historia de la abogac\u00eda en Colima sin voltear a ver la fruct\u00edfera vida que tuvo como maestro\u201d, enunci\u00f3.<br><\/p>\n\n\n\n<p class=\"wp-block-paragraph\">Ruelas Ocampo, a\u00f1adi\u00f3 Salazar Santana, estuvo presente en 53 generaciones de abogados, desde su inicio hasta el d\u00eda de hoy, a lo largo de los 60 a\u00f1os de existencia del plantel, primero como alumno y despu\u00e9s como maestro: \u201cComo funcionario p\u00fablico y universitario, dio muestras de sabidur\u00eda, verticalidad, honorabilidad; fue adem\u00e1s un abogado litigante de gran prestigio\u201d.<\/p>\n\n\n\n<p class=\"wp-block-paragraph\">\u201c\u00c9l construy\u00f3 esta facultad, no poniendo un cimiento, no edificando un muro sino con algo que le da verdadero sentido a las universidades: construyendo esp\u00edritus libres y hombres de bien, verdaderos abogados; esto fue lo que \u00e9l construy\u00f3 y lo que hizo grande a la Facultad de Derecho, pues hasta el final de sus d\u00edas fue el gran maestro y uno de sus referentes m\u00e1s elocuentes\u201d, concluy\u00f3.<\/p>\n\n\n\n<p class=\"wp-block-paragraph\">A nombre de la Facultad de Derecho, su director, Enoc Mor\u00e1n Torres coment\u00f3 que \u201cla comunidad reconoce en el doctor Guillermo Ruelas un hombre de principios, de valores \u00e9ticos, con un sentido arraigado de pertenencia a su querida alma m\u00e1ter: la Universidad de Colima, pues entreg\u00f3 su vida a la docencia universitaria\u201d.<\/p>\n\n\n\n<p class=\"wp-block-paragraph\">\u201cHablar de \u00e9l \u2013concluy\u00f3\u2013 es hablar de dedicaci\u00f3n y perseverancia; sembr\u00f3 en nosotros amor y compromiso hacia la instituci\u00f3n. Estoy seguro de que no hay egresado de esta comunidad acad\u00e9mica que no sea capaz de recordarlo\u201d.<\/p>\n\n\n\n<p class=\"wp-block-paragraph\">Cerr\u00f3 las participaciones el gobernador Jos\u00e9 Ignacio Peralta S\u00e1nchez, quien dijo que el maestro Guillermo Ruelas \u201cfue uno de los grandes maestros colimenses. Su vida est\u00e1 ligada a la docencia y al ejercicio de su profesi\u00f3n\u201d.<\/p>\n\n\n\n<p class=\"wp-block-paragraph\">Mucho de lo que Colima es en nuestros d\u00edas, agreg\u00f3, desde la perspectiva jur\u00eddica e institucional, \u201ces resultado de las aportaciones de este gran abogado y funcionario p\u00fablico, pues no s\u00f3lo fue un protagonista del quehacer jur\u00eddico sino un motivo permanente de inspiraci\u00f3n y un referente para numerosas generaciones de abogados\u201d.<\/p>\n\n\n\n<p class=\"wp-block-paragraph\">\u201cMis condolencias a esta facultad, a sus directivos y egresados, pues aqu\u00ed el maestro dedic\u00f3 la mayor parte de sus afanes profesionales, no s\u00f3lo como maestro de diversas materias sino tambi\u00e9n como directivo. El derecho colimense est\u00e1 de luto pero tambi\u00e9n cuenta ya con un referente perdurable, que es la vida y trayectoria del maestro Guillermo Ruelas Ocampo\u201d, finaliz\u00f3.<\/p>\n\n\n\n<p class=\"wp-block-paragraph\">Adem\u00e1s de funcionarios de la UdeC, acudieron tambi\u00e9n los ex rectores Fernando Moreno, Carlos Salazar, Miguel \u00c1ngel Aguayo y Ram\u00f3n Arturo Zedillo.<\/p>\n<div class=\"fb-background-color\">\n\t\t\t  <div \n\t\t\t  \tclass = \"fb-comments\" \n\t\t\t  \tdata-href = \"https:\/\/diarioavanzada.com.mx\/?p=3849\"\n\t\t\t  \tdata-numposts = \"10\"\n\t\t\t  \tdata-lazy = \"true\"\n\t\t\t\tdata-colorscheme = \"light\"\n\t\t\t\tdata-order-by = \"social\"\n\t\t\t\tdata-mobile=true>\n\t\t\t  <\/div><\/div>\n\t\t  <style>\n\t\t    .fb-background-color {\n\t\t\t\tbackground:  !important;\n\t\t\t}\n\t\t\t.fb_iframe_widget_fluid_desktop iframe {\n\t\t\t    width: 100% !important;\n\t\t\t}\n\t\t  <\/style>\n\t\t  ","protected":false},"excerpt":{"rendered":"<p>Colima, M\u00e9xico, Comunicado (02\/02\/2019).- Este viernes por la ma\u00f1ana, la Universidad de Colima rindi\u00f3 un homenaje p\u00f3stumo, de cuerpo presente, a Jos\u00e9 Guillermo Ruelas Ocampo, egresado de la primera generaci\u00f3n de la Facultad de Derecho y catedr\u00e1tico de la misma, formador de m\u00e1s de 50 generaciones de abogados y quien ocup\u00f3 varios cargos en el [&hellip;]<\/p>\n","protected":false},"author":7,"featured_media":3865,"comment_status":"open","ping_status":"open","sticky":false,"template":"","format":"standard","meta":{"_coblocks_attr":"","_coblocks_dimensions":"","_coblocks_responsive_height":"","_coblocks_accordion_ie_support":"","_crdt_document":"","advanced_seo_description":"","jetpack_seo_html_title":"","jetpack_seo_noindex":false,"_jetpack_memberships_contains_paid_content":false,"footnotes":""},"categories":[19],"tags":[],"class_list":["post-3849","post","type-post","status-publish","format-standard","has-post-thumbnail","hentry","category-colima"],"jetpack_featured_media_url":"https:\/\/diarioavanzada.com.mx\/wp-content\/uploads\/2019\/02\/Extra_Homenaje_p__stumo_a_Guillermo_Ruelas_a-1.jpg","jetpack-related-posts":[],"jetpack_sharing_enabled":true,"amp_enabled":true,"_links":{"self":[{"href":"https:\/\/diarioavanzada.com.mx\/index.php?rest_route=\/wp\/v2\/posts\/3849","targetHints":{"allow":["GET"]}}],"collection":[{"href":"https:\/\/diarioavanzada.com.mx\/index.php?rest_route=\/wp\/v2\/posts"}],"about":[{"href":"https:\/\/diarioavanzada.com.mx\/index.php?rest_route=\/wp\/v2\/types\/post"}],"author":[{"embeddable":true,"href":"https:\/\/diarioavanzada.com.mx\/index.php?rest_route=\/wp\/v2\/users\/7"}],"replies":[{"embeddable":true,"href":"https:\/\/diarioavanzada.com.mx\/index.php?rest_route=%2Fwp%2Fv2%2Fcomments&post=3849"}],"version-history":[{"count":0,"href":"https:\/\/diarioavanzada.com.mx\/index.php?rest_route=\/wp\/v2\/posts\/3849\/revisions"}],"wp:featuredmedia":[{"embeddable":true,"href":"https:\/\/diarioavanzada.com.mx\/index.php?rest_route=\/wp\/v2\/media\/3865"}],"wp:attachment":[{"href":"https:\/\/diarioavanzada.com.mx\/index.php?rest_route=%2Fwp%2Fv2%2Fmedia&parent=3849"}],"wp:term":[{"taxonomy":"category","embeddable":true,"href":"https:\/\/diarioavanzada.com.mx\/index.php?rest_route=%2Fwp%2Fv2%2Fcategories&post=3849"},{"taxonomy":"post_tag","embeddable":true,"href":"https:\/\/diarioavanzada.com.mx\/index.php?rest_route=%2Fwp%2Fv2%2Ftags&post=3849"}],"curies":[{"name":"wp","href":"https:\/\/api.w.org\/{rel}","templated":true}]}}