{"id":38340,"date":"2022-12-01T08:11:44","date_gmt":"2022-12-01T14:11:44","guid":{"rendered":"https:\/\/diarioavanzada.com.mx\/?p=38340"},"modified":"2022-12-01T08:11:51","modified_gmt":"2022-12-01T14:11:51","slug":"violencia-palaciega-de-la-mafia-de-las-amiguis","status":"publish","type":"post","link":"https:\/\/diarioavanzada.com.mx\/?p=38340","title":{"rendered":"Violencia palaciega de la Mafia de las Amiguis"},"content":{"rendered":"\n<p class=\"wp-block-paragraph\">Columna<\/p>\n\n\n\n<p class=\"wp-block-paragraph\">El puercoesp\u00edn\u00a0<\/p>\n\n\n\n<p class=\"wp-block-paragraph\">Venimos arrastrando desde lejos un acumulado de violencia que se dispar\u00f3 desde el sexenio de Nacho Peralta y con la continuaci\u00f3n de ese grupo, es decir,&nbsp; con los priistas disfrazados de morenistas estamos dando raz\u00f3n de tiempos in\u00e9ditos de violencia&nbsp; provocada por el crimen organizado.&nbsp;<\/p>\n\n\n\n<p class=\"wp-block-paragraph\">La Nueva realidad social que se desprende desde el voto masivo a favor de Amlo en el 2018 muchas cosas que, antes eran invisibles o,&nbsp; dicho de otra manera, se invisibilizaban, por el corporativismo sindical y los intelectuales org\u00e1nicos hoy es imposible mantener en el lado oscuro.<\/p>\n\n\n\n<p class=\"wp-block-paragraph\">En Colima la situaci\u00f3n de las mujeres en el Poder Judicial se puso m\u00e1s visible que nunca a la luz del nombramiento del nuevo magistrado presidente del Supremo Tribunal de Justicia del Estado de&nbsp; Colima. La vida \u201cnormal\u201d en el Poder Judicial est\u00e1 atravesada longitudinal y transversalmente por el acoso sexual hac\u00eda las mujeres que laboran en ese Poder. Pero tambi\u00e9n es preciso decir que el sexo es moneda de cambio y de curso legal para lograr ascensos y beneficios laborales. A pesar de que esto raya en el escandalo ni el Poder Ejecutivo ni el Legislativo han levantado la voz para hacer algunas propuestas que tiendan a acabar con estas denigrantes condiciones laborales de las mujeres. El Ejecutivo voltea para otro lado e ignora el problema. Ah\u00ed est\u00e1 y a nadie le importa.<\/p>\n\n\n\n<p class=\"wp-block-paragraph\">Recientemente han aparecido denuncias p\u00fablicas de acosadores sexuales en la Subsecretar\u00eda del Trabajo del Estado de Colima a lo que se les deja actuar impunemente y, todav\u00eda m\u00e1s, se les protege. La voz popular se\u00f1ala directamente al titular de la Subsecretar\u00eda del Trabajo&nbsp; como el directamente responsable de permitir las acciones y de proteger a los acosadores sexuales.<\/p>\n\n\n\n<p class=\"wp-block-paragraph\">Es en este contexto de violencia ejercida por el crimen organizado en la sociedad y en el seno del Gobierno del Estado de Colima donde la titular del Ejecutivo le echa m\u00e1s gasolina al fuego al promover desde Palacio de Gobierno la violencia de g\u00e9nero contra su competidora pol\u00edtica, la presidenta municipal de Manzanillo.&nbsp;<\/p>\n\n\n\n<p class=\"wp-block-paragraph\">Dicho sea de paso, Manzanillo es el \u00fanico municipio superavitario y donde las cosas marchan bien en los aspectos de obra p\u00fablica, estabilidad financiera, estabilidad laboral y contenci\u00f3n de la delincuencia organizada y de la violencia de la delincuencia com\u00fan, es precisamente por eso, que desde Palacio de Gobierno estatal se promueven politiquer\u00edas para hacer tropezar a la presidenta municipal. La manipulaci\u00f3n, de una parte de los regidores, para hacerle la vida imposible y hacerla fracasar raya en el absurdo y el descaro de la Mafia de las Amiguis por hacer descarrilar, pues la consideran una potencial enemiga pol\u00edtica que con trabajo est\u00e1 metida en la lucha pol\u00edtica contra las fr\u00edvolos e ineptos integrantes de la Mafia de las Amiguis.<\/p>\n\n\n\n<p class=\"wp-block-paragraph\">La lucha palaciega por descarrilar a una mujer que trabaja viene de un grupo pol\u00edtico que no ha sabido enfrentar la violencia del crimen organizado y en su interior ni le importa ni quiere detener la violencia de g\u00e9nero ejercida contra las mujeres.<\/p>\n\n\n\n<p class=\"wp-block-paragraph\">No hace nada la Mafia de las Amiguis por detener la violencia y todav\u00eda se da tiempo para impulsar violencia pol\u00edtica y de g\u00e9nero contra una mujer que est\u00e1 haciendo cosas a favor de los manzanillenses, pero que la gobernadora y su grupo, la Mafia de las Amiguis, est\u00e1n m\u00e1s dedicadas a destruir el trabajo de otros porque se saben fracasados en el terreno de las propuestas y de la transformaci\u00f3n de la sociedad.<\/p>\n\n\n\n<p class=\"wp-block-paragraph\">Colima un estado marcado por los m\u00e1s altos \u00edndices de violencia, ahora, tiene que enfrentar la violencia de g\u00e9nero ordenada desde Palacio de Gobierno para buscar el fracaso de sus competidores a los que reconoce fuertes y dif\u00edciles de vencer a la buena.<\/p>\n\n\n\n<p class=\"wp-block-paragraph\">El grupo de bots, comandados por personeros de la Mafia de las Amiguis, ha estado muy activo, \u00faltimamente,&nbsp; atacando a sus cr\u00edticos, o a quienes ellos consideran enemigos, pues desde sus miedos consideran que deben de ser destruidos desde y con recursos del gobierno.<\/p>\n\n\n\n<p class=\"wp-block-paragraph\">Indira y su grupo est\u00e1 entrando en terrenos minados al promover la violencia desde el gobierno contra pol\u00edticos y ciudadanos que est\u00e1n ejerciendo sus libertades.<\/p>\n\n\n\n<p class=\"wp-block-paragraph\">Alimentar la violencia desde el poder no es recomendable. Sabr\u00e1n como iniciarla, pero dif\u00edcilmente, creo, sabr\u00e1n como detenerla.<\/p>\n<div class=\"fb-background-color\">\n\t\t\t  <div \n\t\t\t  \tclass = \"fb-comments\" \n\t\t\t  \tdata-href = \"https:\/\/diarioavanzada.com.mx\/?p=38340\"\n\t\t\t  \tdata-numposts = \"10\"\n\t\t\t  \tdata-lazy = \"true\"\n\t\t\t\tdata-colorscheme = \"light\"\n\t\t\t\tdata-order-by = \"social\"\n\t\t\t\tdata-mobile=true>\n\t\t\t  <\/div><\/div>\n\t\t  <style>\n\t\t    .fb-background-color {\n\t\t\t\tbackground:  !important;\n\t\t\t}\n\t\t\t.fb_iframe_widget_fluid_desktop iframe {\n\t\t\t    width: 100% !important;\n\t\t\t}\n\t\t  <\/style>\n\t\t  ","protected":false},"excerpt":{"rendered":"<p>Columna El puercoesp\u00edn\u00a0 Venimos arrastrando desde lejos un acumulado de violencia que se dispar\u00f3 desde el sexenio de Nacho Peralta y con la continuaci\u00f3n de ese grupo, es decir,&nbsp; con los priistas disfrazados de morenistas estamos dando raz\u00f3n de tiempos in\u00e9ditos de violencia&nbsp; provocada por el crimen organizado.&nbsp; La Nueva realidad social que se desprende [&hellip;]<\/p>\n","protected":false},"author":9,"featured_media":38341,"comment_status":"closed","ping_status":"closed","sticky":false,"template":"","format":"standard","meta":{"_coblocks_attr":"","_coblocks_dimensions":"","_coblocks_responsive_height":"","_coblocks_accordion_ie_support":"","advanced_seo_description":"","jetpack_seo_html_title":"","jetpack_seo_noindex":false,"jetpack_seo_schema_type":"","_jetpack_newsletter_access":"","_jetpack_dont_email_post_to_subs":false,"_jetpack_newsletter_tier_id":0,"_jetpack_memberships_contains_paywalled_content":false,"_wpcom_ai_launchpad_first_post":false,"_jetpack_feature_clip_id":0,"_jetpack_memberships_contains_paid_content":false,"footnotes":"","jetpack_post_was_ever_published":false},"categories":[19,209,24],"tags":[220,210],"class_list":["post-38340","post","type-post","status-publish","format-standard","has-post-thumbnail","hentry","category-colima","category-importantes","category-opinion","tag-opinion","tag-portada"],"jetpack-related-posts":[],"jetpack_sharing_enabled":true,"amp_enabled":true,"jetpack_featured_media_url":"https:\/\/diarioavanzada.com.mx\/wp-content\/uploads\/2022\/12\/image-2.png","_links":{"self":[{"href":"https:\/\/diarioavanzada.com.mx\/index.php?rest_route=\/wp\/v2\/posts\/38340","targetHints":{"allow":["GET"]}}],"collection":[{"href":"https:\/\/diarioavanzada.com.mx\/index.php?rest_route=\/wp\/v2\/posts"}],"about":[{"href":"https:\/\/diarioavanzada.com.mx\/index.php?rest_route=\/wp\/v2\/types\/post"}],"author":[{"embeddable":true,"href":"https:\/\/diarioavanzada.com.mx\/index.php?rest_route=\/wp\/v2\/users\/9"}],"replies":[{"embeddable":true,"href":"https:\/\/diarioavanzada.com.mx\/index.php?rest_route=%2Fwp%2Fv2%2Fcomments&post=38340"}],"version-history":[{"count":1,"href":"https:\/\/diarioavanzada.com.mx\/index.php?rest_route=\/wp\/v2\/posts\/38340\/revisions"}],"predecessor-version":[{"id":38342,"href":"https:\/\/diarioavanzada.com.mx\/index.php?rest_route=\/wp\/v2\/posts\/38340\/revisions\/38342"}],"wp:featuredmedia":[{"embeddable":true,"href":"https:\/\/diarioavanzada.com.mx\/index.php?rest_route=\/wp\/v2\/media\/38341"}],"wp:attachment":[{"href":"https:\/\/diarioavanzada.com.mx\/index.php?rest_route=%2Fwp%2Fv2%2Fmedia&parent=38340"}],"wp:term":[{"taxonomy":"category","embeddable":true,"href":"https:\/\/diarioavanzada.com.mx\/index.php?rest_route=%2Fwp%2Fv2%2Fcategories&post=38340"},{"taxonomy":"post_tag","embeddable":true,"href":"https:\/\/diarioavanzada.com.mx\/index.php?rest_route=%2Fwp%2Fv2%2Ftags&post=38340"}],"curies":[{"name":"wp","href":"https:\/\/api.w.org\/{rel}","templated":true}]}}