{"id":38291,"date":"2022-11-29T07:25:59","date_gmt":"2022-11-29T13:25:59","guid":{"rendered":"https:\/\/diarioavanzada.com.mx\/?p=38291"},"modified":"2022-11-29T07:31:10","modified_gmt":"2022-11-29T13:31:10","slug":"marchando-se-aprende","status":"publish","type":"post","link":"https:\/\/diarioavanzada.com.mx\/?p=38291","title":{"rendered":"Marchando se aprende"},"content":{"rendered":"\n<p class=\"wp-block-paragraph\">Columna<\/p>\n\n\n\n<p class=\"wp-block-paragraph\">El puercoesp\u00edn&nbsp;<\/p>\n\n\n\n<p class=\"wp-block-paragraph\">La marcha del domingo 27 de noviembre demostr\u00f3 nuevamente que M\u00e9xico no est\u00e1 polarizado, que quienes insisten en la polarizaci\u00f3n son los l\u00edderes de los partidos pol\u00edticos &#8211;sobre todo&#8211;, los\u00a0 coment\u00f3cratas y los intelectuales de derecha. Son ellos los heridos y los propagadores del odio y el encono; sin embargo, despu\u00e9s de la marcha de la izquierda M\u00e9xico dijo no a la violencia y s\u00ed a la pol\u00edtica.<\/p>\n\n\n\n<p class=\"wp-block-paragraph\">Independientemente del n\u00famero de marchantes, algo qued\u00f3 muy en claro, en M\u00e9xico el grueso de la poblaci\u00f3n est\u00e1 politizada y se manifiesta p\u00fablicamente para ejercer su opini\u00f3n y su posici\u00f3n frente a una minor\u00eda que quiere seguir llena de privilegios y de negarle la participaci\u00f3n a la mayor\u00eda.&nbsp;<\/p>\n\n\n\n<p class=\"wp-block-paragraph\">La marcha del 27 demostr\u00f3 que, los portadores y propaladores del odio, son los pol\u00edticos como Marcos Cort\u00e9s l\u00edder del PAN, Vicente Fox Quesada, Claudio X. Gonz\u00e1lez y Felipe Calder\u00f3n, entre otros, que alimentan a sus seguidores de mentiras, calumnias, entre otras vilezas; sin embargo, ante la cantidad tan impresionantes de gente de izquierda manifest\u00e1ndose su odio se volvi\u00f3 muy chiquito, su veneno apenas les alcanza para surtir a sus propios seguidores \u00e1vidos de odiar.<\/p>\n\n\n\n<p class=\"wp-block-paragraph\">La derecha reaccion\u00f3 de diversas maneras, pero todos impactados por la realidad dominante: M\u00e9xico tiene una sociedad que se informa, piensa y act\u00faa, es decir, que est\u00e1 altamente politizada. Y gente como Cortes, Fox, Gonz\u00e1lez y Calder\u00f3n no toleran ver, o\u00edr y actuar a gente llena de entusiasmo y esperanza.<\/p>\n\n\n\n<p class=\"wp-block-paragraph\">El diputado Jorge \u00c1lvarez M\u00e1ynez les pidi\u00f3 a sus aliados no minimizar la marcha, insinu\u00f3 que hab\u00eda que verla como un delito electoral. Se autocritic\u00f3 cuando afirm\u00f3 \u201cestamos avisados, el r\u00e9gimen no tendr\u00e1 l\u00edmites para perpetuarse\u201d. El diputado tiene la virtud de no insultar y de asumir la realidad pol\u00edtica desde una perspectiva racional. Eso es un avance pol\u00edtico.<\/p>\n\n\n\n<p class=\"wp-block-paragraph\">Personalmente me llam\u00f3 la atenci\u00f3n la opini\u00f3n publicada por la senadora Kenia L\u00f3pez Rabad\u00e1n, mujer cuyas pr\u00e1cticas pol\u00edticas son el insulto y la diatriba. Ella qued\u00f3 tan impactada que su opini\u00f3n cay\u00f3 en el terreno de una propuesta program\u00e1tica al se\u00f1alar en un tuit que \u201cCuando gobernemos la CDMX nunca m\u00e1s ser\u00e1n obligados a marchar\u201d. No hay insulto y s\u00ed hay propuesta pol\u00edtica.<\/p>\n\n\n\n<p class=\"wp-block-paragraph\">Los coment\u00f3cratas y los intelectuales org\u00e1nicos continuaron con su discurso que pretende adecuar la realidad a sus deseos y se siguen negando a observarla en sus dimensiones reales al insistir en calificar a la marcha en forma parcial y sesgada, pues para ellos la marcha fue una monumento al ego de un l\u00edder. Como podemos ver, siguen creyendo que por la magia de la palabra la realidad se adecuar\u00e1 a su deseos, neg\u00e1ndose a ver la realidad. Tambi\u00e9n para ellos la marcha fue un acarreo monumental y no imaginan gente realmente convencida de un proyecto emanado de la Cuarta Transformaci\u00f3n, como dice Fabricio Mej\u00eda Madrid \u201cno soportan la politizaci\u00f3n de los plebeyos.\u201d<\/p>\n\n\n\n<p class=\"wp-block-paragraph\">Es importante se\u00f1alar que la monumental e hist\u00f3rica marcha de la izquierda tuvo algunas virtudes, entre otras, le propin\u00f3 una dur\u00edsima derrota a las mujeres violentas que hab\u00edan hecho una costumbre infiltrarse en toda marcha de protesta aut\u00e9ntica y realizar toda clase de destrozos y hechos violentos que lograban desacreditar a las verdaderas fuerzas manifestantes.<\/p>\n\n\n\n<p class=\"wp-block-paragraph\">Otro logro, aparentemente trivial, fue la derrota del futbol, cosa que no es un asunto menor. El campeonato mundial fue hecho a un lado y la gente atendi\u00f3 lo principal, los asunto pol\u00edticos. Al futbol lo dejaron solo en los televisores de sus casas.&nbsp;<\/p>\n\n\n\n<p class=\"wp-block-paragraph\">Los odios alimentados por una oligarqu\u00eda de derecha conformada por unos cuantos \u201cl\u00edderes\u201d pol\u00edticos e intelectuales qued\u00f3 a un lado y las masas politizadas exigen programas y demandas concretas para la sociedad mexicana.<\/p>\n\n\n\n<p class=\"wp-block-paragraph\">La derecha cuando ha marchado lo ha hecho con acarreados y con recursos p\u00fablicos c\u00ednicamente, eso no justifica que tambi\u00e9n la izquierda lo deba hacer. Aqu\u00ed lo importante es que la derecha sin propon\u00e9rselo ha empezado a proponer en forma tangencial nuevas reglas para la movilizaci\u00f3n pol\u00edtica que busca la expresi\u00f3n autentica de los ciudadanos y eliminar el acarreo y el uso de los recursos p\u00fablicos. Eso es un avance.<\/p>\n\n\n\n<p class=\"wp-block-paragraph\">Es un contrasentido de la derecha demandar el no acarreo cuando ellos han hecho uso de esos m\u00e9todos, pero demandar su desaparici\u00f3n es un avance como terminar\u00e1n siendo legitimas las demandas, y porque no, la instauraci\u00f3n de las consultas y la revocaci\u00f3n de mandato que tanto necesitamos los ciudadanos para ser tomados en cuenta. Si la derecha decide ser consecuente terminar\u00e1 por entender, muy a su pesar, que la democracia participativa es necesaria para avanzar pol\u00edticamente en M\u00e9xico.<\/p>\n\n\n\n<p class=\"wp-block-paragraph\">La violencia qued\u00f3 en un segundo plano. La violencia de los pol\u00edticos oscuros como Calder\u00f3n, Fox y Claudio X. Gonz\u00e1lez qued\u00f3 reducida a las redes sociales, y muy marginalmente, su odio recibi\u00f3 un duro rev\u00e9s y esa es una buena noticia para M\u00e9xico.<\/p>\n\n\n\n<p class=\"wp-block-paragraph\">Los morenistas y los conservadores deben entender que los marchistas del domingo tiene una esperanza muy profunda en sus sentimientos, esa esperanza tiene mucho que ver con el cambio. Fox detuvo el cambio y fue echado del poder. Los morenistas del gobierno central y de los gobiernos regionales que dejen de avanzar hacia posturas progresistas m\u00e1s temprano de lo que se imaginan ser\u00e1n cambiados por gente que quiera verdaderamente cambiar al\u00a0 pa\u00eds. La gran cantidad de marchistas del domingo le apuesta a transformar a M\u00e9xico y los partidos pol\u00edticos son meros instrumentos, no fin en s\u00ed mismos.<\/p>\n\n\n\n<p class=\"wp-block-paragraph\">El 27 de noviembre el odio se qued\u00f3 en casa. Los acarreados &#8211;seg\u00fan la derecha&#8211; cambiar\u00e1n a M\u00e9xico a pesar de los pol\u00edticos actuales que solo piensan en el beneficio de sus partidos.<\/p>\n\n\n\n<p class=\"wp-block-paragraph\">No cabe duda que se aprende sobre la marcha o marchando se aprende. Cada quien elige con qui\u00e9n marchar y qu\u00e9 aprender.&nbsp;<\/p>\n<div class=\"fb-background-color\">\n\t\t\t  <div \n\t\t\t  \tclass = \"fb-comments\" \n\t\t\t  \tdata-href = \"https:\/\/diarioavanzada.com.mx\/?p=38291\"\n\t\t\t  \tdata-numposts = \"10\"\n\t\t\t  \tdata-lazy = \"true\"\n\t\t\t\tdata-colorscheme = \"light\"\n\t\t\t\tdata-order-by = \"social\"\n\t\t\t\tdata-mobile=true>\n\t\t\t  <\/div><\/div>\n\t\t  <style>\n\t\t    .fb-background-color {\n\t\t\t\tbackground:  !important;\n\t\t\t}\n\t\t\t.fb_iframe_widget_fluid_desktop iframe {\n\t\t\t    width: 100% !important;\n\t\t\t}\n\t\t  <\/style>\n\t\t  ","protected":false},"excerpt":{"rendered":"<p>Columna El puercoesp\u00edn&nbsp; La marcha del domingo 27 de noviembre demostr\u00f3 nuevamente que M\u00e9xico no est\u00e1 polarizado, que quienes insisten en la polarizaci\u00f3n son los l\u00edderes de los partidos pol\u00edticos &#8211;sobre todo&#8211;, los\u00a0 coment\u00f3cratas y los intelectuales de derecha. Son ellos los heridos y los propagadores del odio y el encono; sin embargo, despu\u00e9s de [&hellip;]<\/p>\n","protected":false},"author":9,"featured_media":38292,"comment_status":"closed","ping_status":"closed","sticky":false,"template":"","format":"standard","meta":{"_coblocks_attr":"","_coblocks_dimensions":"","_coblocks_responsive_height":"","_coblocks_accordion_ie_support":"","advanced_seo_description":"","jetpack_seo_html_title":"","jetpack_seo_noindex":false,"jetpack_seo_schema_type":"","_jetpack_newsletter_access":"","_jetpack_dont_email_post_to_subs":false,"_jetpack_newsletter_tier_id":0,"_jetpack_memberships_contains_paywalled_content":false,"_wpcom_ai_launchpad_first_post":false,"_jetpack_feature_clip_id":0,"_jetpack_memberships_contains_paid_content":false,"footnotes":"","jetpack_post_was_ever_published":false},"categories":[19,209,24],"tags":[220,210],"class_list":["post-38291","post","type-post","status-publish","format-standard","has-post-thumbnail","hentry","category-colima","category-importantes","category-opinion","tag-opinion","tag-portada"],"jetpack-related-posts":[],"jetpack_sharing_enabled":true,"amp_enabled":true,"jetpack_featured_media_url":"https:\/\/diarioavanzada.com.mx\/wp-content\/uploads\/2022\/11\/image-196.png","_links":{"self":[{"href":"https:\/\/diarioavanzada.com.mx\/index.php?rest_route=\/wp\/v2\/posts\/38291","targetHints":{"allow":["GET"]}}],"collection":[{"href":"https:\/\/diarioavanzada.com.mx\/index.php?rest_route=\/wp\/v2\/posts"}],"about":[{"href":"https:\/\/diarioavanzada.com.mx\/index.php?rest_route=\/wp\/v2\/types\/post"}],"author":[{"embeddable":true,"href":"https:\/\/diarioavanzada.com.mx\/index.php?rest_route=\/wp\/v2\/users\/9"}],"replies":[{"embeddable":true,"href":"https:\/\/diarioavanzada.com.mx\/index.php?rest_route=%2Fwp%2Fv2%2Fcomments&post=38291"}],"version-history":[{"count":3,"href":"https:\/\/diarioavanzada.com.mx\/index.php?rest_route=\/wp\/v2\/posts\/38291\/revisions"}],"predecessor-version":[{"id":38296,"href":"https:\/\/diarioavanzada.com.mx\/index.php?rest_route=\/wp\/v2\/posts\/38291\/revisions\/38296"}],"wp:featuredmedia":[{"embeddable":true,"href":"https:\/\/diarioavanzada.com.mx\/index.php?rest_route=\/wp\/v2\/media\/38292"}],"wp:attachment":[{"href":"https:\/\/diarioavanzada.com.mx\/index.php?rest_route=%2Fwp%2Fv2%2Fmedia&parent=38291"}],"wp:term":[{"taxonomy":"category","embeddable":true,"href":"https:\/\/diarioavanzada.com.mx\/index.php?rest_route=%2Fwp%2Fv2%2Fcategories&post=38291"},{"taxonomy":"post_tag","embeddable":true,"href":"https:\/\/diarioavanzada.com.mx\/index.php?rest_route=%2Fwp%2Fv2%2Ftags&post=38291"}],"curies":[{"name":"wp","href":"https:\/\/api.w.org\/{rel}","templated":true}]}}