{"id":38160,"date":"2022-11-23T15:32:24","date_gmt":"2022-11-23T21:32:24","guid":{"rendered":"https:\/\/diarioavanzada.com.mx\/?p=38160"},"modified":"2022-11-23T15:32:31","modified_gmt":"2022-11-23T21:32:31","slug":"udec-y-cca-impulsaran-tres-proyectos-medioambientales","status":"publish","type":"post","link":"https:\/\/diarioavanzada.com.mx\/?p=38160","title":{"rendered":"UdeC y CCA impulsar\u00e1n tres proyectos medioambientales"},"content":{"rendered":"\n<p class=\"wp-block-paragraph\">Colima, M\u00e9xico, Comunicado (23\/11\/2022).- En d\u00edas pasados, la Mtra. Antonia And\u00fagar Mi\u00f1arro, l\u00edder de Proyectos de la Comisi\u00f3n para la Cooperaci\u00f3n Ambiental (CCA) de Am\u00e9rica del Norte realiz\u00f3 una estancia de trabajo de dos d\u00edas en la Universidad de Colima. Derivado de ello, se acord\u00f3 trabajar en conjunto en tres proyectos en espec\u00edfico que se llevar\u00e1n a cabo en el corto, mediano y largo plazo, siendo nuestra instituci\u00f3n, la primera Universidad Mexicana con la que la CCA tiene un acercamiento para trabajar en conjunto.<\/p>\n\n\n\n<p class=\"wp-block-paragraph\">Capacitaci\u00f3n en desperdicio de alimentos, gesti\u00f3n de recursos para proyectos de impacto ambiental e intercambio acad\u00e9mico, son los tres proyectos con los que se estar\u00e1n trabajando, as\u00ed lo se\u00f1al\u00f3 en entrevista la Mtra. Ana Stephanie Barrera Gonz\u00e1lez, directora del Centro Universitario de Gesti\u00f3n Ambiental (CEUGEA).<\/p>\n\n\n\n<p class=\"wp-block-paragraph\">Al respecto, la directora del CEUGEA coment\u00f3 que \u201cla CCA tiene diferentes ejes trasversales, uno de ellos es el crecimiento verde, en el que existe un proyecto que justamente va en paralelo con una de las acciones que lleva a cabo est\u00e1 gesti\u00f3n rectoral en el tema de la econom\u00eda circular\u201d.&nbsp;<\/p>\n\n\n\n<p class=\"wp-block-paragraph\">El primero de ellos, dijo, sobre desperdicio de alimentos, la CCA gener\u00f3 una herramienta y una metodolog\u00eda muy sencilla que se puede aplicar en el sector alimenticio, en este caso a la poblaci\u00f3n universitaria, que son quienes se alimentan en las cafeter\u00edas de la Universidad de Colima.&nbsp;<\/p>\n\n\n\n<p class=\"wp-block-paragraph\">En ese sentido, coment\u00f3, \u201cla CCA nos va a capacitar sin costo alguno para que nosotros a su vez podamos implementar esta herramienta que tiene la organizaci\u00f3n a disposici\u00f3n de los ciudadanos de los tres pa\u00edses: Estados Unidos, Canad\u00e1 y M\u00e9xico; entendemos que este proceso se llevar\u00e1 a cabo de forma paulatina, que implica muchas voluntades y un espacio de sensibilizaci\u00f3n, pero si hacemos estos peque\u00f1os cambios notaremos la diferencia\u201d.&nbsp;<\/p>\n\n\n\n<p class=\"wp-block-paragraph\">El segundo proyecto se trata de una postulaci\u00f3n; de manera anual, el \u00e1rea de subvenciones lanza una convocatoria para apoyar diferentes proyectos, uno de ellos es el J4-Clima, enfocado a temas de educaci\u00f3n y justicia ambiental en comunidades que son afectadas directamente por el cambio clim\u00e1tico, por lo que Colima es un escenario ideal para apoyar este tipo de proyectos\u201d.&nbsp;<\/p>\n\n\n\n<p class=\"wp-block-paragraph\">En ese sentido, coment\u00f3, \u201cse envi\u00f3 a revisi\u00f3n un proyecto en el que se estar\u00edan beneficiando alrededor de 75 personas de forma directa y muchas m\u00e1s de forma indirecta, que son afectadas cada vez que llega un cicl\u00f3n a las costas de Colima y pierden todo, por lo que, de resultar beneficiados, se les capacitar\u00e1 para darles un abanico de opciones a aplicar en su comunidad con el que puedan obtener recursos\u201d.<\/p>\n\n\n\n<p class=\"wp-block-paragraph\">Por \u00faltimo, se\u00f1al\u00f3 que a largo plazo se tiene prevista la estancia de estudiantes de la Universidad en la CCA para llevar a cabo su servicio social o pr\u00e1cticas profesionales en las distintas \u00e1reas con las que cuenta dicha comisi\u00f3n, estp con el fin de poder intercambiar conocimiento y experiencias.&nbsp; &nbsp;<\/p>\n\n\n\n<p class=\"wp-block-paragraph\">La Comisi\u00f3n para la Cooperaci\u00f3n Ambiental (CCA) de Am\u00e9rica del Norte fue creada en 1994 por Canad\u00e1, Estados Unidos y M\u00e9xico para facilitar la cooperaci\u00f3n efectiva y la participaci\u00f3n p\u00fablica en los esfuerzos de conservaci\u00f3n, protecci\u00f3n y mejoramiento del medio ambiente de Am\u00e9rica del Norte. Cuenta con una larga trayectoria y vasta experiencia en labores de investigaci\u00f3n aportando herramientas, informaci\u00f3n y recursos de capacitaci\u00f3n.<\/p>\n<div class=\"fb-background-color\">\n\t\t\t  <div \n\t\t\t  \tclass = \"fb-comments\" \n\t\t\t  \tdata-href = \"https:\/\/diarioavanzada.com.mx\/?p=38160\"\n\t\t\t  \tdata-numposts = \"10\"\n\t\t\t  \tdata-lazy = \"true\"\n\t\t\t\tdata-colorscheme = \"light\"\n\t\t\t\tdata-order-by = \"social\"\n\t\t\t\tdata-mobile=true>\n\t\t\t  <\/div><\/div>\n\t\t  <style>\n\t\t    .fb-background-color {\n\t\t\t\tbackground:  !important;\n\t\t\t}\n\t\t\t.fb_iframe_widget_fluid_desktop iframe {\n\t\t\t    width: 100% !important;\n\t\t\t}\n\t\t  <\/style>\n\t\t  ","protected":false},"excerpt":{"rendered":"<p>Colima, M\u00e9xico, Comunicado (23\/11\/2022).- En d\u00edas pasados, la Mtra. Antonia And\u00fagar Mi\u00f1arro, l\u00edder de Proyectos de la Comisi\u00f3n para la Cooperaci\u00f3n Ambiental (CCA) de Am\u00e9rica del Norte realiz\u00f3 una estancia de trabajo de dos d\u00edas en la Universidad de Colima. Derivado de ello, se acord\u00f3 trabajar en conjunto en tres proyectos en espec\u00edfico que se [&hellip;]<\/p>\n","protected":false},"author":7,"featured_media":38161,"comment_status":"closed","ping_status":"closed","sticky":false,"template":"","format":"standard","meta":{"_coblocks_attr":"","_coblocks_dimensions":"","_coblocks_responsive_height":"","_coblocks_accordion_ie_support":"","_crdt_document":"","advanced_seo_description":"","jetpack_seo_html_title":"","jetpack_seo_noindex":false,"_jetpack_memberships_contains_paid_content":false,"footnotes":""},"categories":[7],"tags":[],"class_list":["post-38160","post","type-post","status-publish","format-standard","has-post-thumbnail","hentry","category-noticias"],"jetpack_featured_media_url":"https:\/\/diarioavanzada.com.mx\/wp-content\/uploads\/2022\/11\/image-160.png","jetpack-related-posts":[],"jetpack_sharing_enabled":true,"amp_enabled":true,"_links":{"self":[{"href":"https:\/\/diarioavanzada.com.mx\/index.php?rest_route=\/wp\/v2\/posts\/38160","targetHints":{"allow":["GET"]}}],"collection":[{"href":"https:\/\/diarioavanzada.com.mx\/index.php?rest_route=\/wp\/v2\/posts"}],"about":[{"href":"https:\/\/diarioavanzada.com.mx\/index.php?rest_route=\/wp\/v2\/types\/post"}],"author":[{"embeddable":true,"href":"https:\/\/diarioavanzada.com.mx\/index.php?rest_route=\/wp\/v2\/users\/7"}],"replies":[{"embeddable":true,"href":"https:\/\/diarioavanzada.com.mx\/index.php?rest_route=%2Fwp%2Fv2%2Fcomments&post=38160"}],"version-history":[{"count":1,"href":"https:\/\/diarioavanzada.com.mx\/index.php?rest_route=\/wp\/v2\/posts\/38160\/revisions"}],"predecessor-version":[{"id":38162,"href":"https:\/\/diarioavanzada.com.mx\/index.php?rest_route=\/wp\/v2\/posts\/38160\/revisions\/38162"}],"wp:featuredmedia":[{"embeddable":true,"href":"https:\/\/diarioavanzada.com.mx\/index.php?rest_route=\/wp\/v2\/media\/38161"}],"wp:attachment":[{"href":"https:\/\/diarioavanzada.com.mx\/index.php?rest_route=%2Fwp%2Fv2%2Fmedia&parent=38160"}],"wp:term":[{"taxonomy":"category","embeddable":true,"href":"https:\/\/diarioavanzada.com.mx\/index.php?rest_route=%2Fwp%2Fv2%2Fcategories&post=38160"},{"taxonomy":"post_tag","embeddable":true,"href":"https:\/\/diarioavanzada.com.mx\/index.php?rest_route=%2Fwp%2Fv2%2Ftags&post=38160"}],"curies":[{"name":"wp","href":"https:\/\/api.w.org\/{rel}","templated":true}]}}