{"id":38141,"date":"2022-11-23T08:24:45","date_gmt":"2022-11-23T14:24:45","guid":{"rendered":"https:\/\/diarioavanzada.com.mx\/?p=38141"},"modified":"2022-11-23T08:25:21","modified_gmt":"2022-11-23T14:25:21","slug":"rompe-record-gobierno-de-indira-alcanza-cifra-historica-de-personas-desaparecidas","status":"publish","type":"post","link":"https:\/\/diarioavanzada.com.mx\/?p=38141","title":{"rendered":"Rompe r\u00e9cord gobierno de Vizca\u00edno: alcanza cifra hist\u00f3rica de personas desaparecidas"},"content":{"rendered":"\n<p class=\"wp-block-paragraph\">Colima, M\u00e9xico, Avanzada (19\/11\/2022).-\u00a0Adem\u00e1s de contar n\u00fameros elevados de inseguridad en materia de homicidios dolosos en la historia de Colima, el gobierno de Indira Vizca\u00edno Silva tiene la cifra negativa m\u00e1s alta de la historia, con la mayor cantidad de personas desaparecidas en la entidad; los colimenses sufren la indolencia e ineptitud de las autoridades por encontrar a las personas de cientos de familias que lloran el extrav\u00edo de alg\u00fan integrante.\u00a0<\/p>\n\n\n\n<p class=\"wp-block-paragraph\">El problema lo reconoce Francisco Javier Almaz\u00e1n Torres, vocero de la Mesa de Coordinaci\u00f3n Estatal para la Construcci\u00f3n de la Paz y la Seguridad del Estado, quien acept\u00f3 que en este a\u00f1o se ha superado el r\u00e9cord de personas desaparecidas, report\u00e1ndose m\u00e1s de 645 personas no localizadas, cifra superior a la de cualquier otro a\u00f1o.<\/p>\n\n\n\n<p class=\"wp-block-paragraph\">El a\u00f1o 2017 ten\u00eda el n\u00famero m\u00e1s alto de personas desaparecidas, 579; sin embargo este 2022 ya van al menos 66 personas de las que no se sabe su paradero; y a\u00fan no concluye el a\u00f1o, por lo que entre este mes de noviembre y el siguiente, antes de cerrar la anualidad, la cifra podr\u00eda incrementarse a\u00fan m\u00e1s.&nbsp;<\/p>\n\n\n\n<p class=\"wp-block-paragraph\">Datos oficiales arrojan que este a\u00f1o, 218 de las personas desaparecidas eran mujeres, de las cuales 93 ya fueron localizadas, pero m\u00e1s de la mitad, 125, son casos sin concluir, todav\u00eda permanecen extraviadas. Sucede lo mismo con los hombres: 133 ya fueron localizados y 294 a\u00fan permanecen sin rastro.<\/p>\n\n\n\n<p class=\"wp-block-paragraph\">De las cifras anteriores, faltar\u00eda advertir cu\u00e1les personas fueron encontradas con vida y cu\u00e1ntas no, adem\u00e1s de tomar en cuenta que es informaci\u00f3n oficial, por lo que la gravedad podr\u00eda ser todav\u00eda mayor, como lo han denunciado diferentes organizaciones de la sociedad civil. El colectivo de B\u00fasqueda de Personas Desaparecidas en Tecom\u00e1n denunci\u00f3 que hasta agosto pasado, s\u00f3lo en ese municipio hab\u00eda 183 personas desaparecidas.<\/p>\n\n\n\n<p class=\"wp-block-paragraph\">El argumento que dio el&nbsp; tambi\u00e9n visefiscal, Almaz\u00e1n Torres, fue que tanto el incremento de la inseguridad es porque Colima \u201cest\u00e1 viviendo un ambiente de hostilidad entre los c\u00e1rteles incrustados en el estado\u201d, pero asegur\u00f3 que continuar\u00e1n los trabajos para evitar delitos y desapariciones.&nbsp;<\/p>\n\n\n\n<p class=\"wp-block-paragraph\">Mientras, es probable que el tiempo en encontrar a las personas desaparecidas, y la agon\u00eda que viven sus familiares, se prolongue por mucho tiempo m\u00e1s, pues en la entidad s\u00f3lo ocho agentes del Ministerio P\u00fablico son los responsables de investigar las m\u00e1s de mil 500 denuncias que existen por desaparici\u00f3n.<\/p>\n\n\n\n<p class=\"wp-block-paragraph\">Candelaria Ochoa Pizano, integrante del colectivo de B\u00fasqueda de Personas Desaparecidas en Tecom\u00e1n, reconoci\u00f3 semanas atr\u00e1s que el n\u00famero de agentes investigadores detiene los trabajos para localizar a las v\u00edctimas, \u201cpues no se dan abasto con tanto\u201d.<\/p>\n\n\n\n<p class=\"wp-block-paragraph\">Pero las personas desaparecidas no son n\u00fameros sino seres humanos. \u201cLas desapariciones son un problema que nos afecta a todos y a todas, porque no puede existir un estado de derecho en una sociedad en las que las personas desaparecen de forma reiterada, porque hoy buscamos a nuestro hijos e hijas, pero ma\u00f1ana puede que te busquemos a ti\u201d, expusieron los familiares en el Jard\u00edn Libertad de Colima, al conmemorar en agosto pasado el d\u00eda internacional de las v\u00edctimas de desapariciones forzadas.<\/p>\n<div class=\"fb-background-color\">\n\t\t\t  <div \n\t\t\t  \tclass = \"fb-comments\" \n\t\t\t  \tdata-href = \"https:\/\/diarioavanzada.com.mx\/?p=38141\"\n\t\t\t  \tdata-numposts = \"10\"\n\t\t\t  \tdata-lazy = \"true\"\n\t\t\t\tdata-colorscheme = \"light\"\n\t\t\t\tdata-order-by = \"social\"\n\t\t\t\tdata-mobile=true>\n\t\t\t  <\/div><\/div>\n\t\t  <style>\n\t\t    .fb-background-color {\n\t\t\t\tbackground:  !important;\n\t\t\t}\n\t\t\t.fb_iframe_widget_fluid_desktop iframe {\n\t\t\t    width: 100% !important;\n\t\t\t}\n\t\t  <\/style>\n\t\t  ","protected":false},"excerpt":{"rendered":"<p>Colima, M\u00e9xico, Avanzada (19\/11\/2022).-\u00a0Adem\u00e1s de contar n\u00fameros elevados de inseguridad en materia de homicidios dolosos en la historia de Colima, el gobierno de Indira Vizca\u00edno Silva tiene la cifra negativa m\u00e1s alta de la historia, con la mayor cantidad de personas desaparecidas en la entidad; los colimenses sufren la indolencia e ineptitud de las autoridades [&hellip;]<\/p>\n","protected":false},"author":7,"featured_media":38142,"comment_status":"closed","ping_status":"closed","sticky":false,"template":"","format":"standard","meta":{"_coblocks_attr":"","_coblocks_dimensions":"","_coblocks_responsive_height":"","_coblocks_accordion_ie_support":"","_crdt_document":"","advanced_seo_description":"","jetpack_seo_html_title":"","jetpack_seo_noindex":false,"_jetpack_memberships_contains_paid_content":false,"footnotes":""},"categories":[19,209,231],"tags":[275,210,219],"class_list":["post-38141","post","type-post","status-publish","format-standard","has-post-thumbnail","hentry","category-colima","category-importantes","category-seguridad","tag-desaparecidos","tag-portada","tag-seguridad"],"jetpack_featured_media_url":"https:\/\/diarioavanzada.com.mx\/wp-content\/uploads\/2022\/11\/image-154.png","jetpack-related-posts":[],"jetpack_sharing_enabled":true,"amp_enabled":true,"_links":{"self":[{"href":"https:\/\/diarioavanzada.com.mx\/index.php?rest_route=\/wp\/v2\/posts\/38141","targetHints":{"allow":["GET"]}}],"collection":[{"href":"https:\/\/diarioavanzada.com.mx\/index.php?rest_route=\/wp\/v2\/posts"}],"about":[{"href":"https:\/\/diarioavanzada.com.mx\/index.php?rest_route=\/wp\/v2\/types\/post"}],"author":[{"embeddable":true,"href":"https:\/\/diarioavanzada.com.mx\/index.php?rest_route=\/wp\/v2\/users\/7"}],"replies":[{"embeddable":true,"href":"https:\/\/diarioavanzada.com.mx\/index.php?rest_route=%2Fwp%2Fv2%2Fcomments&post=38141"}],"version-history":[{"count":2,"href":"https:\/\/diarioavanzada.com.mx\/index.php?rest_route=\/wp\/v2\/posts\/38141\/revisions"}],"predecessor-version":[{"id":38144,"href":"https:\/\/diarioavanzada.com.mx\/index.php?rest_route=\/wp\/v2\/posts\/38141\/revisions\/38144"}],"wp:featuredmedia":[{"embeddable":true,"href":"https:\/\/diarioavanzada.com.mx\/index.php?rest_route=\/wp\/v2\/media\/38142"}],"wp:attachment":[{"href":"https:\/\/diarioavanzada.com.mx\/index.php?rest_route=%2Fwp%2Fv2%2Fmedia&parent=38141"}],"wp:term":[{"taxonomy":"category","embeddable":true,"href":"https:\/\/diarioavanzada.com.mx\/index.php?rest_route=%2Fwp%2Fv2%2Fcategories&post=38141"},{"taxonomy":"post_tag","embeddable":true,"href":"https:\/\/diarioavanzada.com.mx\/index.php?rest_route=%2Fwp%2Fv2%2Ftags&post=38141"}],"curies":[{"name":"wp","href":"https:\/\/api.w.org\/{rel}","templated":true}]}}