{"id":38013,"date":"2022-11-17T07:42:59","date_gmt":"2022-11-17T13:42:59","guid":{"rendered":"https:\/\/diarioavanzada.com.mx\/?p=38013"},"modified":"2022-11-17T07:43:05","modified_gmt":"2022-11-17T13:43:05","slug":"su-presencia-o-ausencia-da-lo-mismo","status":"publish","type":"post","link":"https:\/\/diarioavanzada.com.mx\/?p=38013","title":{"rendered":"Su presencia o ausencia da lo mismo"},"content":{"rendered":"\n<p class=\"wp-block-paragraph\">Columna<\/p>\n\n\n\n<p class=\"wp-block-paragraph\">El puercoesp\u00edn&nbsp;<\/p>\n\n\n\n<p class=\"wp-block-paragraph\">En la vida nadie es indispensable, pues todos somos prescindibles. Pero tambi\u00e9n es cierto que nuestra eficacia y eficiencia nos vuelve personas imprescindibles.<\/p>\n\n\n\n<p class=\"wp-block-paragraph\">El que est\u00e9 o no est\u00e9 la gobernadora en Colima da lo mismo. El gobierno de Indi Vizca\u00edno es tan ineficaz que la ausencia o presencia de la titular del Ejecutivo resulta intrascendente.<\/p>\n\n\n\n<p class=\"wp-block-paragraph\">Cuando un padre de familia se ausenta del seno familiar termina por dejar de pertenecer a la familia y no se trata de que lo expulsen o lo dejen de querer, su esposa o sus hijos, sino que la ausencia lo convierte de un ser ajeno. Deja de pertenecer a la familia, el v\u00ednculo de amor u odio&nbsp; se desconecta, no se es m\u00e1s miembro de la familia, la distancia los volvi\u00f3 ajenos.<\/p>\n\n\n\n<p class=\"wp-block-paragraph\">As\u00ed le pas\u00f3 a Indi, la in\u00fatil, sus ausencias del estado terminaron por convertirla en alguien ajeno a la sociedad colimense.<\/p>\n\n\n\n<p class=\"wp-block-paragraph\">Comenz\u00f3 sus periplos como un chiste, como una divertida manera de una infante que se va de la casa a dar la vuelta a la plaza, sabiendo que va preocupar a sus padres. Fueron unas travesuras sus primeras escapadas a la CDMX.<\/p>\n\n\n\n<p class=\"wp-block-paragraph\">Continu\u00f3 con sus travesuras como un berrinche. Se sab\u00eda en el poder y experimentaba las novedades de su condici\u00f3n in\u00e9dita, se sinti\u00f3 poderosa y por encima de los ciudadanos colimenses. Era la ni\u00f1a con el juguete nuevo.<\/p>\n\n\n\n<p class=\"wp-block-paragraph\">Su ausencia y su biso\u00f1a condici\u00f3n de gobernadora fueron tejiendo la urdimbre que puso al estado en peligro, un riesgo que se concret\u00f3. Lleg\u00f3 el 25 de enero y la masacre de los presos en el Cereso marcaron las condiciones de inseguridad que vive el estado y la incapacidad del secretariado de Seguridad P\u00fablica que, desde entonces, no ha podido aplicar una estrategia local que pusiera en coordinaci\u00f3n y sincron\u00eda a las fuerzas federales de la Marina Armada de M\u00e9xico, Defensa Nacional y Guardia Nacional con la Secretaria de Seguridad Ciudadana y las polic\u00edas municipales. Desde entonces la descoordinaci\u00f3n y la incapacidad fueron poni\u00e9ndose cada vez m\u00e1s en evidencia sin que hubiera una reacci\u00f3n de parte del Ejecutivo estatal.<\/p>\n\n\n\n<p class=\"wp-block-paragraph\">Al principio las ausencias parec\u00edan coincidir con las muertes de 5 o 10 colimenses; sin embargo, poco a poco nos dimos cuenta que no era tal coincidencia, entre ausencias de la gobernadora y el incremento de la violencia, no. Lo que pasaba era que la violencia era constante as\u00ed estuviera aqu\u00ed la g\u00f3ber o ausente. Lo que pasaba es que la ausencia combinadas con las muertes, balaceras y atentados incendiarios hac\u00edan m\u00e1s fuertes los reclamos de su indolencia y sus pr\u00e1cticas pol\u00edticas desafortunadas. Cuando se dio cuenta que el reclamo de los colimenses era v\u00e1lido y que ante la incapacidad de contener la violencia los ciudadanos reclam\u00e1bamos empat\u00eda y que ella y equipo corrieran la misma suerte, es decir, acompa\u00f1arnos aunque no hubiera&nbsp; paz ni victorias sobre los violentos.<\/p>\n\n\n\n<p class=\"wp-block-paragraph\">La gobernadora nunca lo entendi\u00f3.<\/p>\n\n\n\n<p class=\"wp-block-paragraph\">Se le llam\u00f3 la atenci\u00f3n de sus altos sueldos y ante el llamado tan fuerte de la sociedad su gobierno tuvo que recular, pero sin ofrecer disculpas convincentes.<\/p>\n\n\n\n<p class=\"wp-block-paragraph\">Intent\u00f3 correr la misma suerte de los colimenses y le bajo una rayita a los viajes, pero al primer descuido de la sociedad la infanta volvi\u00f3 a sus fatuos juegos infantiles regres\u00f3 a sus travesuras de ausentarse del estado.<\/p>\n\n\n\n<p class=\"wp-block-paragraph\">El presidente no fue a la cumbre clim\u00e1tica en Egipto porque la verdad es puro turismo pol\u00edtico&nbsp; cuando s\u00ed lo hicieron pol\u00edticos de oposici\u00f3n y, donde por cierto, nunca se logran resultados concretos y pactos firmemente honrados. El presidente mand\u00f3 una representaci\u00f3n formal y de esa manera estuvo presente, pero el contin\u00faa atendiendo los asuntos nacionales porque \u00e9l sabe que son prioritarios.<\/p>\n\n\n\n<p class=\"wp-block-paragraph\">El presidente no fue a la reuni\u00f3n del G20, y tuvo raz\u00f3n al no ir, pues los pa\u00edses asistentes se dedicaron &#8211;antes que tratar los asuntos econ\u00f3micos que le da raz\u00f3n de ser al grupo&#8211; a tratar los asuntos de la guerra. Hablaron y discutieron de la guerra entre Ucrania y Rusia porque para ellos esa es su prioridad. Para M\u00e9xico lo prioritario es su econom\u00eda, que dicho sea de paso, est\u00e1 muy bien y amenaza con estar mejor en el 2023 gracias al talento intuitivo y olfato pol\u00edtico del presidente y del genio de las finanzas Rogelio Ram\u00edrez de la O.<\/p>\n\n\n\n<p class=\"wp-block-paragraph\">M\u00e9xico mand\u00f3 su representaci\u00f3n al G20 y el presidente permaneci\u00f3 en el pa\u00eds sin desvincularse del mundo, pero cada quien atiende y comparte su suerte con los que siente m\u00e1s empat\u00eda. Para el presidente lo m\u00e1s importante son los mexicanos y a ellos se dedica.<\/p>\n\n\n\n<p class=\"wp-block-paragraph\">La infanta nuevamente se escap\u00f3 a la CDMX a un evento del IMSS, donde bien puedo haber mandado una representaci\u00f3n, pero no lo hizo, prefiri\u00f3 salir del estado para hacer turismo pol\u00edtico e irresponsablemente dedicarse a la politiquer\u00eda.<\/p>\n\n\n\n<p class=\"wp-block-paragraph\">Los colimenses ya nos dimos cuenta &#8211;ya era hora&#8211; que es una infanta que est\u00e9 o no en Colima es sustancialmente intrascendente, pues esa pueril gobernante es perfectamente prescindible. No var\u00edan las cosas si est\u00e1 o no est\u00e1, las decisiones, si se toman o no se toman, suceden igual con su presencia o en su ausencia. La inercia del gobierno es la misma.&nbsp;<\/p>\n\n\n\n<p class=\"wp-block-paragraph\">El problema es que la infanta es gobernadora y ya destruy\u00f3 al Poder Legislativo y al Poder Judicial, el Ejecutivo que ella encabeza es obvio que es un desastre.<\/p>\n\n\n\n<p class=\"wp-block-paragraph\"><strong><em>Los resultados de un a\u00f1o de gobierno son f\u00e1cil de verlos. Sus ausencias son iguales a sus presencias. Indi logr\u00f3 convencernos que ella no es indispensables que es perfectamente prescindible.<\/em><\/strong><\/p>\n<div class=\"fb-background-color\">\n\t\t\t  <div \n\t\t\t  \tclass = \"fb-comments\" \n\t\t\t  \tdata-href = \"https:\/\/diarioavanzada.com.mx\/?p=38013\"\n\t\t\t  \tdata-numposts = \"10\"\n\t\t\t  \tdata-lazy = \"true\"\n\t\t\t\tdata-colorscheme = \"light\"\n\t\t\t\tdata-order-by = \"social\"\n\t\t\t\tdata-mobile=true>\n\t\t\t  <\/div><\/div>\n\t\t  <style>\n\t\t    .fb-background-color {\n\t\t\t\tbackground:  !important;\n\t\t\t}\n\t\t\t.fb_iframe_widget_fluid_desktop iframe {\n\t\t\t    width: 100% !important;\n\t\t\t}\n\t\t  <\/style>\n\t\t  ","protected":false},"excerpt":{"rendered":"<p>Columna El puercoesp\u00edn&nbsp; En la vida nadie es indispensable, pues todos somos prescindibles. Pero tambi\u00e9n es cierto que nuestra eficacia y eficiencia nos vuelve personas imprescindibles. El que est\u00e9 o no est\u00e9 la gobernadora en Colima da lo mismo. El gobierno de Indi Vizca\u00edno es tan ineficaz que la ausencia o presencia de la titular [&hellip;]<\/p>\n","protected":false},"author":9,"featured_media":32179,"comment_status":"closed","ping_status":"closed","sticky":false,"template":"","format":"standard","meta":{"_coblocks_attr":"","_coblocks_dimensions":"","_coblocks_responsive_height":"","_coblocks_accordion_ie_support":"","advanced_seo_description":"","jetpack_seo_html_title":"","jetpack_seo_noindex":false,"jetpack_seo_schema_type":"","_jetpack_newsletter_access":"","_jetpack_dont_email_post_to_subs":false,"_jetpack_newsletter_tier_id":0,"_jetpack_memberships_contains_paywalled_content":false,"_wpcom_ai_launchpad_first_post":false,"_jetpack_feature_clip_id":0,"_jetpack_memberships_contains_paid_content":false,"footnotes":"","jetpack_post_was_ever_published":false},"categories":[19,209],"tags":[210],"class_list":["post-38013","post","type-post","status-publish","format-standard","has-post-thumbnail","hentry","category-colima","category-importantes","tag-portada"],"jetpack-related-posts":[],"jetpack_sharing_enabled":true,"amp_enabled":true,"jetpack_featured_media_url":"https:\/\/diarioavanzada.com.mx\/wp-content\/uploads\/2022\/04\/Indira-recordando.png","_links":{"self":[{"href":"https:\/\/diarioavanzada.com.mx\/index.php?rest_route=\/wp\/v2\/posts\/38013","targetHints":{"allow":["GET"]}}],"collection":[{"href":"https:\/\/diarioavanzada.com.mx\/index.php?rest_route=\/wp\/v2\/posts"}],"about":[{"href":"https:\/\/diarioavanzada.com.mx\/index.php?rest_route=\/wp\/v2\/types\/post"}],"author":[{"embeddable":true,"href":"https:\/\/diarioavanzada.com.mx\/index.php?rest_route=\/wp\/v2\/users\/9"}],"replies":[{"embeddable":true,"href":"https:\/\/diarioavanzada.com.mx\/index.php?rest_route=%2Fwp%2Fv2%2Fcomments&post=38013"}],"version-history":[{"count":1,"href":"https:\/\/diarioavanzada.com.mx\/index.php?rest_route=\/wp\/v2\/posts\/38013\/revisions"}],"predecessor-version":[{"id":38014,"href":"https:\/\/diarioavanzada.com.mx\/index.php?rest_route=\/wp\/v2\/posts\/38013\/revisions\/38014"}],"wp:featuredmedia":[{"embeddable":true,"href":"https:\/\/diarioavanzada.com.mx\/index.php?rest_route=\/wp\/v2\/media\/32179"}],"wp:attachment":[{"href":"https:\/\/diarioavanzada.com.mx\/index.php?rest_route=%2Fwp%2Fv2%2Fmedia&parent=38013"}],"wp:term":[{"taxonomy":"category","embeddable":true,"href":"https:\/\/diarioavanzada.com.mx\/index.php?rest_route=%2Fwp%2Fv2%2Fcategories&post=38013"},{"taxonomy":"post_tag","embeddable":true,"href":"https:\/\/diarioavanzada.com.mx\/index.php?rest_route=%2Fwp%2Fv2%2Ftags&post=38013"}],"curies":[{"name":"wp","href":"https:\/\/api.w.org\/{rel}","templated":true}]}}