{"id":37976,"date":"2022-11-16T07:15:24","date_gmt":"2022-11-16T13:15:24","guid":{"rendered":"https:\/\/diarioavanzada.com.mx\/?p=37976"},"modified":"2022-11-16T07:18:07","modified_gmt":"2022-11-16T13:18:07","slug":"en-colima-sucede-que-nada-sucede-solo-la-muerte","status":"publish","type":"post","link":"https:\/\/diarioavanzada.com.mx\/?p=37976","title":{"rendered":"En Colima sucede que nada sucede, solo la muerte"},"content":{"rendered":"\n<p class=\"wp-block-paragraph\">Columna<\/p>\n\n\n\n<p class=\"wp-block-paragraph\">El puercoesp\u00edn&nbsp;<\/p>\n\n\n\n<p class=\"wp-block-paragraph\">En Colima la derecha no tiene agenda, la izquierda tampoco\/\/ en Colima sucede que nada sucede<\/p>\n\n\n\n<p class=\"wp-block-paragraph\">Sucede\/&nbsp; Que aqu\u00ed \/ Nada sucede\/ Sino la lluvia\u2026 lluvia, lluvia, lluvia dice Efra\u00edn Huerta en su poem\u00ednino dedicado al dios Tl\u00e1loc.&nbsp;<\/p>\n\n\n\n<p class=\"wp-block-paragraph\">En Colima sucede que nada sucede. Un hecho sin precedentes estamos viviendo que se siente un ambiente raro o enrarecido. No se aprecia qui\u00e9n manda. Hay una persona encargada del Ejecutivo pero rumbo no hay. No hay liderazgo en el gobierno, pero tampoco hay liderazgos en la oposici\u00f3n.<\/p>\n\n\n\n<p class=\"wp-block-paragraph\">El que no haya liderazgo en la oposici\u00f3n y en los partidos pol\u00edticos de la misma, aparentemente, poco importar\u00eda, pues no tienen responsabilidades de Estado; sin embargo la falta de agenda y de liderazgo en el gobierno ya se empieza a sentir como una nata espesa y viscosa. &nbsp;<\/p>\n\n\n\n<p class=\"wp-block-paragraph\">A nivel nacional y local&nbsp; la oposici\u00f3n ha sido incapaz de presentar una agenda propia con una o varias causas. Ha habido gritos y sombrerazos, posturas aisladas y contestatarios, pero agenda propia no tiene o no quiere asumirla.<\/p>\n\n\n\n<p class=\"wp-block-paragraph\">De facto; sin embargo, sus actos contestatarios han sido rebasados por cualquier locura inimaginable, por ejemplo, defender los actos de&nbsp; corrupci\u00f3n de sus gobernadores y apoyar el saqueo como pol\u00edticas v\u00e1lidas y lo m\u00e1s que han llegado a decir, a manera de reproche o de censura, es se\u00f1alar que son males necesarios, lo anterior hace unos 25 a\u00f1os&nbsp; nadie lo hubiera imaginado. Hoy, la corrupci\u00f3n y promover el saqueo del Estado, es un timbre de orgullo para la derecha, defender los actos criminales de violencia lo consideran moralmente v\u00e1lido, pues lo ven como una forma t\u00e1ctica de debilitar&nbsp; al gobierno de Amlo, sin importarles el da\u00f1o que se le est\u00e1 causando al tejido social.<\/p>\n\n\n\n<p class=\"wp-block-paragraph\">No tienen agenda propia, pero s\u00ed tiene unidad en la acci\u00f3n. Y curiosamente esto les ha dado resultado, pues mucha gente desencantada de la 4T&#8211;sobre todo en las regiones&#8211; se les ha sumado a sus movilizaciones; sin embargo, su lucha carece de identidad y de un proyecto m\u00ednimo. Tal vez por eso renuncian a no tener una agenda espec\u00edfica, pues calculan que perder\u00edan adherentes.<\/p>\n\n\n\n<p class=\"wp-block-paragraph\">Hoy su agenda es no tener agenda. Su proyecto es que no hay proyecto. Solo la pervivencia de la impunidad, el saqueo del Estado y la corrupci\u00f3n&nbsp; son la raz\u00f3n de luchar contra el gobierno.<\/p>\n\n\n\n<p class=\"wp-block-paragraph\">Su discurso es muy&nbsp; l\u00edmitado en creatividad, moral y concreci\u00f3n, pero lleno de violencia y de odio.<\/p>\n\n\n\n<p class=\"wp-block-paragraph\">En Colima el gobierno no tiene agenda pol\u00edtica a diferencia del Gobierno de M\u00e9xico que s\u00ed tiene una agenda precisa y program\u00e1tica que es precisamente lo que tiene fuera de s\u00ed a los conservadores. La gobernadora de Colima no tiene agenda pol\u00edtica y \u00e9sto dispersa a los apoyadores de Morena y los mete en confusiones tan superlativas al no encontrar \u00e9stos &#8211;los apoyadores a ultranza&#8211; que no tienen margen de acci\u00f3n y defensa de su gobierno local pues \u00e9ste: no ha iniciado ning\u00fan proceso ni investigaci\u00f3n contra los corruptos del r\u00e9gimen pasado, no se ven acciones de las secretar\u00edas de Estado que tengan un car\u00e1cter distintivo con el viejo r\u00e9gimen.&nbsp;<\/p>\n\n\n\n<p class=\"wp-block-paragraph\">Sus partidarios y funcionarios de la 4T en Colima se han&nbsp; convertido en matraqueros de las gobernadora. Lo que publica la gobernadora lo replican sus funcionarios y mandos medios que mas que gobierno parecen un club de amigos que convergen en las redes sociales. Hasta hoy&nbsp; Facebook y Twitter son sus espacios de acci\u00f3n para replicar a diestra y siniestra las selfis y los tuis de ocurrencia y propaganda oficial de su jefa que, sumados a las plumas rentadas para atacar y lisonjear, forman la urdimbre del no hacer nada, tan solo hacer para pasar el tiempo, y que parezca que algo sucede, donde no sucede nada. Para ellos la pol\u00edtica es matraquear para su jefa.<\/p>\n\n\n\n<p class=\"wp-block-paragraph\">Este sexenio seguramente ser\u00e1 materia de estudio en los pr\u00f3ximos a\u00f1os porque es muy at\u00edpico que una comunidad el Gobierno y la oposici\u00f3n se parezcan tanto, sobre todo en no hacer lo que deben de hacer, pol\u00edtica.&nbsp;<\/p>\n\n\n\n<p class=\"wp-block-paragraph\">La oposici\u00f3n que, ha sido su mejor antipropaganda de ellos mismo, valga la redundancia, al asumir, como defensa ante la cr\u00edtica que se les hace como corruptos, el aceptar que s\u00ed son corruptos, pero los nuevos son iguales o peores. Vaya manera de incriminarse &#8211;que por cierto nadie los ha desmentido&#8211;.<\/p>\n\n\n\n<p class=\"wp-block-paragraph\">El resultado es la inacci\u00f3n y vac\u00edo de poder y falta de rumbo pol\u00edtico que, si no fuera por el Gobierno de M\u00e9xcio y una sociedad muy madura, pol\u00edticamente hablando, este gobierno local ya hubiera naufragado.&nbsp;<\/p>\n\n\n\n<p class=\"wp-block-paragraph\">Yo presumo que la sociedad est\u00e1 en la l\u00f3gica de ni siquiera crear condiciones para elegir entre inconvenientes. Para qu\u00e9 quitar a los que est\u00e1n si los potenciales sustitutos ofrecen exactamente lo mismo.<\/p>\n\n\n\n<p class=\"wp-block-paragraph\">En el gobierno de Colima como dice Efra\u00edn Huerta: Sucede. Que aqu\u00ed. Nada sucede. Sino la lluvia, lluvia, lluvia, lluvia.<\/p>\n\n\n\n<p class=\"wp-block-paragraph\">Y en las calles de Colima y la Villa, el epicentro de los homicidios de todo el estado,&nbsp; la muerte tiene permiso y hace sus rondas desde muy temprano, tan solo ayer, de acuerdo a informaci\u00f3n publicadas en las redes, sujetos armados a bordo de un veh\u00edculo compacto, se emparejaron a un automotor Mazda color blanco donde viajaba el agente policiaco, Arturo Rodr\u00edguez de la Rosa, dispar\u00e1ndole en repetidas ocasiones.<\/p>\n\n\n\n<p class=\"wp-block-paragraph\">En Colima sucede que nada sucede, solo la muerte.<\/p>\n<div class=\"fb-background-color\">\n\t\t\t  <div \n\t\t\t  \tclass = \"fb-comments\" \n\t\t\t  \tdata-href = \"https:\/\/diarioavanzada.com.mx\/?p=37976\"\n\t\t\t  \tdata-numposts = \"10\"\n\t\t\t  \tdata-lazy = \"true\"\n\t\t\t\tdata-colorscheme = \"light\"\n\t\t\t\tdata-order-by = \"social\"\n\t\t\t\tdata-mobile=true>\n\t\t\t  <\/div><\/div>\n\t\t  <style>\n\t\t    .fb-background-color {\n\t\t\t\tbackground:  !important;\n\t\t\t}\n\t\t\t.fb_iframe_widget_fluid_desktop iframe {\n\t\t\t    width: 100% !important;\n\t\t\t}\n\t\t  <\/style>\n\t\t  ","protected":false},"excerpt":{"rendered":"<p>Columna El puercoesp\u00edn&nbsp; En Colima la derecha no tiene agenda, la izquierda tampoco\/\/ en Colima sucede que nada sucede Sucede\/&nbsp; Que aqu\u00ed \/ Nada sucede\/ Sino la lluvia\u2026 lluvia, lluvia, lluvia dice Efra\u00edn Huerta en su poem\u00ednino dedicado al dios Tl\u00e1loc.&nbsp; En Colima sucede que nada sucede. Un hecho sin precedentes estamos viviendo que se [&hellip;]<\/p>\n","protected":false},"author":9,"featured_media":37977,"comment_status":"closed","ping_status":"closed","sticky":false,"template":"","format":"standard","meta":{"_coblocks_attr":"","_coblocks_dimensions":"","_coblocks_responsive_height":"","_coblocks_accordion_ie_support":"","advanced_seo_description":"","jetpack_seo_html_title":"","jetpack_seo_noindex":false,"jetpack_seo_schema_type":"","_jetpack_newsletter_access":"","_jetpack_dont_email_post_to_subs":false,"_jetpack_newsletter_tier_id":0,"_jetpack_memberships_contains_paywalled_content":false,"_wpcom_ai_launchpad_first_post":false,"_jetpack_feature_clip_id":0,"_jetpack_memberships_contains_paid_content":false,"footnotes":"","jetpack_post_was_ever_published":false},"categories":[19,209,24],"tags":[220,210],"class_list":["post-37976","post","type-post","status-publish","format-standard","has-post-thumbnail","hentry","category-colima","category-importantes","category-opinion","tag-opinion","tag-portada"],"jetpack-related-posts":[],"jetpack_sharing_enabled":true,"amp_enabled":true,"jetpack_featured_media_url":"https:\/\/diarioavanzada.com.mx\/wp-content\/uploads\/2022\/11\/image-99.png","_links":{"self":[{"href":"https:\/\/diarioavanzada.com.mx\/index.php?rest_route=\/wp\/v2\/posts\/37976","targetHints":{"allow":["GET"]}}],"collection":[{"href":"https:\/\/diarioavanzada.com.mx\/index.php?rest_route=\/wp\/v2\/posts"}],"about":[{"href":"https:\/\/diarioavanzada.com.mx\/index.php?rest_route=\/wp\/v2\/types\/post"}],"author":[{"embeddable":true,"href":"https:\/\/diarioavanzada.com.mx\/index.php?rest_route=\/wp\/v2\/users\/9"}],"replies":[{"embeddable":true,"href":"https:\/\/diarioavanzada.com.mx\/index.php?rest_route=%2Fwp%2Fv2%2Fcomments&post=37976"}],"version-history":[{"count":2,"href":"https:\/\/diarioavanzada.com.mx\/index.php?rest_route=\/wp\/v2\/posts\/37976\/revisions"}],"predecessor-version":[{"id":37979,"href":"https:\/\/diarioavanzada.com.mx\/index.php?rest_route=\/wp\/v2\/posts\/37976\/revisions\/37979"}],"wp:featuredmedia":[{"embeddable":true,"href":"https:\/\/diarioavanzada.com.mx\/index.php?rest_route=\/wp\/v2\/media\/37977"}],"wp:attachment":[{"href":"https:\/\/diarioavanzada.com.mx\/index.php?rest_route=%2Fwp%2Fv2%2Fmedia&parent=37976"}],"wp:term":[{"taxonomy":"category","embeddable":true,"href":"https:\/\/diarioavanzada.com.mx\/index.php?rest_route=%2Fwp%2Fv2%2Fcategories&post=37976"},{"taxonomy":"post_tag","embeddable":true,"href":"https:\/\/diarioavanzada.com.mx\/index.php?rest_route=%2Fwp%2Fv2%2Ftags&post=37976"}],"curies":[{"name":"wp","href":"https:\/\/api.w.org\/{rel}","templated":true}]}}