{"id":37960,"date":"2022-11-15T07:58:17","date_gmt":"2022-11-15T13:58:17","guid":{"rendered":"https:\/\/diarioavanzada.com.mx\/?p=37960"},"modified":"2022-11-15T07:58:31","modified_gmt":"2022-11-15T13:58:31","slug":"la-marcha-conservadora-y-el-tik-tok","status":"publish","type":"post","link":"https:\/\/diarioavanzada.com.mx\/?p=37960","title":{"rendered":"La marcha conservadora y el Tik Tok"},"content":{"rendered":"\n<p class=\"wp-block-paragraph\">Columna<\/p>\n\n\n\n<p class=\"wp-block-paragraph\">El puercoesp\u00edn&nbsp;<\/p>\n\n\n\n<p class=\"wp-block-paragraph\">Algunas conclusiones<\/p>\n\n\n\n<p class=\"wp-block-paragraph\">La marcha conservadora en Colima tiene la marca de la corrupci\u00f3n y la consigna de la restauraci\u00f3n del r\u00e9gimen corrupto del Prian.&nbsp;<\/p>\n\n\n\n<p class=\"wp-block-paragraph\">\u00bfEn verdad la marcha del domingo busca la restauraci\u00f3n del r\u00e9gimen priista?<\/p>\n\n\n\n<p class=\"wp-block-paragraph\">Mucha gente de Colima piensan y sienten que la marcha del 13 de noviembre busca la restauraci\u00f3n del viejo r\u00e9gimen del saqueo.<\/p>\n\n\n\n<p class=\"wp-block-paragraph\">Otros tantos tienen la convicci\u00f3n de que el viejo r\u00e9gimen nunca se march\u00f3, tan solo mudo de piel, o dicho de otra manera, est\u00e1n otros al mando, pero en el fondo comparten las mismas convicciones patrimonialistas del Estado. Es decir que no se ha marchado y siguen en el poder los viejos vicios, e incluso acentuados, con nuevos defectos, pero con el garlito de decirse y asumirse como distintos.<\/p>\n\n\n\n<p class=\"wp-block-paragraph\">Aqu\u00ed, como a nivel nacional, la oposici\u00f3n no marc\u00f3, ni un antes ni un despu\u00e9s, en la narrativa de una nueva forma de plantearse la pol\u00edtica, sobre todo, que reivindicara el derecho de los m\u00e1s pauperizados, no, nada de eso hubo en Colima ni a nivel nacional &#8211;Jos\u00e9 Woldenberg ley\u00f3 un desangelado y&nbsp; p\u00e9simo discurso, tan cotidiano como subirse al metro.<\/p>\n\n\n\n<p class=\"wp-block-paragraph\">La oposici\u00f3n, en Colima, no marc\u00f3 agenda ni present\u00f3 una agenda pol\u00edtica m\u00ednima para enfrentar a un d\u00e9bil y ausente gobierno morenista, la nota consisti\u00f3 en que los dinosaurios salieron a tomar el sol del oto\u00f1o colimense.<\/p>\n\n\n\n<p class=\"wp-block-paragraph\">En Colima marcharon los viejos dinosaurios, acompa\u00f1ados de dinosaurios j\u00f3venes pero con cerebros formateados en el pasado, y s\u00ed, tambi\u00e9n marcharon personas de buena fe que piensan y sientes, con mucha raz\u00f3n, que el gobierno estatal traicion\u00f3&nbsp; sus dichos y promesas de campa\u00f1a.<\/p>\n\n\n\n<p class=\"wp-block-paragraph\">La marcha fue b\u00e1sicamene corporativa y partidista &#8211;eso no debe perderse de vista&#8211; lo que la vuelve cualitativamente muy diferente a una marcha ciudadana, el problema radic\u00f3 en haberla autodenominada ciudadana cuando sab\u00edan perfectamente que no lo era. Una marcha partidista con ciudadanos integrados no la hace ciudadana, ni mucho menos, le da el plus que una marcha de ciudadanos libres tiene. Tambi\u00e9n el ser una manifestaci\u00f3n opositora de partidos obviamente que tambi\u00e9n tiene su valor pol\u00edtico, pero en otra dimensi\u00f3n y lectura.<\/p>\n\n\n\n<p class=\"wp-block-paragraph\">En Colima se dio una marcha organizada, financiada y tutelada pol\u00edticamente por los partidos pol\u00edticos (PRI y PAN) y en su esencia m\u00e1s v\u00e1lido es el rechazo a las pol\u00edticas p\u00fablicas, o mejor dicho, a la ausencia de una pol\u00edtica p\u00fablica de seguridad local eficiente asumida por el Ejecutivo local. Y tambi\u00e9n, porque no decirlo, a las ausencia de funcionarios eficaces y eficientes en todas y cada una de las \u00e1reas del gobierno. Es un rechazo a la ausencia de un gobierno que asuma la responsabilidad de los asuntos p\u00fablicos. La marcha recoge el sentimiento de ausencia total de gobierno y reprueba las conductas p\u00fablicas evasivas, fr\u00edvolas e indolentes de Indi, la in\u00fatil.&nbsp;<\/p>\n\n\n\n<p class=\"wp-block-paragraph\">Todo Colima tiene bien claro que finanzas, seguridad, salud y educaci\u00f3n, principalmente, son un desastre; sin embargo, ya podemos decir que el primer a\u00f1o de este gobierno es el a\u00f1o de las selfis en el feis. Tan grande es el desastre de Indi que a estas alturas de su gesti\u00f3n no ha habido informe formal.<\/p>\n\n\n\n<p class=\"wp-block-paragraph\">Precisamente est\u00e1bamos en el asunto de su pr\u00f3ximo informe y los infantilismos de la gober en la Feria, cuando de pronto, apareci\u00f3 el nuevo desl\u00edz de la infanta gobernante. Se public\u00f3 en las redes sociales que, la g\u00f3ber Indi, pr\u00f3ximamente tendr\u00e1 una cuenta en Tik Tok y muy sonriente y muy quitada de la pena &#8211;en el promocional&#8211; saluda a sus s\u00fabditos, perd\u00f3n, a sus futuros fans.<\/p>\n\n\n\n<p class=\"wp-block-paragraph\">Este acto promocional no es aleatorio ni casual, sino todo lo contrario, el aviso del adelanto de lo que ser\u00e1 su pr\u00f3ximo a\u00f1o ya podemos denominar al segundo a\u00f1o de gobierno (esto es un mero formulismo) como el a\u00f1o del Tik Tok. Viene m\u00e1s gasto en imagen, m\u00e1s gasto en viajes, entre otras frivolidades que bosquejan un nuevo a\u00f1o de la indolencia.<\/p>\n\n\n\n<p class=\"wp-block-paragraph\">El primero fue el a\u00f1o de las selfis en el feis y el tuiter. La novedad es que su segundo a\u00f1o ser\u00e1 el a\u00f1o del Tik Tok.&nbsp;<\/p>\n\n\n\n<p class=\"wp-block-paragraph\">La oposici\u00f3n y el gobierno<\/p>\n\n\n\n<p class=\"wp-block-paragraph\">Independientemente del tipo de oposici\u00f3n, sus perfiles, su composici\u00f3n y su postura pol\u00edtica&nbsp; debe atenderse y darse una respuesta puntual por qu\u00e9 simple y sencillamente son ciudadanos y valemos igual todos. Atr\u00e1s deben quedan los tiempos de los vac\u00edos pol\u00edticos que ni ve\u00edan ni escuchaban a la oposici\u00f3n, el gobierno de Indira tiene la oportunidad de comportarse como un gobierno de izquierda que se dice ser. Si no lo hace, simple y llanamente, confirma lo que hemos venido observando a lo largo de su primer a\u00f1o y le dar\u00eda la raz\u00f3n a quienes pensamos que el viejo r\u00e9gimen nunca se fue sino que sigue despachando en Palacio con la \u00fanica diferencia que hay que reconocerle que enga\u00f1\u00f3 a todos lo que anhelaban una transformaci\u00f3n.<\/p>\n\n\n\n<p class=\"wp-block-paragraph\">No es dif\u00edcil presagiar que suceder\u00e1 en el segundo a\u00f1o de gobierno, no, para nada, un caso para Moni vidente no es, cualquier ciudadano de a pie podr\u00e1 pronosticar que la Indi gobernadora no enfrentar\u00e1 los problema pol\u00edtico porque ella est\u00e1n en asuntos m\u00e1s importantes como filmar sus videos para el Tik Tok.<\/p>\n\n\n\n<p class=\"wp-block-paragraph\">El Tik Tok de Indi viene fuerte, los asuntos de gobierno pueden esperar un a\u00f1o m\u00e1s. &nbsp;<\/p>\n\n\n\n<p class=\"wp-block-paragraph\">Le proponga a la in\u00fatil q\u00f3ber que haga un video y&nbsp; lo publique en Tik Tok, a la brevedad posible y antes que le vayan a ganar los de la oposici\u00f3n, donde diga: \u00bfqu\u00e9 creen? La autopista&nbsp; Guadalajara-Colima aument\u00f3 de 168 a 180 pesos lo que eleva el cost\u00f3 total del trayecto hasta 362 pesos. Esa es una nueva gesti\u00f3n de su coligobernadora. Muchas gracias y disfruten el aumento que yo gestion\u00e9. Viva el a\u00f1o Tik Tok. Suerte para todos.&nbsp;<\/p>\n<div class=\"fb-background-color\">\n\t\t\t  <div \n\t\t\t  \tclass = \"fb-comments\" \n\t\t\t  \tdata-href = \"https:\/\/diarioavanzada.com.mx\/?p=37960\"\n\t\t\t  \tdata-numposts = \"10\"\n\t\t\t  \tdata-lazy = \"true\"\n\t\t\t\tdata-colorscheme = \"light\"\n\t\t\t\tdata-order-by = \"social\"\n\t\t\t\tdata-mobile=true>\n\t\t\t  <\/div><\/div>\n\t\t  <style>\n\t\t    .fb-background-color {\n\t\t\t\tbackground:  !important;\n\t\t\t}\n\t\t\t.fb_iframe_widget_fluid_desktop iframe {\n\t\t\t    width: 100% !important;\n\t\t\t}\n\t\t  <\/style>\n\t\t  ","protected":false},"excerpt":{"rendered":"<p>Columna El puercoesp\u00edn&nbsp; Algunas conclusiones La marcha conservadora en Colima tiene la marca de la corrupci\u00f3n y la consigna de la restauraci\u00f3n del r\u00e9gimen corrupto del Prian.&nbsp; \u00bfEn verdad la marcha del domingo busca la restauraci\u00f3n del r\u00e9gimen priista? Mucha gente de Colima piensan y sienten que la marcha del 13 de noviembre busca la [&hellip;]<\/p>\n","protected":false},"author":9,"featured_media":37961,"comment_status":"closed","ping_status":"closed","sticky":false,"template":"","format":"standard","meta":{"_coblocks_attr":"","_coblocks_dimensions":"","_coblocks_responsive_height":"","_coblocks_accordion_ie_support":"","advanced_seo_description":"","jetpack_seo_html_title":"","jetpack_seo_noindex":false,"jetpack_seo_schema_type":"","_jetpack_newsletter_access":"","_jetpack_dont_email_post_to_subs":false,"_jetpack_newsletter_tier_id":0,"_jetpack_memberships_contains_paywalled_content":false,"_wpcom_ai_launchpad_first_post":false,"_jetpack_feature_clip_id":0,"_jetpack_memberships_contains_paid_content":false,"footnotes":"","jetpack_post_was_ever_published":false},"categories":[19,209,24],"tags":[220,210],"class_list":["post-37960","post","type-post","status-publish","format-standard","has-post-thumbnail","hentry","category-colima","category-importantes","category-opinion","tag-opinion","tag-portada"],"jetpack-related-posts":[],"jetpack_sharing_enabled":true,"amp_enabled":true,"jetpack_featured_media_url":"https:\/\/diarioavanzada.com.mx\/wp-content\/uploads\/2022\/11\/image-94.png","_links":{"self":[{"href":"https:\/\/diarioavanzada.com.mx\/index.php?rest_route=\/wp\/v2\/posts\/37960","targetHints":{"allow":["GET"]}}],"collection":[{"href":"https:\/\/diarioavanzada.com.mx\/index.php?rest_route=\/wp\/v2\/posts"}],"about":[{"href":"https:\/\/diarioavanzada.com.mx\/index.php?rest_route=\/wp\/v2\/types\/post"}],"author":[{"embeddable":true,"href":"https:\/\/diarioavanzada.com.mx\/index.php?rest_route=\/wp\/v2\/users\/9"}],"replies":[{"embeddable":true,"href":"https:\/\/diarioavanzada.com.mx\/index.php?rest_route=%2Fwp%2Fv2%2Fcomments&post=37960"}],"version-history":[{"count":1,"href":"https:\/\/diarioavanzada.com.mx\/index.php?rest_route=\/wp\/v2\/posts\/37960\/revisions"}],"predecessor-version":[{"id":37962,"href":"https:\/\/diarioavanzada.com.mx\/index.php?rest_route=\/wp\/v2\/posts\/37960\/revisions\/37962"}],"wp:featuredmedia":[{"embeddable":true,"href":"https:\/\/diarioavanzada.com.mx\/index.php?rest_route=\/wp\/v2\/media\/37961"}],"wp:attachment":[{"href":"https:\/\/diarioavanzada.com.mx\/index.php?rest_route=%2Fwp%2Fv2%2Fmedia&parent=37960"}],"wp:term":[{"taxonomy":"category","embeddable":true,"href":"https:\/\/diarioavanzada.com.mx\/index.php?rest_route=%2Fwp%2Fv2%2Fcategories&post=37960"},{"taxonomy":"post_tag","embeddable":true,"href":"https:\/\/diarioavanzada.com.mx\/index.php?rest_route=%2Fwp%2Fv2%2Ftags&post=37960"}],"curies":[{"name":"wp","href":"https:\/\/api.w.org\/{rel}","templated":true}]}}