{"id":37952,"date":"2022-11-14T07:57:55","date_gmt":"2022-11-14T13:57:55","guid":{"rendered":"https:\/\/diarioavanzada.com.mx\/?p=37952"},"modified":"2022-11-14T07:58:00","modified_gmt":"2022-11-14T13:58:00","slug":"el-sindrome-de-estocolmo-2","status":"publish","type":"post","link":"https:\/\/diarioavanzada.com.mx\/?p=37952","title":{"rendered":"El s\u00edndrome de Estocolmo"},"content":{"rendered":"\n<p class=\"wp-block-paragraph\">Columna<\/p>\n\n\n\n<p class=\"wp-block-paragraph\">El puercoesp\u00edn&nbsp;<\/p>\n\n\n\n<p class=\"wp-block-paragraph\">El 13 de noviembre Colima vio por primera, vez en muchos a\u00f1os, a un Fernando Moreno Pe\u00f1a liderar una manifestaci\u00f3n de oposici\u00f3n (integrada por panistas principalmente) a la que, en los tiempos que estuvo en poder, la despreci\u00f3, ningune\u00f3, insult\u00f3, humill\u00f3 y ofendi\u00f3.<\/p>\n\n\n\n<p class=\"wp-block-paragraph\">Desbordaban felicidad los panistas, liderados por Fernando, que euf\u00f3ricos coreaban las consignas a favor de la defensa del INE y, sobre todo, las consignas contra el presidente de M\u00e9xico.<\/p>\n\n\n\n<p class=\"wp-block-paragraph\">Se confirm\u00f3 plenamente que los panistas padecen el s\u00edndrome de Estocolmo. El s\u00edndrome de Estocolmo es un trastorno psicol\u00f3gico temporal que aparece en la persona que ha sido secuestrada y que consiste en mostrarse comprensivo y benevolente con la conducta de los secuestradores e identificarse progresivamente con sus ideas, ya sea durante el secuestro o tras ser liberada.<\/p>\n\n\n\n<p class=\"wp-block-paragraph\">Fernando Morena Pe\u00f1a es un dinosaurio que gracias a sus malos oficios, es decir, gracias a su intervenci\u00f3n y manipuleo de una elecci\u00f3n a la gubernatura, por hacer trampa y tratar de imponer por medio del fraude a su delf\u00edn (Gustavo V\u00e1zquez Montes) la elecci\u00f3n fue anulada y los colimenses, aparte de haber sufrido el insulto de este personaje, tambi\u00e9n tuvimos que pagar 30 millones de pesos m\u00e1s para que se repitiera la elecci\u00f3n en la que volvieron a imponer a su candidato sin ning\u00fan pudor.<\/p>\n\n\n\n<p class=\"wp-block-paragraph\">Como gobernador, aparte de manipular la elecci\u00f3n, tambi\u00e9n puso y quit\u00f3 consejeros electorales y magistrados en el Tribunal Electoral local, en pocas palabras, hizo y deshizo a su antojo lo que quiso con las instituciones. Cosa que no fue exclusiva de \u00e9l sino que era una pr\u00e1ctica secular de todos los gobernadores anteriores y posteriores a \u00e9l.<\/p>\n\n\n\n<p class=\"wp-block-paragraph\">Ayer marcharon a su lado sus v\u00edctimas que, enamoradas de \u00e9l, hacen de sus ideales causas propias, es decir, la lucha por preservar el fraude y la chapuza como m\u00e9todos para conservar el poder. Eso es lo que defienden el fraude y su permanencia a toda costa en el poder.<\/p>\n\n\n\n<p class=\"wp-block-paragraph\">&nbsp;A nivel nacional personajes como Francisco Garc\u00eda Cabeza de Vaca se defini\u00f3 como un f\u00e9rreo defensor del INE, asesino y miembro del crimen&nbsp; organizado que fue desaforado y es un pr\u00f3fugo de la justicia y que comparte con Fernando Moreno Pe\u00f1a los m\u00e9todos porfiristas de manejar la seguridad p\u00fablica que consiste en poner un criminal a cuidar a los dem\u00e1s criminales y, luego entonces, sus regiones son santuarios, lo que significa que los grupos criminales pactan con el jefe de la plaza (Gobernador&#8211;jefe de la polic\u00eda) y en esas zonas queda prohibido asesinar a grupos enemigos generando una falsa sensaci\u00f3n de seguridad y control del gobierno sobre los grupos criminales. As\u00ed pas\u00f3 en el Colima de Fernando Moreno y Sam L\u00f3pez y el Tamaulipas de Cabeza de Vaca.<\/p>\n\n\n\n<p class=\"wp-block-paragraph\">A nivel nacional tambi\u00e9n Roberto Madrazo, delincuente electoral, que lleg\u00f3 al gobierno de Tabasco mediante el fraude electoral estuvo encabezando la marcha.&nbsp;<\/p>\n\n\n\n<p class=\"wp-block-paragraph\">A nivel nacional tambi\u00e9n Margarita Zavala, a pesar de haber presentado miles de firmas falsas ante el INE, \u00e9ste le permiti\u00f3 registrar su candidatura a la Presidencia de la Rep\u00fablica, afortunadamente la sociedad la puso fuera de competencia.<\/p>\n\n\n\n<p class=\"wp-block-paragraph\">Santiago Creel otro autodenominado dem\u00f3crata que pretendi\u00f3, al igual que los regentes de la ciudad de M\u00e9xico entre 1968 y 1982, regular las marchas y manifestaciones p\u00fablicas para&nbsp; concentrarlas en espacios reducidos y donde nadie los viera, tambi\u00e9n defiende al INE. Vaya dem\u00f3crata.<\/p>\n\n\n\n<p class=\"wp-block-paragraph\">Elba Esther Gordillo la art\u00edfice del fraude patri\u00f3tico de 2006 desfil\u00f3 el domingo como si no supiera todo M\u00e9xico de sus triqui\u00f1uelas electorales. Ella impuso a Luis Carlos Ugalde en el INE y contribuyo al fraude patri\u00f3tico.&nbsp; Se le olvida que la desmemoriada es ella.<\/p>\n\n\n\n<p class=\"wp-block-paragraph\">Este INE que defienden desde que empez\u00f3 a cuestion\u00e1rsele por sus sistem\u00e1ticas y generalizadas formas de apoyar al Prian, es decir, desde que se convirti\u00f3 en un \u00e1rbitro vendido. Comenz\u00f3 por propagandizar su imagen como una entidad aut\u00f3noma indispensable de nuestra democracia germinal. Es decir, que todo lo bueno se lo debemos al INE cuando muchas de las cosas mejoraron a pesar del INE.&nbsp;<\/p>\n\n\n\n<p class=\"wp-block-paragraph\">Desde el 2003 cuando Germ\u00e1n Mart\u00ednez y Roberto Campa Cifri\u00e1n se dieron a la tarea de impulsar a Luis Carlos Ugalde el INE fue tomado por el PAN y desde entonces sistem\u00e1ticamente las elecciones nacionales y locales organizadas por el INE tuvieron problemas postelectorales producto de la desconfianza en el \u00e1rbitro. Las alternancias de los partidos a nivel local solo eran siempre sucias y conflictivas y, a nivel nacional, solo la alternancia estaba permitida entre el PRI y el PAN, el PRD, entonces fuerte, estaba fuera de la jugada y del reparto del poder.<\/p>\n\n\n\n<p class=\"wp-block-paragraph\">No olvidemos que las \u00faltimas haza\u00f1as del INE fue oponerse rotundamente a las consultas y a la revocaci\u00f3n de mandato, alegando problemas presupuestales. Imag\u00ednese usted lector el encargado de la democracia no ve\u00eda con buenos ojos que los ciudadanos fu\u00e9ramos consultados sobre asunto torales del pa\u00eds y que se desarrollara la democracia participativa.<\/p>\n\n\n\n<p class=\"wp-block-paragraph\">V\u00edctimas de su estupidez<\/p>\n\n\n\n<p class=\"wp-block-paragraph\">Tanto a nivel nacional como local la oposici\u00f3n ha sido v\u00edctima de su propia estupidez y sistem\u00e1ticamente&nbsp; ha renunciado a desarrollar la democracia.&nbsp;<\/p>\n\n\n\n<p class=\"wp-block-paragraph\">A nivel nacional la oposici\u00f3n al haberse negado a entrar de lleno en el ejercicio de la revocaci\u00f3n de mandato perdi\u00f3 la preciosa oportunidad de hacer sentir sus opiniones y perdi\u00f3 por abandono, de calle.<\/p>\n\n\n\n<p class=\"wp-block-paragraph\">En Colima la oposici\u00f3n liderada por Fernando Moreno tambi\u00e9n perdieron&nbsp; por abandono al no ir a las urnas, que por cierto los ciudadanos s\u00ed fueron, y luego, ante el desastroso gobierno de Indira comenzaron a pedir la revocaci\u00f3n de mandato, cuando antes lo hab\u00edan combatido. Una incongruencia del tama\u00f1o del Sol. La oposici\u00f3n en Colima, en general y espec\u00edficamente en este asunto, es incongruente e inconsecuente. Es incongruente porque defiende al INE alegando su utilidad para la democracia y cuando \u00e9ste se niega a la instrumentaci\u00f3n de las consultas y la revocaci\u00f3n de mandato. Pero cuando necesita de \u00e9stas \u00faltimas formulas democr\u00e1tica demanda su aplicaci\u00f3n, como sucede con la revocaci\u00f3n de mandato para destituir a Indira Vizca\u00edno, es terriblemente inconsecuente. En pocas palabras se hacen bolas y los ciudadanos nos convertimos en presas de sus enredos incongruentes e inconsecuentes.<\/p>\n\n\n\n<p class=\"wp-block-paragraph\">Por otra parte no dejemos de dejar de observar que no se trat\u00f3 de una movilizaci\u00f3n ciudadana, sino todo lo contrario, fue una manifestaci\u00f3n de partidos, tanto en Colima como a nivel nacional. Los recursos humanos y financieros los pusieron los partidos. Lo cual no es malo en s\u00ed mismo, lo reprochable es la mentira en la promoci\u00f3n del evento que tendr\u00e1 consecuencias para ellos, principalmente, por recurrir a la mentira. Pero, por otra parte, s\u00ed es importante y de tomarse en cuenta que la movilizaci\u00f3n, as\u00ed haya sido de acarreados y miembros de los partidos, es destacable el n\u00famero importante de manifestantes, pues el p\u00e9simo gobierno de Indira Vizca\u00edno s\u00ed tiene sus efectos y la manifestaci\u00f3n seguro ser\u00e1 bien vista por la gente colimense que est\u00e1 harta de la inseguridad y el gobierno fr\u00edvolo e inepto de Indi.<\/p>\n\n\n\n<p class=\"wp-block-paragraph\">Lo importante es que ciudadanos de buena o mala fe que acudieron a la marcha, muchos de ellos, sobre todos los panistas y los sin partido, definitivamente que sufren del s\u00edndrome de Estocolmo y eso s\u00ed es grave, muy grave.<\/p>\n\n\n\n<p class=\"wp-block-paragraph\">Por \u00faltimo&nbsp;<\/p>\n\n\n\n<p class=\"wp-block-paragraph\">El discurso de Jos\u00e9 Woldenberg fue un discurso de un partido nuevo, el partido INE, y es precisamente la estructura del discurso lo que evidencia el car\u00e1cter de la marcha, el tono, la estructura, y el planteamiento proviene de cualquier cosa que podr\u00eda llamarse Comit\u00e9 Ejecutivo Nacional, Presidencia, Comit\u00e9 Central o como le denominen al c\u00edrculo \u00edntimo de Claudio X. Gonz\u00e1lez y los partido PRI, PAN y todos los que financiaron la marcha.<\/p>\n\n\n\n<p class=\"wp-block-paragraph\">Si algo podr\u00eda haber salvado la marcha hubiera sido el posicionamiento pol\u00edtico central que se plante\u00f3, en los hechos, como el representantes de todos los presentes &#8211;una nueva contradicci\u00f3n, pues se supon\u00eda que eran ciudadanos convocados libremente&#8211;, cero corporaciones.&nbsp;<\/p>\n\n\n\n<p class=\"wp-block-paragraph\">El discurso bien pudo haber rematado con las palabras Partido Nacional Electoral-Prian. La derecha no atina a solventar nada bien. Que bueno.<\/p>\n\n\n\n<p class=\"wp-block-paragraph\">Y todav\u00eda falta la respuesta de Amlo. Ojal\u00e1 la respuesta de Amlo asuma los huecos de Morena en&nbsp; las regiones que dejan mucho que desear y radicalice sus posturas porque eso es lo que demanda la gente m\u00e1s beneficios para los pobres. Los gobiernos regionales con funcionarios y pol\u00edticas p\u00fablicas a favor del PRI, como Colima, deben de ser llamados a cuentas y ponerlos a trabajar o aplicar la revocaci\u00f3n de mandato. &nbsp;<\/p>\n\n\n\n<p class=\"wp-block-paragraph\">En conclusi\u00f3n, el INE se plant\u00f3 como un nuevo partido pol\u00edtico. Una raz\u00f3n primordial para reformarlo, para que regrese a su calidad de \u00e1rbitro electoral.&nbsp;<\/p>\n<div class=\"fb-background-color\">\n\t\t\t  <div \n\t\t\t  \tclass = \"fb-comments\" \n\t\t\t  \tdata-href = \"https:\/\/diarioavanzada.com.mx\/?p=37952\"\n\t\t\t  \tdata-numposts = \"10\"\n\t\t\t  \tdata-lazy = \"true\"\n\t\t\t\tdata-colorscheme = \"light\"\n\t\t\t\tdata-order-by = \"social\"\n\t\t\t\tdata-mobile=true>\n\t\t\t  <\/div><\/div>\n\t\t  <style>\n\t\t    .fb-background-color {\n\t\t\t\tbackground:  !important;\n\t\t\t}\n\t\t\t.fb_iframe_widget_fluid_desktop iframe {\n\t\t\t    width: 100% !important;\n\t\t\t}\n\t\t  <\/style>\n\t\t  ","protected":false},"excerpt":{"rendered":"<p>Columna El puercoesp\u00edn&nbsp; El 13 de noviembre Colima vio por primera, vez en muchos a\u00f1os, a un Fernando Moreno Pe\u00f1a liderar una manifestaci\u00f3n de oposici\u00f3n (integrada por panistas principalmente) a la que, en los tiempos que estuvo en poder, la despreci\u00f3, ningune\u00f3, insult\u00f3, humill\u00f3 y ofendi\u00f3. Desbordaban felicidad los panistas, liderados por Fernando, que euf\u00f3ricos [&hellip;]<\/p>\n","protected":false},"author":9,"featured_media":37951,"comment_status":"closed","ping_status":"closed","sticky":false,"template":"","format":"standard","meta":{"_coblocks_attr":"","_coblocks_dimensions":"","_coblocks_responsive_height":"","_coblocks_accordion_ie_support":"","advanced_seo_description":"","jetpack_seo_html_title":"","jetpack_seo_noindex":false,"jetpack_seo_schema_type":"","_jetpack_newsletter_access":"","_jetpack_dont_email_post_to_subs":false,"_jetpack_newsletter_tier_id":0,"_jetpack_memberships_contains_paywalled_content":false,"_wpcom_ai_launchpad_first_post":false,"_jetpack_feature_clip_id":0,"_jetpack_memberships_contains_paid_content":false,"footnotes":"","jetpack_post_was_ever_published":false},"categories":[19,209,24],"tags":[220,210],"class_list":["post-37952","post","type-post","status-publish","format-standard","has-post-thumbnail","hentry","category-colima","category-importantes","category-opinion","tag-opinion","tag-portada"],"jetpack-related-posts":[],"jetpack_sharing_enabled":true,"amp_enabled":true,"jetpack_featured_media_url":"https:\/\/diarioavanzada.com.mx\/wp-content\/uploads\/2022\/11\/image-92.png","_links":{"self":[{"href":"https:\/\/diarioavanzada.com.mx\/index.php?rest_route=\/wp\/v2\/posts\/37952","targetHints":{"allow":["GET"]}}],"collection":[{"href":"https:\/\/diarioavanzada.com.mx\/index.php?rest_route=\/wp\/v2\/posts"}],"about":[{"href":"https:\/\/diarioavanzada.com.mx\/index.php?rest_route=\/wp\/v2\/types\/post"}],"author":[{"embeddable":true,"href":"https:\/\/diarioavanzada.com.mx\/index.php?rest_route=\/wp\/v2\/users\/9"}],"replies":[{"embeddable":true,"href":"https:\/\/diarioavanzada.com.mx\/index.php?rest_route=%2Fwp%2Fv2%2Fcomments&post=37952"}],"version-history":[{"count":1,"href":"https:\/\/diarioavanzada.com.mx\/index.php?rest_route=\/wp\/v2\/posts\/37952\/revisions"}],"predecessor-version":[{"id":37953,"href":"https:\/\/diarioavanzada.com.mx\/index.php?rest_route=\/wp\/v2\/posts\/37952\/revisions\/37953"}],"wp:featuredmedia":[{"embeddable":true,"href":"https:\/\/diarioavanzada.com.mx\/index.php?rest_route=\/wp\/v2\/media\/37951"}],"wp:attachment":[{"href":"https:\/\/diarioavanzada.com.mx\/index.php?rest_route=%2Fwp%2Fv2%2Fmedia&parent=37952"}],"wp:term":[{"taxonomy":"category","embeddable":true,"href":"https:\/\/diarioavanzada.com.mx\/index.php?rest_route=%2Fwp%2Fv2%2Fcategories&post=37952"},{"taxonomy":"post_tag","embeddable":true,"href":"https:\/\/diarioavanzada.com.mx\/index.php?rest_route=%2Fwp%2Fv2%2Ftags&post=37952"}],"curies":[{"name":"wp","href":"https:\/\/api.w.org\/{rel}","templated":true}]}}